{"id":971,"date":"2025-10-29T23:52:24","date_gmt":"2025-10-29T22:52:24","guid":{"rendered":"https:\/\/www.laurensoff.com\/wordpress\/?p=971"},"modified":"2025-10-29T23:52:24","modified_gmt":"2025-10-29T22:52:24","slug":"un-portrait-ensorcelant-de-lun-des-modeles-preferes-de-modigliani-elvire-en-buste-de-1918-ont-rapporte-un-total-combine-de-897-millions-deuros-104-millions-de-dollars","status":"publish","type":"post","link":"https:\/\/www.laurensoff.com\/wordpress\/un-portrait-ensorcelant-de-lun-des-modeles-preferes-de-modigliani-elvire-en-buste-de-1918-ont-rapporte-un-total-combine-de-897-millions-deuros-104-millions-de-dollars\/","title":{"rendered":"Un portrait ensorcelant de l&rsquo;un des mod\u00e8les pr\u00e9f\u00e9r\u00e9s de Modigliani, \u00ab Elvire en buste \u00bb de 1918 ont rapport\u00e9 un total combin\u00e9 de 89,7 millions d&rsquo;euros \/ 104 millions de dollars"},"content":{"rendered":"<div class=\"xdj266r x14z9mp xat24cr x1lziwak x1vvkbs x126k92a\">Un portrait ensorcelant de l&rsquo;un des mod\u00e8les pr\u00e9f\u00e9r\u00e9s de Modigliani, \u00ab Elvire en buste \u00bb de 1918 a fait ses d\u00e9buts aux ench\u00e8res lors des ventes de Paris aujourd&rsquo;hui, pr\u00e9sent\u00e9 par @celine, et ce faisant, a \u00e9tabli un nouveau record fran\u00e7ais pour une peinture de l&rsquo;artiste.<\/div>\n<div class=\"x14z9mp xat24cr x1lziwak x1vvkbs xtlvy1s x126k92a\">Invisible depuis 50 ans, l&rsquo;\u0153uvre est d\u00e9tenue dans la m\u00eame collection priv\u00e9e depuis 1974.<\/div>\n<div class=\"x14z9mp xat24cr x1lziwak x1vvkbs xtlvy1s x126k92a\">Dans la toute premi\u00e8re apparition d&rsquo;un portrait d&rsquo;Elvire par Modigliani aux ench\u00e8res, la concurrenc\u00a07 soumissionnaires dans la salle de vente #Sothebys<\/div>\n<div class=\"x14z9mp xat24cr x1lziwak x1vvkbs xtlvy1s x126k92a\">Paris a port\u00e9 le prix final \u00e0 27 millions d&rsquo;euros \/ 31,3 millions de dollars contre une estimation de 5,5-7,5 millions d&rsquo;euros.<\/div>\n<div class=\"x14z9mp xat24cr x1lziwak x1vvkbs xtlvy1s x126k92a\">Les soldes de Paris aujourd&rsquo;hui ont rapport\u00e9 un total combin\u00e9 de 89,7 millions d&rsquo;euros \/ 104 millions de dollars, ce magnifique portrait devenant l&rsquo;\u0153uvre d&rsquo;art la plus pr\u00e9cieuse jamais vendue \u00e0 Sotheby&rsquo;s Paris.<\/p>\n<div class=\"x1i10hfl xjbqb8w x1ejq31n x18oe1m7 x1sy0etr xstzfhl x972fbf x10w94by x1qhh985 x14e42zd x9f619 x1ypdohk xt0psk2 x3ct3a4 xdj266r x14z9mp xat24cr x1lziwak xexx8yu xyri2b x18d9i69 x1c1uobl x16tdsg8 x1hl2dhg xggy1nq x1a2a7pz xkrqix3 x1sur9pj xzsf02u x1s688f\" tabindex=\"0\" role=\"button\"><\/div>\n<\/div>\n","protected":false},"excerpt":{"rendered":"<p>Un portrait ensorcelant de l&rsquo;un des mod\u00e8les pr\u00e9f\u00e9r\u00e9s de Modigliani, \u00ab Elvire en buste \u00bb&#8230;<\/p>\n","protected":false},"author":1,"featured_media":972,"comment_status":"open","ping_status":"closed","sticky":false,"template":"","format":"standard","meta":{"_bbp_topic_count":0,"_bbp_reply_count":0,"_bbp_total_topic_count":0,"_bbp_total_reply_count":0,"_bbp_voice_count":0,"_bbp_anonymous_reply_count":0,"_bbp_topic_count_hidden":0,"_bbp_reply_count_hidden":0,"_bbp_forum_subforum_count":0,"_crdt_document":"","_jetpack_memberships_contains_paid_content":false,"footnotes":"","jetpack_publicize_message":"","jetpack_publicize_feature_enabled":true,"jetpack_social_post_already_shared":true,"jetpack_social_options":{"image_generator_settings":{"template":"highway","default_image_id":0,"font":"","enabled":false},"version":2}},"categories":[15,498,497,496],"tags":[],"class_list":["post-971","post","type-post","status-publish","format-standard","has-post-thumbnail","hentry","category-arts","category-paris","category-peinture","category-records"],"jetpack_publicize_connections":[],"jetpack_featured_media_url":"https:\/\/www.laurensoff.com\/wordpress\/wp-content\/uploads\/2025\/10\/aaaaa-1.jpg","jetpack_sharing_enabled":true,"_links":{"self":[{"href":"https:\/\/www.laurensoff.com\/wordpress\/wp-json\/wp\/v2\/posts\/971","targetHints":{"allow":["GET"]}}],"collection":[{"href":"https:\/\/www.laurensoff.com\/wordpress\/wp-json\/wp\/v2\/posts"}],"about":[{"href":"https:\/\/www.laurensoff.com\/wordpress\/wp-json\/wp\/v2\/types\/post"}],"author":[{"embeddable":true,"href":"https:\/\/www.laurensoff.com\/wordpress\/wp-json\/wp\/v2\/users\/1"}],"replies":[{"embeddable":true,"href":"https:\/\/www.laurensoff.com\/wordpress\/wp-json\/wp\/v2\/comments?post=971"}],"version-history":[{"count":1,"href":"https:\/\/www.laurensoff.com\/wordpress\/wp-json\/wp\/v2\/posts\/971\/revisions"}],"predecessor-version":[{"id":973,"href":"https:\/\/www.laurensoff.com\/wordpress\/wp-json\/wp\/v2\/posts\/971\/revisions\/973"}],"wp:featuredmedia":[{"embeddable":true,"href":"https:\/\/www.laurensoff.com\/wordpress\/wp-json\/wp\/v2\/media\/972"}],"wp:attachment":[{"href":"https:\/\/www.laurensoff.com\/wordpress\/wp-json\/wp\/v2\/media?parent=971"}],"wp:term":[{"taxonomy":"category","embeddable":true,"href":"https:\/\/www.laurensoff.com\/wordpress\/wp-json\/wp\/v2\/categories?post=971"},{"taxonomy":"post_tag","embeddable":true,"href":"https:\/\/www.laurensoff.com\/wordpress\/wp-json\/wp\/v2\/tags?post=971"}],"curies":[{"name":"wp","href":"https:\/\/api.w.org\/{rel}","templated":true}]}}