{"id":947,"date":"2025-10-28T09:41:47","date_gmt":"2025-10-28T08:41:47","guid":{"rendered":"https:\/\/www.laurensoff.com\/wordpress\/?p=947"},"modified":"2025-10-28T09:43:03","modified_gmt":"2025-10-28T08:43:03","slug":"actu-au-nom-de-la-laicite-tous-les-francais-aimeraient-bien-voir-le-film-de-laurens-aussi-dans-toutes-les-salles-de-france","status":"publish","type":"post","link":"https:\/\/www.laurensoff.com\/wordpress\/actu-au-nom-de-la-laicite-tous-les-francais-aimeraient-bien-voir-le-film-de-laurens-aussi-dans-toutes-les-salles-de-france\/","title":{"rendered":"ACTU \/ AU NOM DE LA LA\u00cfCIT\u00c9 tous les Fran\u00e7ais aimeraient bien voir le film de LAURENS aussi dans toutes les salles de France."},"content":{"rendered":"<div class=\"html-div xdj266r x14z9mp xat24cr x1lziwak xexx8yu xyri2b x18d9i69 x1c1uobl\" dir=\"auto\">\n<div class=\"html-div xdj266r x14z9mp xat24cr x1lziwak xexx8yu xyri2b x18d9i69 x1c1uobl\" data-ad-rendering-role=\"story_message\">\n<div id=\"_r_p3_\" class=\"x1l90r2v x1iorvi4 x1g0dm76 xpdmqnj\" data-ad-comet-preview=\"message\" data-ad-preview=\"message\">\n<div class=\"x78zum5 xdt5ytf xz62fqu x16ldp7u\">\n<div class=\"xu06os2 x1ok221b\">\n<div class=\"html-div xdj266r x14z9mp xat24cr x1lziwak xexx8yu xyri2b x18d9i69 x1c1uobl\">\n<div class=\"xdj266r x14z9mp xat24cr x1lziwak x1vvkbs x126k92a\">\n<div dir=\"auto\">Il est r\u00e9alisateur n\u00e9 \u00e0 Marseille ayant fait sa scolarit\u00e9 \u00e0 Marseille ayant travaill\u00e9 \u00e0 Marseille de Parents Marseillais sa famille est Marseillaise et ses amis Marseillais aussi. Il aime aussi les Parisiens, les Lillois et m\u00eame les Bordelais les Bretons et les Normands.<\/div>\n<div dir=\"auto\"><img loading=\"lazy\" decoding=\"async\" class=\"alignnone size-large wp-image-502\" src=\"https:\/\/www.laurensoff.com\/wordpress\/wp-content\/uploads\/2025\/09\/Messenger_creation_B3A1E084-A80E-41E9-B93C-C26D8DF9627A-1024x682.jpeg\" alt=\"\" width=\"640\" height=\"426\" srcset=\"https:\/\/www.laurensoff.com\/wordpress\/wp-content\/uploads\/2025\/09\/Messenger_creation_B3A1E084-A80E-41E9-B93C-C26D8DF9627A-1024x682.jpeg 1024w, https:\/\/www.laurensoff.com\/wordpress\/wp-content\/uploads\/2025\/09\/Messenger_creation_B3A1E084-A80E-41E9-B93C-C26D8DF9627A-300x200.jpeg 300w, https:\/\/www.laurensoff.com\/wordpress\/wp-content\/uploads\/2025\/09\/Messenger_creation_B3A1E084-A80E-41E9-B93C-C26D8DF9627A-768x511.jpeg 768w, https:\/\/www.laurensoff.com\/wordpress\/wp-content\/uploads\/2025\/09\/Messenger_creation_B3A1E084-A80E-41E9-B93C-C26D8DF9627A-1536x1022.jpeg 1536w, https:\/\/www.laurensoff.com\/wordpress\/wp-content\/uploads\/2025\/09\/Messenger_creation_B3A1E084-A80E-41E9-B93C-C26D8DF9627A-600x399.jpeg 600w, https:\/\/www.laurensoff.com\/wordpress\/wp-content\/uploads\/2025\/09\/Messenger_creation_B3A1E084-A80E-41E9-B93C-C26D8DF9627A.jpeg 2048w\" sizes=\"auto, (max-width: 640px) 100vw, 640px\" \/><\/div>\n<\/div>\n<\/div>\n<\/div>\n<\/div>\n<\/div>\n<\/div>\n<\/div>\n","protected":false},"excerpt":{"rendered":"<p>Il est r\u00e9alisateur n\u00e9 \u00e0 Marseille ayant fait sa scolarit\u00e9 \u00e0 Marseille ayant travaill\u00e9 \u00e0&#8230;<\/p>\n","protected":false},"author":1,"featured_media":500,"comment_status":"open","ping_status":"closed","sticky":false,"template":"","format":"standard","meta":{"_bbp_topic_count":0,"_bbp_reply_count":0,"_bbp_total_topic_count":0,"_bbp_total_reply_count":0,"_bbp_voice_count":0,"_bbp_anonymous_reply_count":0,"_bbp_topic_count_hidden":0,"_bbp_reply_count_hidden":0,"_bbp_forum_subforum_count":0,"_crdt_document":"","_jetpack_memberships_contains_paid_content":false,"footnotes":"","jetpack_publicize_message":"","jetpack_publicize_feature_enabled":true,"jetpack_social_post_already_shared":true,"jetpack_social_options":{"image_generator_settings":{"template":"highway","default_image_id":0,"font":"","enabled":false},"version":2}},"categories":[5,3,40,23,4],"tags":[243,471,469,44,468,474,472,470,473],"class_list":["post-947","post","type-post","status-publish","format-standard","has-post-thumbnail","hentry","category-cinema","category-film","category-hommage","category-presse","category-sortie","tag-film","tag-laicite","tag-laurens","tag-notre-dame-de-la-garde","tag-peut-etre-un-jour","tag-religion","tag-sacre","tag-sortie","tag-vierge-de-la-garde"],"jetpack_publicize_connections":[],"jetpack_featured_media_url":"https:\/\/www.laurensoff.com\/wordpress\/wp-content\/uploads\/2025\/09\/IMG-20250907-WA00021.jpg","jetpack_sharing_enabled":true,"_links":{"self":[{"href":"https:\/\/www.laurensoff.com\/wordpress\/wp-json\/wp\/v2\/posts\/947","targetHints":{"allow":["GET"]}}],"collection":[{"href":"https:\/\/www.laurensoff.com\/wordpress\/wp-json\/wp\/v2\/posts"}],"about":[{"href":"https:\/\/www.laurensoff.com\/wordpress\/wp-json\/wp\/v2\/types\/post"}],"author":[{"embeddable":true,"href":"https:\/\/www.laurensoff.com\/wordpress\/wp-json\/wp\/v2\/users\/1"}],"replies":[{"embeddable":true,"href":"https:\/\/www.laurensoff.com\/wordpress\/wp-json\/wp\/v2\/comments?post=947"}],"version-history":[{"count":1,"href":"https:\/\/www.laurensoff.com\/wordpress\/wp-json\/wp\/v2\/posts\/947\/revisions"}],"predecessor-version":[{"id":948,"href":"https:\/\/www.laurensoff.com\/wordpress\/wp-json\/wp\/v2\/posts\/947\/revisions\/948"}],"wp:featuredmedia":[{"embeddable":true,"href":"https:\/\/www.laurensoff.com\/wordpress\/wp-json\/wp\/v2\/media\/500"}],"wp:attachment":[{"href":"https:\/\/www.laurensoff.com\/wordpress\/wp-json\/wp\/v2\/media?parent=947"}],"wp:term":[{"taxonomy":"category","embeddable":true,"href":"https:\/\/www.laurensoff.com\/wordpress\/wp-json\/wp\/v2\/categories?post=947"},{"taxonomy":"post_tag","embeddable":true,"href":"https:\/\/www.laurensoff.com\/wordpress\/wp-json\/wp\/v2\/tags?post=947"}],"curies":[{"name":"wp","href":"https:\/\/api.w.org\/{rel}","templated":true}]}}