{"id":868,"date":"2025-10-21T11:54:41","date_gmt":"2025-10-21T11:54:41","guid":{"rendered":"https:\/\/www.laurensoff.com\/wordpress\/?p=868"},"modified":"2025-10-21T11:54:41","modified_gmt":"2025-10-21T11:54:41","slug":"julie-pietri-rejoint-les-guerrieres-en-guepiere-concert-caritatif-contre-le-cancer-a-la-seyne-sur-mer","status":"publish","type":"post","link":"https:\/\/www.laurensoff.com\/wordpress\/julie-pietri-rejoint-les-guerrieres-en-guepiere-concert-caritatif-contre-le-cancer-a-la-seyne-sur-mer\/","title":{"rendered":"Julie Pietri rejoint les Guerri\u00e8res en Gu\u00eapi\u00e8re concert caritatif contre le cancer \u00e0 La Seyne-sur-mer"},"content":{"rendered":"<p>LA SEYNE SUR MER \/ CARITATIF \/ SOLIDARITE \/ SANTE \/<br \/>\nUn \u00e9v\u00e9nement important pour la lutte contre le cancer <span class=\"x1xsqp64 xiy17q3 x1o6pynw x19co3pv xdj266r xjn30re xat24cr x1hb08if x2b8uid\" data-testid=\"emoji\"><span class=\"xexx8yu xcaqkgz x18d9i69 xbwkkl7 x3jgonx x1bhl96m\">\ud83d\udca5<\/span><\/span><span class=\"x1xsqp64 xiy17q3 x1o6pynw x19co3pv xdj266r xjn30re xat24cr x1hb08if x2b8uid\" data-testid=\"emoji\"><span class=\"xexx8yu xcaqkgz x18d9i69 xbwkkl7 x3jgonx x1bhl96m\">\ud83d\udcaf<\/span><\/span><span class=\"x1xsqp64 xiy17q3 x1o6pynw x19co3pv xdj266r xjn30re xat24cr x1hb08if x2b8uid\" data-testid=\"emoji\"><span class=\"xexx8yu xcaqkgz x18d9i69 xbwkkl7 x3jgonx x1bhl96m\">\u2705<\/span><\/span><br \/>\nC&rsquo;est vendredi 24 octobre \u00e0 21h&#8230;<br \/>\n<span class=\"xv78j7m\" spellcheck=\"false\">Julie Pietri<\/span> qui a gentiment accept\u00e9 de rejoindre les Guerri\u00e8res en Gu\u00eapi\u00e8re, @Cherry Lyly Darling Effeuilleuse , <span class=\"xv78j7m\" spellcheck=\"false\">David Zolla<\/span> Musique.<br \/>\nLe mot de <span class=\"xv78j7m\" spellcheck=\"false\">Dominique Zolla-Martin<\/span>, pr\u00e9sidente et chor\u00e9graphe et initiatrice de ces \u00e9v\u00e9nements.<br \/>\nParce que la solidarit\u00e9 ne peut se faire que gr\u00e2ce \u00e0 des moments de partage. L&rsquo;ensemble de la recette sera revers\u00e9e pour aider le combat contre le cancer du sein #Tatooin<br \/>\nVenez rejoindre @Casino Joa La Seyne Amicalement Show pour ce nouveau spectacle.<br \/>\n<span class=\"xv78j7m\" spellcheck=\"false\">Tvsud Laurens<\/span> <span class=\"xv78j7m\" spellcheck=\"false\">@\u00e0 la une<\/span><br \/>\n<span class=\"xv78j7m\" spellcheck=\"false\">La Seyne-Sur-Mer<\/span> <span class=\"xv78j7m\" spellcheck=\"false\">Ville de Toulon<\/span> <span class=\"xv78j7m\" spellcheck=\"false\">D\u00e9partement du Var<\/span> @FCE Toulon M\u00e9diterran\u00e9e <span class=\"xv78j7m\" spellcheck=\"false\">R\u00e9gion Sud Provence-Alpes-C\u00f4te d&rsquo;Azur<\/span>. <span class=\"xv78j7m\" spellcheck=\"false\">Toulon Provence M\u00e9diterran\u00e9e<\/span> @Tendances et Cie L&rsquo;Agence <span class=\"xv78j7m\" spellcheck=\"false\">G\u00e9raldine Brocq<\/span> <span class=\"xv78j7m\" spellcheck=\"false\">M\u00e9lody Favier<\/span><br \/>\n<span class=\"xv78j7m\" spellcheck=\"false\">Var-Matin<\/span> Toulon <span class=\"xv78j7m\" spellcheck=\"false\">Kate Alvarez<\/span> <span class=\"xv78j7m\" spellcheck=\"false\">Martin Lacondemine<\/span><\/p>\n","protected":false},"excerpt":{"rendered":"<p>LA SEYNE SUR MER \/ CARITATIF \/ SOLIDARITE \/ SANTE \/ Un \u00e9v\u00e9nement important pour&#8230;<\/p>\n","protected":false},"author":1,"featured_media":869,"comment_status":"open","ping_status":"closed","sticky":false,"template":"","format":"standard","meta":{"_bbp_topic_count":0,"_bbp_reply_count":0,"_bbp_total_topic_count":0,"_bbp_total_reply_count":0,"_bbp_voice_count":0,"_bbp_anonymous_reply_count":0,"_bbp_topic_count_hidden":0,"_bbp_reply_count_hidden":0,"_bbp_forum_subforum_count":0,"_crdt_document":"","_jetpack_memberships_contains_paid_content":false,"footnotes":"","jetpack_publicize_message":"","jetpack_publicize_feature_enabled":true,"jetpack_social_post_already_shared":true,"jetpack_social_options":{"image_generator_settings":{"template":"highway","default_image_id":0,"font":"","enabled":false},"version":2}},"categories":[221,27,40,11,23],"tags":[380,381,383,379,378,382,384],"class_list":["post-868","post","type-post","status-publish","format-standard","has-post-thumbnail","hentry","category-cancer-du-sein","category-caritatif","category-hommage","category-musique","category-presse","tag-cancer","tag-caritatif","tag-casino-joa","tag-chanteuse","tag-julie-pietri","tag-la-seyne-sur-mer","tag-solidarite"],"jetpack_publicize_connections":[],"jetpack_featured_media_url":"https:\/\/www.laurensoff.com\/wordpress\/wp-content\/uploads\/2025\/10\/julie.jpeg.jpg","jetpack_sharing_enabled":true,"_links":{"self":[{"href":"https:\/\/www.laurensoff.com\/wordpress\/wp-json\/wp\/v2\/posts\/868","targetHints":{"allow":["GET"]}}],"collection":[{"href":"https:\/\/www.laurensoff.com\/wordpress\/wp-json\/wp\/v2\/posts"}],"about":[{"href":"https:\/\/www.laurensoff.com\/wordpress\/wp-json\/wp\/v2\/types\/post"}],"author":[{"embeddable":true,"href":"https:\/\/www.laurensoff.com\/wordpress\/wp-json\/wp\/v2\/users\/1"}],"replies":[{"embeddable":true,"href":"https:\/\/www.laurensoff.com\/wordpress\/wp-json\/wp\/v2\/comments?post=868"}],"version-history":[{"count":1,"href":"https:\/\/www.laurensoff.com\/wordpress\/wp-json\/wp\/v2\/posts\/868\/revisions"}],"predecessor-version":[{"id":870,"href":"https:\/\/www.laurensoff.com\/wordpress\/wp-json\/wp\/v2\/posts\/868\/revisions\/870"}],"wp:featuredmedia":[{"embeddable":true,"href":"https:\/\/www.laurensoff.com\/wordpress\/wp-json\/wp\/v2\/media\/869"}],"wp:attachment":[{"href":"https:\/\/www.laurensoff.com\/wordpress\/wp-json\/wp\/v2\/media?parent=868"}],"wp:term":[{"taxonomy":"category","embeddable":true,"href":"https:\/\/www.laurensoff.com\/wordpress\/wp-json\/wp\/v2\/categories?post=868"},{"taxonomy":"post_tag","embeddable":true,"href":"https:\/\/www.laurensoff.com\/wordpress\/wp-json\/wp\/v2\/tags?post=868"}],"curies":[{"name":"wp","href":"https:\/\/api.w.org\/{rel}","templated":true}]}}