{"id":858,"date":"2025-10-21T11:07:59","date_gmt":"2025-10-21T11:07:59","guid":{"rendered":"https:\/\/www.laurensoff.com\/wordpress\/?p=858"},"modified":"2025-10-21T11:10:12","modified_gmt":"2025-10-21T11:10:12","slug":"isabelle-nohain-raimu-petite-fille-de-raimu-a-rejoint-son-ami-alain-delon-isabelle-est-decedee-a-lage-de-77-ans","status":"publish","type":"post","link":"https:\/\/www.laurensoff.com\/wordpress\/isabelle-nohain-raimu-petite-fille-de-raimu-a-rejoint-son-ami-alain-delon-isabelle-est-decedee-a-lage-de-77-ans\/","title":{"rendered":"Isabelle Nohain-Raimu. Petite fille de Raimu a rejoint son ami Alain Delon Isabelle est d\u00e9c\u00e9d\u00e9e \u00e0 l&rsquo;\u00e2ge de 77 ans"},"content":{"rendered":"<div class=\"html-div xdj266r x14z9mp xat24cr x1lziwak xexx8yu xyri2b x18d9i69 x1c1uobl\" dir=\"auto\">\n<div class=\"html-div xdj266r x14z9mp xat24cr x1lziwak xexx8yu xyri2b x18d9i69 x1c1uobl\" data-ad-rendering-role=\"story_message\">\n<div id=\"_r_3d_\" class=\"x1l90r2v x1iorvi4 x1g0dm76 xpdmqnj\" data-ad-comet-preview=\"message\" data-ad-preview=\"message\">\n<div class=\"x78zum5 xdt5ytf xz62fqu x16ldp7u\">\n<div class=\"xu06os2 x1ok221b\">\n<div class=\"html-div xdj266r x14z9mp xat24cr x1lziwak xexx8yu xyri2b x18d9i69 x1c1uobl\">\n<div class=\"xdj266r x14z9mp xat24cr x1lziwak x1vvkbs x126k92a\">\n<div dir=\"auto\"><span class=\"html-span xexx8yu xyri2b x18d9i69 x1c1uobl x1hl2dhg x16tdsg8 x1vvkbs x3nfvp2 x1j61x8r x1fcty0u xdj266r xat24cr xm2jcoa x1mpyi22 xxymvpz xlup9mm x1kky2od\"><img loading=\"lazy\" decoding=\"async\" class=\"xz74otr x15mokao x1ga7v0g x16uus16 xbiv7yw\" src=\"https:\/\/static.xx.fbcdn.net\/images\/emoji.php\/v9\/t40\/1\/16\/1f62d.png\" alt=\"\ud83d\ude2d\" width=\"16\" height=\"16\" \/><\/span><span class=\"html-span xexx8yu xyri2b x18d9i69 x1c1uobl x1hl2dhg x16tdsg8 x1vvkbs x3nfvp2 x1j61x8r x1fcty0u xdj266r xat24cr xm2jcoa x1mpyi22 xxymvpz xlup9mm x1kky2od\"><img loading=\"lazy\" decoding=\"async\" class=\"xz74otr x15mokao x1ga7v0g x16uus16 xbiv7yw\" src=\"https:\/\/static.xx.fbcdn.net\/images\/emoji.php\/v9\/te\/1\/16\/1f622.png\" alt=\"\ud83d\ude22\" width=\"16\" height=\"16\" \/> \u00a0<\/span>ISABELLE,<\/div>\n<div dir=\"auto\">Je suis si triste de ton d\u00e9part \/ Isabelle Nohain-Raimu.<\/div>\n<div dir=\"auto\">Petite fille de Raimu mais aussi du c\u00e9l\u00e8bre Jean Nohain, elle participait volontiers \u00e0 toutes les soir\u00e9es \u00e0 l&rsquo;Eden et elle avait consacr\u00e9 un mus\u00e9e \u00e0 Marignane.<\/div>\n<div dir=\"auto\"><\/div>\n<div dir=\"auto\">Avec Isabelle en septembre 2023 au <span class=\"html-span xdj266r x14z9mp xat24cr x1lziwak xexx8yu xyri2b x18d9i69 x1c1uobl x1hl2dhg x16tdsg8 x1vvkbs\"><a class=\"x1i10hfl xjbqb8w x1ejq31n x18oe1m7 x1sy0etr xstzfhl x972fbf x10w94by x1qhh985 x14e42zd x9f619 x1ypdohk xt0psk2 x3ct3a4 xdj266r x14z9mp xat24cr x1lziwak xexx8yu xyri2b x18d9i69 x1c1uobl x16tdsg8 x1hl2dhg xggy1nq x1a2a7pz xkrqix3 x1sur9pj x1fey0fg x1s688f\" tabindex=\"0\" role=\"link\" href=\"https:\/\/www.facebook.com\/cinemaedentheatrelaciotat?__cft__[0]=AZXtkP8I6vWHMEucRpIdyHD6M8dNl4OA6LzNfn5qL70GSo69Pbzl-8abWsgzk5LuFHXPTy_XOVYBbrxn2JsFkJHm9cwo3lrnH5UO4__sMN8D4zo_HkZ_euupZVJXQ_qdHK3lHhuZh1SDpT6KOIIMmF1e&amp;__tn__=-]K-R\"><span class=\"xt0psk2\"><span class=\"xjp7ctv\">Cin\u00e9ma Eden-Th\u00e9\u00e2tre La Ciotat<\/span><\/span><\/a><\/span>.<\/div>\n<div dir=\"auto\"><img loading=\"lazy\" decoding=\"async\" class=\"alignnone size-medium wp-image-860\" src=\"https:\/\/www.laurensoff.com\/wordpress\/wp-content\/uploads\/2025\/10\/566343412_805397199149768_7514556250150494300_n-300x205.jpg\" alt=\"\" width=\"300\" height=\"205\" srcset=\"https:\/\/www.laurensoff.com\/wordpress\/wp-content\/uploads\/2025\/10\/566343412_805397199149768_7514556250150494300_n-300x205.jpg 300w, https:\/\/www.laurensoff.com\/wordpress\/wp-content\/uploads\/2025\/10\/566343412_805397199149768_7514556250150494300_n-768x524.jpg 768w, https:\/\/www.laurensoff.com\/wordpress\/wp-content\/uploads\/2025\/10\/566343412_805397199149768_7514556250150494300_n-600x410.jpg 600w, https:\/\/www.laurensoff.com\/wordpress\/wp-content\/uploads\/2025\/10\/566343412_805397199149768_7514556250150494300_n.jpg 791w\" sizes=\"auto, (max-width: 300px) 100vw, 300px\" \/><\/div>\n<div dir=\"auto\">REVOIR SON ITW ce jour de Septembre 2023<\/div>\n<div dir=\"auto\"><\/div>\n<\/div>\n<div dir=\"auto\"><iframe loading=\"lazy\" title=\"Isabelle Nohain RAIMU petite fille de l'acteur au cin\u00e9ma Eden Th\u00e9\u00e2tre La Ciotat\" src=\"https:\/\/www.youtube.com\/embed\/B8iVXuvfdDE\" width=\"1218\" height=\"685\" frameborder=\"0\" allowfullscreen=\"allowfullscreen\"><\/iframe><\/div>\n<div dir=\"auto\"><\/div>\n<\/div>\n<\/div>\n<\/div>\n<\/div>\n<\/div>\n<\/div>\n","protected":false},"excerpt":{"rendered":"<p>\u00a0ISABELLE, Je suis si triste de ton d\u00e9part \/ Isabelle Nohain-Raimu. Petite fille de Raimu&#8230;<\/p>\n","protected":false},"author":1,"featured_media":859,"comment_status":"open","ping_status":"closed","sticky":false,"template":"","format":"standard","meta":{"_bbp_topic_count":0,"_bbp_reply_count":0,"_bbp_total_topic_count":0,"_bbp_total_reply_count":0,"_bbp_voice_count":0,"_bbp_anonymous_reply_count":0,"_bbp_topic_count_hidden":0,"_bbp_reply_count_hidden":0,"_bbp_forum_subforum_count":0,"_crdt_document":"","_jetpack_memberships_contains_paid_content":false,"footnotes":"","jetpack_publicize_message":"","jetpack_publicize_feature_enabled":true,"jetpack_social_post_already_shared":true,"jetpack_social_options":{"image_generator_settings":{"template":"highway","default_image_id":0,"font":"","enabled":false},"version":2}},"categories":[5,377,40,151,167,376],"tags":[],"class_list":["post-858","post","type-post","status-publish","format-standard","has-post-thumbnail","hentry","category-cinema","category-disparition","category-hommage","category-marcel-pagnol","category-marignane","category-raimu"],"jetpack_publicize_connections":[],"jetpack_featured_media_url":"https:\/\/www.laurensoff.com\/wordpress\/wp-content\/uploads\/2025\/10\/G3uNq3xWcAAd4Wd.jpg","jetpack_sharing_enabled":true,"_links":{"self":[{"href":"https:\/\/www.laurensoff.com\/wordpress\/wp-json\/wp\/v2\/posts\/858","targetHints":{"allow":["GET"]}}],"collection":[{"href":"https:\/\/www.laurensoff.com\/wordpress\/wp-json\/wp\/v2\/posts"}],"about":[{"href":"https:\/\/www.laurensoff.com\/wordpress\/wp-json\/wp\/v2\/types\/post"}],"author":[{"embeddable":true,"href":"https:\/\/www.laurensoff.com\/wordpress\/wp-json\/wp\/v2\/users\/1"}],"replies":[{"embeddable":true,"href":"https:\/\/www.laurensoff.com\/wordpress\/wp-json\/wp\/v2\/comments?post=858"}],"version-history":[{"count":5,"href":"https:\/\/www.laurensoff.com\/wordpress\/wp-json\/wp\/v2\/posts\/858\/revisions"}],"predecessor-version":[{"id":865,"href":"https:\/\/www.laurensoff.com\/wordpress\/wp-json\/wp\/v2\/posts\/858\/revisions\/865"}],"wp:featuredmedia":[{"embeddable":true,"href":"https:\/\/www.laurensoff.com\/wordpress\/wp-json\/wp\/v2\/media\/859"}],"wp:attachment":[{"href":"https:\/\/www.laurensoff.com\/wordpress\/wp-json\/wp\/v2\/media?parent=858"}],"wp:term":[{"taxonomy":"category","embeddable":true,"href":"https:\/\/www.laurensoff.com\/wordpress\/wp-json\/wp\/v2\/categories?post=858"},{"taxonomy":"post_tag","embeddable":true,"href":"https:\/\/www.laurensoff.com\/wordpress\/wp-json\/wp\/v2\/tags?post=858"}],"curies":[{"name":"wp","href":"https:\/\/api.w.org\/{rel}","templated":true}]}}