{"id":843,"date":"2025-10-17T10:31:32","date_gmt":"2025-10-17T10:31:32","guid":{"rendered":"https:\/\/www.laurensoff.com\/wordpress\/?p=843"},"modified":"2025-10-17T10:31:32","modified_gmt":"2025-10-17T10:31:32","slug":"soutenez-tv-sud-cest-grace-a-vous-que-cette-chaine-existe-merci","status":"publish","type":"post","link":"https:\/\/www.laurensoff.com\/wordpress\/soutenez-tv-sud-cest-grace-a-vous-que-cette-chaine-existe-merci\/","title":{"rendered":"Soutenez TV SUD c&rsquo;est gr\u00e2ce \u00e0 vous que cette cha\u00eene existe merci !"},"content":{"rendered":"<div class=\"woocommerce-product-details__short-description\">\n<p><b>TV SUD By LAURENS<\/b> est votre m\u00e9dia local et culturel, qui met en lumi\u00e8re les talents, les \u00e9v\u00e9nements et le patrimoine de notre r\u00e9gion. Chaque reportage, chaque interview, est r\u00e9alis\u00e9 avec passion pour vous offrir un regard unique sur ce qui nous entoure.<\/p>\n<p>Pour continuer \u00e0 vous proposer des contenus de qualit\u00e9 et \u00e0 faire vivre ce projet, nous avons besoin de votre <a href=\"https:\/\/www.laurensoff.com\/wordpress\/boutique\/\">soutien<\/a>.<\/p>\n<p>En adh\u00e9rant pour seulement <a href=\"https:\/\/www.laurensoff.com\/wordpress\/boutique\/\"><b>12\u20ac 48\u20ac ou 96\u20ac par an<\/b><\/a> vous nous aidez \u00e0 :<\/p>\n<ul>\n<li>Financer la production de nouvelles \u00e9missions.<\/li>\n<li>Acqu\u00e9rir du mat\u00e9riel de tournage pour am\u00e9liorer la qualit\u00e9 de nos vid\u00e9os.<\/li>\n<li>Couvrir plus d\u2019\u00e9v\u00e9nements et d\u2019initiatives locales.<\/li>\n<li><a href=\"https:\/\/www.laurensoff.com\/wordpress\/boutique\/\"><img loading=\"lazy\" decoding=\"async\" class=\"alignnone  wp-image-424\" src=\"https:\/\/www.laurensoff.com\/wordpress\/wp-content\/uploads\/2025\/09\/96.jpg\" alt=\"\" width=\"205\" height=\"201\" \/><\/a><\/li>\n<\/ul>\n<p>Votre contribution, m\u00eame modeste, est essentielle. Elle nous permet de rester ind\u00e9pendants et de continuer \u00e0 promouvoir la richesse culturelle de notre territoire.<\/p>\n<p><a href=\"https:\/\/www.laurensoff.com\/wordpress\/boutique\/\"><b>Rejoignez-nous et devenez un acteur du m\u00e9dia de votre r\u00e9gion !<\/b><\/a><\/p>\n<p>C\u2019est simple, rapide et \u00e7a change tout.<\/p>\n<p><b>Pour adh\u00e9rer, et soutenir TV SUD mettez juste vos coordonn\u00e9es fa\u00eetes votre don de 12\u20ac et Hop ! vous \u00eates bienfaiteur ou bienfaitrice merci les amis. Votre nom appara\u00eetra dans toutes les vid\u00e9os de TV SUD.<\/b><\/p>\n<p>Merci pour votre soutien et votre fid\u00e9lit\u00e9 !<\/p>\n<\/div>\n","protected":false},"excerpt":{"rendered":"<p>TV SUD By LAURENS est votre m\u00e9dia local et culturel, qui met en lumi\u00e8re les&#8230;<\/p>\n","protected":false},"author":1,"featured_media":424,"comment_status":"open","ping_status":"closed","sticky":false,"template":"","format":"standard","meta":{"_bbp_topic_count":0,"_bbp_reply_count":0,"_bbp_total_topic_count":0,"_bbp_total_reply_count":0,"_bbp_voice_count":0,"_bbp_anonymous_reply_count":0,"_bbp_topic_count_hidden":0,"_bbp_reply_count_hidden":0,"_bbp_forum_subforum_count":0,"_crdt_document":"","_jetpack_memberships_contains_paid_content":false,"footnotes":"","jetpack_publicize_message":"","jetpack_publicize_feature_enabled":true,"jetpack_social_post_already_shared":true,"jetpack_social_options":{"image_generator_settings":{"template":"highway","default_image_id":0,"font":"","enabled":false},"version":2}},"categories":[45],"tags":[371,368,369,370,367,21],"class_list":["post-843","post","type-post","status-publish","format-standard","has-post-thumbnail","hentry","category-evenements","tag-adhesion","tag-aide","tag-asso","tag-association","tag-soutien","tag-tv-sud"],"jetpack_publicize_connections":[],"jetpack_featured_media_url":"https:\/\/www.laurensoff.com\/wordpress\/wp-content\/uploads\/2025\/09\/96-e1760697057814.jpg","jetpack_sharing_enabled":true,"_links":{"self":[{"href":"https:\/\/www.laurensoff.com\/wordpress\/wp-json\/wp\/v2\/posts\/843","targetHints":{"allow":["GET"]}}],"collection":[{"href":"https:\/\/www.laurensoff.com\/wordpress\/wp-json\/wp\/v2\/posts"}],"about":[{"href":"https:\/\/www.laurensoff.com\/wordpress\/wp-json\/wp\/v2\/types\/post"}],"author":[{"embeddable":true,"href":"https:\/\/www.laurensoff.com\/wordpress\/wp-json\/wp\/v2\/users\/1"}],"replies":[{"embeddable":true,"href":"https:\/\/www.laurensoff.com\/wordpress\/wp-json\/wp\/v2\/comments?post=843"}],"version-history":[{"count":1,"href":"https:\/\/www.laurensoff.com\/wordpress\/wp-json\/wp\/v2\/posts\/843\/revisions"}],"predecessor-version":[{"id":844,"href":"https:\/\/www.laurensoff.com\/wordpress\/wp-json\/wp\/v2\/posts\/843\/revisions\/844"}],"wp:featuredmedia":[{"embeddable":true,"href":"https:\/\/www.laurensoff.com\/wordpress\/wp-json\/wp\/v2\/media\/424"}],"wp:attachment":[{"href":"https:\/\/www.laurensoff.com\/wordpress\/wp-json\/wp\/v2\/media?parent=843"}],"wp:term":[{"taxonomy":"category","embeddable":true,"href":"https:\/\/www.laurensoff.com\/wordpress\/wp-json\/wp\/v2\/categories?post=843"},{"taxonomy":"post_tag","embeddable":true,"href":"https:\/\/www.laurensoff.com\/wordpress\/wp-json\/wp\/v2\/tags?post=843"}],"curies":[{"name":"wp","href":"https:\/\/api.w.org\/{rel}","templated":true}]}}