{"id":717,"date":"2025-10-13T14:55:15","date_gmt":"2025-10-13T14:55:15","guid":{"rendered":"https:\/\/www.laurensoff.com\/wordpress\/?p=717"},"modified":"2025-10-13T14:55:15","modified_gmt":"2025-10-13T14:55:15","slug":"concert-les-quatre-saisons-dantonio-vivaldi-a-saint-cyr-sur-mer-2-novembre-2025","status":"publish","type":"post","link":"https:\/\/www.laurensoff.com\/wordpress\/concert-les-quatre-saisons-dantonio-vivaldi-a-saint-cyr-sur-mer-2-novembre-2025\/","title":{"rendered":"CONCERT\u200b Les Quatre Saisons d&rsquo;Antonio Vivaldi \u00e0 Saint-Cyr-sur-mer 2 Novembre 2025"},"content":{"rendered":"<table role=\"presentation\" border=\"0\" width=\"100%\" cellspacing=\"0\" cellpadding=\"0\">\n<tbody>\n<tr>\n<td class=\"m_2810141099241537643r6-c\" align=\"left\">\n<table class=\"m_2810141099241537643r7-o\" role=\"presentation\" border=\"0\" width=\"100%\" cellspacing=\"0\" cellpadding=\"0\">\n<tbody>\n<tr>\n<td class=\"m_2810141099241537643r8-i m_2810141099241537643nl2go-default-textstyle\" align=\"center\" valign=\"top\">\n<div>\n<p>Ainsi que le concerto pour hautbois RV 447, et\u00a0 le concerto pour 2 violons RV 523.<\/p>\n<p><strong>Les Quatre Saisons<\/strong> sont un ensemble de <strong>quatre concertos pour violon<\/strong> \u00e9crits par le compositeur italien <strong>Antonio Vivaldi<\/strong> vers 1720. Chaque concerto repr\u00e9sente une saison de l&rsquo;ann\u00e9e : <strong>le Printemps, l&rsquo;\u00c9t\u00e9, l&rsquo;Automne et l&rsquo;Hiver<br \/>\n<\/strong>L&rsquo;Ensemble Giocoso est un orchestre symphonique, cr\u00e9\u00e9 en 2011 par les professeurs de musique des conservatoires et \u00e9coles de musique de la r\u00e9gion PACA.<\/p>\n<p>Il est bas\u00e9 en plein c\u0153ur de la Provence, \u00e0 Rousset, au pied de la montagne \u00ab\u00a0Sainte Victoire\u00a0\u00bb.<\/p>\n<p>\u200bL&rsquo;Ensemble GIOCOSO collabore avec de nombreux ch\u0153urs bas\u00e9s dans les Bouches du Rh\u00f4ne et le Var notamment ainsi qu&rsquo;\u00e0 de nombreux festivals dont les Nuits Pianistiques d&rsquo;Aix en Provence.<\/p>\n<\/div>\n<\/td>\n<\/tr>\n<\/tbody>\n<\/table>\n<\/td>\n<\/tr>\n<tr>\n<td class=\"m_2810141099241537643r6-c\" align=\"left\">\n<table class=\"m_2810141099241537643r7-o\" role=\"presentation\" border=\"0\" width=\"100%\" cellspacing=\"0\" cellpadding=\"0\">\n<tbody>\n<tr>\n<td class=\"m_2810141099241537643r8-i m_2810141099241537643nl2go-default-textstyle\" align=\"center\" valign=\"top\">\n<div>\n<p><strong>Sur r\u00e9servation uniquement : <\/strong><strong>Sur place, \u00e0 l&rsquo;accueil de l&rsquo;office du Tourisme \u00a0<\/strong><\/p>\n<p><strong>ou<\/strong><\/p>\n<p><strong>\u00a0En ligne sur le site de l&rsquo;office du Tourisme.<\/strong><\/p>\n<p><strong>Lien de la billetterie :<\/strong><\/p>\n<p><a href=\"https:\/\/8d6yr.r.sp1-brevo.net\/mk\/cl\/f\/sh\/1t6Af4OiGsDg0hCVhMVGHd84ZciirE\/ofV9e_qDLpX3\" target=\"_blank\" rel=\"noopener\" data-saferedirecturl=\"https:\/\/www.google.com\/url?q=https:\/\/8d6yr.r.sp1-brevo.net\/mk\/cl\/f\/sh\/1t6Af4OiGsDg0hCVhMVGHd84ZciirE\/ofV9e_qDLpX3&amp;source=gmail&amp;ust=1760451398994000&amp;usg=AOvVaw2l_WHigpMQqV5eqbN-eYOO\">https:\/\/reservation.<wbr \/>saintcyrsurmer.com\/spectacles\/<wbr \/>concert\/concert-vivaldi-4-<wbr \/>saisons<\/a><\/p>\n<p>&nbsp;<\/p>\n<\/div>\n<\/td>\n<\/tr>\n<\/tbody>\n<\/table>\n<\/td>\n<\/tr>\n<tr>\n<td class=\"m_2810141099241537643r9-c\" align=\"center\">\n<table class=\"m_2810141099241537643r2-o\" role=\"presentation\" border=\"0\" width=\"480\" cellspacing=\"0\" cellpadding=\"0\">\n<tbody>\n<tr>\n<td class=\"m_2810141099241537643r10-i\"><img decoding=\"async\" class=\"CToWUd a6T\" tabindex=\"0\" src=\"https:\/\/ci3.googleusercontent.com\/meips\/ADKq_NbJWbLdTI_cBgDyry_1KHHg1OFcunKI5SIJcb74Ue977KxBTqydTDrqXL1TtI52TIBgw_XrLfISJsw2_PmW4j7SKwtFiSpSukIfklw25kZkRcgkBZ9WW0_PRm-MOnLJkrbc1QZelZR10PQNfnvqEA=s0-d-e1-ft#https:\/\/8d6yr.img.sp1-brevo.net\/im\/sh\/yPPgCwWlKFHn.jpg?u=WtVElij8PJZGcPbTaPrPxoddxzX5PN6y\" width=\"480\" border=\"0\" data-bit=\"iit\" \/><\/td>\n<\/tr>\n<\/tbody>\n<\/table>\n<\/td>\n<\/tr>\n<\/tbody>\n<\/table>\n","protected":false},"excerpt":{"rendered":"<p>Ainsi que le concerto pour hautbois RV 447, et\u00a0 le concerto pour 2 violons RV&#8230;<\/p>\n","protected":false},"author":1,"featured_media":718,"comment_status":"open","ping_status":"closed","sticky":false,"template":"","format":"standard","meta":{"_bbp_topic_count":0,"_bbp_reply_count":0,"_bbp_total_topic_count":0,"_bbp_total_reply_count":0,"_bbp_voice_count":0,"_bbp_anonymous_reply_count":0,"_bbp_topic_count_hidden":0,"_bbp_reply_count_hidden":0,"_bbp_forum_subforum_count":0,"_crdt_document":"","_jetpack_memberships_contains_paid_content":false,"footnotes":"","jetpack_publicize_message":"","jetpack_publicize_feature_enabled":true,"jetpack_social_post_already_shared":true,"jetpack_social_options":{"image_generator_settings":{"template":"highway","default_image_id":0,"font":"","enabled":false},"version":2}},"categories":[228,45,11,257],"tags":[],"class_list":["post-717","post","type-post","status-publish","format-standard","has-post-thumbnail","hentry","category-concert","category-evenements","category-musique","category-saint-cyr-sur-mer"],"jetpack_publicize_connections":[],"jetpack_featured_media_url":"https:\/\/www.laurensoff.com\/wordpress\/wp-content\/uploads\/2025\/10\/hlj-e1760367076380.jpg","jetpack_sharing_enabled":true,"_links":{"self":[{"href":"https:\/\/www.laurensoff.com\/wordpress\/wp-json\/wp\/v2\/posts\/717","targetHints":{"allow":["GET"]}}],"collection":[{"href":"https:\/\/www.laurensoff.com\/wordpress\/wp-json\/wp\/v2\/posts"}],"about":[{"href":"https:\/\/www.laurensoff.com\/wordpress\/wp-json\/wp\/v2\/types\/post"}],"author":[{"embeddable":true,"href":"https:\/\/www.laurensoff.com\/wordpress\/wp-json\/wp\/v2\/users\/1"}],"replies":[{"embeddable":true,"href":"https:\/\/www.laurensoff.com\/wordpress\/wp-json\/wp\/v2\/comments?post=717"}],"version-history":[{"count":1,"href":"https:\/\/www.laurensoff.com\/wordpress\/wp-json\/wp\/v2\/posts\/717\/revisions"}],"predecessor-version":[{"id":719,"href":"https:\/\/www.laurensoff.com\/wordpress\/wp-json\/wp\/v2\/posts\/717\/revisions\/719"}],"wp:featuredmedia":[{"embeddable":true,"href":"https:\/\/www.laurensoff.com\/wordpress\/wp-json\/wp\/v2\/media\/718"}],"wp:attachment":[{"href":"https:\/\/www.laurensoff.com\/wordpress\/wp-json\/wp\/v2\/media?parent=717"}],"wp:term":[{"taxonomy":"category","embeddable":true,"href":"https:\/\/www.laurensoff.com\/wordpress\/wp-json\/wp\/v2\/categories?post=717"},{"taxonomy":"post_tag","embeddable":true,"href":"https:\/\/www.laurensoff.com\/wordpress\/wp-json\/wp\/v2\/tags?post=717"}],"curies":[{"name":"wp","href":"https:\/\/api.w.org\/{rel}","templated":true}]}}