{"id":677,"date":"2025-10-13T02:50:55","date_gmt":"2025-10-13T02:50:55","guid":{"rendered":"https:\/\/www.laurensoff.com\/wordpress\/?p=677"},"modified":"2025-10-13T02:50:55","modified_gmt":"2025-10-13T02:50:55","slug":"gouvernement-lecornu-ii-nunez-dati-farandou-decouvrez-la-liste-complete-des-ministres","status":"publish","type":"post","link":"https:\/\/www.laurensoff.com\/wordpress\/gouvernement-lecornu-ii-nunez-dati-farandou-decouvrez-la-liste-complete-des-ministres\/","title":{"rendered":"Gouvernement Lecornu II : Nu\u00f1ez, Dati, Farandou&#8230; d\u00e9couvrez la liste compl\u00e8te des ministres"},"content":{"rendered":"<div class=\"basis-full\">\n<div class=\"w-[95%]\">\n<div class=\"my-[16px]\"><\/div>\n<div><\/div>\n<\/div>\n<\/div>\n<div id=\"ob-article-body\" class=\"relative qiota_reserve\">\n<div class=\"body-text\">\n<div class=\"basis-full\">\n<div class=\"w-[95%]\">\n<div>\n<div id=\"ob-article-body\" class=\"relative qiota_reserve\">\n<div class=\"body-text\">\n<h2 class=\"rev-heading-xl-extrabold rev-reset-css rev-layout-align-left font-slab\">Des arriv\u00e9es, des retours et des d\u00e9parts, voici les noms du nouveau gouvernement Lecornu qui va avoir pour t\u00e2che de faire adopter le budget de la France pour 2026. Si la censure des d\u00e9put\u00e9s ne le fait pas tomber avant.<\/h2>\n<div id=\"ob-article-body\" class=\"relative qiota_reserve\">\n<div class=\"body-text\"><\/div>\n<div class=\"AndAlso_and-also__601X4\"><\/div>\n<div class=\"body-text\">\n<p><strong>Laurent Nu\u00f1ez<\/strong> ministre de l&rsquo;Int\u00e9rieur<\/p>\n<p><strong>Catherine Vautrin<\/strong> ministre des Arm\u00e9es<\/p>\n<p><strong>G\u00e9rald Darmanin<\/strong> ministre de la Justice<\/p>\n<p><strong>Aurore Berg\u00e9<\/strong> ministre d\u00e9l\u00e9gu\u00e9e charg\u00e9e de l&rsquo;\u00c9galit\u00e9 entre les femmes et les hommes et de la Lutte contre les discriminations<\/p>\n<p><strong>St\u00e9phanie Rist<\/strong> ministre de la Sant\u00e9, des Familles, de l&rsquo;Autonomie et des Personnes handicap\u00e9es<\/p>\n<p><strong>Marina Ferrari<\/strong> ministre des Sports, de la Jeunesse et de la Vie associative<\/p>\n<\/div>\n<div class=\"AndAlso_and-also__601X4\"><\/div>\n<div class=\"body-text\">\n<p><strong>\u00c9douard Geffray <\/strong>ministre de l&rsquo;\u00c9ducation nationale<\/p>\n<p><strong>Philippe Baptiste<\/strong> ministre charg\u00e9 de l&rsquo;Enseignement sup\u00e9rieur et de la Recherche<\/p>\n<p><strong>Am\u00e9lie de Montchalin<\/strong> ministre charg\u00e9e des Comptes publics<\/p>\n<p>ministre charg\u00e9e de la Citoyennet\u00e9<\/p>\n<p><strong>Annie Genevard <\/strong>ministre de l&rsquo;Agriculture<\/p>\n<p><strong>David Amiel<\/strong> ministre de la R\u00e9forme de l&rsquo;\u00c9tat<\/p>\n<\/div>\n<div class=\"AndAlso_and-also__601X4\"><\/div>\n<div class=\"body-text\">\n<p><strong>Jean-No\u00ebl Barrot <\/strong>ministre des Affaires \u00e9trang\u00e8res<\/p>\n<p><strong>Rachida Dati <\/strong>ministre de la Culture<\/p>\n<p><strong>Vincent Jeanbrun<\/strong> ministre de la Ville<\/p>\n<p><strong>Philippe Tabarot <\/strong>aux Transports<\/p>\n<p><strong>Roland Lescure <\/strong>ministre de l&rsquo;\u00c9conomie, des Finances et de la Souverainet\u00e9 industrielle et \u00e9nerg\u00e9tique<\/p>\n<p><strong>Serge Papin <\/strong>ministre aux Petites et moyennes entreprises<\/p>\n<\/div>\n<div class=\"AndAlso_and-also__601X4\"><strong>Jean-Pierre Farandou<\/strong> ministre du Travail et des solidarit\u00e9s<\/div>\n<div class=\"body-text\">\n<p><strong>Monique Barbut<\/strong> ministre de la Transition \u00e9cologique et \u00e0 la biodiversit\u00e9<\/p>\n<p><strong>Na\u00efma Moutchou<\/strong> ministre des Outre-mer<\/p>\n<p><strong>Catherine Chabaud<\/strong> ministre de la Mer<\/p>\n<p><strong>Maud Bregeon<\/strong> nomm\u00e9e Porte-parole du gouvernement<\/p>\n<p><strong>Fran\u00e7oise Gatel<\/strong> ministre de l&rsquo;Am\u00e9nagement du territoire et de la D\u00e9centralisation<\/p>\n<p><strong>Laurent Panifous<\/strong> ministre des Relations avec le Parlement<\/p>\n<p><strong>Mathieu Lefevre <\/strong>ministre charg\u00e9 de la Transition \u00e9cologique<\/p>\n<p><strong>Marie-Pierre Vedrenne<\/strong> aupr\u00e8s du ministre de l&rsquo;Int\u00e9rieur<\/p>\n<p><strong>Benjamin Haddad<\/strong> ministre charg\u00e9e de l&rsquo;Europe<\/p>\n<p><strong>Nicolas Forissier <\/strong>charg\u00e9 du Commerce ext\u00e9rieur et de l&rsquo;Attractivit\u00e9<\/p>\n<p><strong>S\u00e9bastien Martin<\/strong> charg\u00e9 de l&rsquo;Industrie<\/p>\n<p><strong>Anne Le Henaff <\/strong>charg\u00e9e de l&rsquo;Intelligence artificielle et du Num\u00e9rique<\/p>\n<p><strong>\u00c9l\u00e9onore Caroit<\/strong> charg\u00e9e de la Francophonie<\/p>\n<p><strong>Charlotte Parmentier-Lecocq<\/strong> charg\u00e9e de l&rsquo;Autonomie et des Personnes handicap\u00e9es<\/p>\n<p><strong>Alice Rufo<\/strong> aupr\u00e8s des Anciens combattants<\/p>\n<p><strong>Michel Fournier <\/strong>charg\u00e9 de la Ruralit\u00e9<\/p>\n<\/div>\n<\/div>\n<\/div>\n<\/div>\n<div class=\"my-[32px] flex flex-col\"><\/div>\n<div class=\"rev-display-abo-free-content__subscription-details\">\n<p class=\"rev-margin-0 rev-text-2xs-normal rev-color-neutral-main\">\n<\/div>\n<\/div>\n<\/div>\n<\/div>\n<div class=\"basis-full rounded-[6px]\">\n<div class=\"relative my-[10px]\">\n<div class=\"sticky flex gap-[8px] items-center top-[160px]\"><\/div>\n<\/div>\n<\/div>\n<div class=\"flex flex-wrap gap-y-[16px]\">\n<div class=\"basis-full rounded-[6px]\">\n<div class=\"relative my-[10px]\">\n<div><\/div>\n<\/div>\n<\/div>\n<\/div>\n<div class=\"my-4 justify-between  flex\">\n<div class=\"w-[65%]\">\n<div class=\"mt-[10px] mb-[24px]\">\n<p class=\"rev-margin-0 rev-text-xs-bold\">\n<\/div>\n<div class=\"flex gap-4\">\n<div class=\"inline-flex mt-6 mb-6\"><\/div>\n<\/div>\n<\/div>\n<\/div>\n<\/div>\n<\/div>\n<div class=\"rev-display-abo-free-content__subscription-details\">\n<p class=\"rev-margin-0 rev-text-2xs-normal rev-color-neutral-main\">\n<\/div>\n","protected":false},"excerpt":{"rendered":"<p>Des arriv\u00e9es, des retours et des d\u00e9parts, voici les noms du nouveau gouvernement Lecornu qui&#8230;<\/p>\n","protected":false},"author":1,"featured_media":678,"comment_status":"open","ping_status":"closed","sticky":false,"template":"","format":"standard","meta":{"_bbp_topic_count":0,"_bbp_reply_count":0,"_bbp_total_topic_count":0,"_bbp_total_reply_count":0,"_bbp_voice_count":0,"_bbp_anonymous_reply_count":0,"_bbp_topic_count_hidden":0,"_bbp_reply_count_hidden":0,"_bbp_forum_subforum_count":0,"_crdt_document":"","_jetpack_memberships_contains_paid_content":false,"footnotes":"","jetpack_publicize_message":"","jetpack_publicize_feature_enabled":true,"jetpack_social_post_already_shared":true,"jetpack_social_options":{"image_generator_settings":{"template":"highway","default_image_id":0,"font":"","enabled":false},"version":2}},"categories":[45],"tags":[],"class_list":["post-677","post","type-post","status-publish","format-standard","has-post-thumbnail","hentry","category-evenements"],"jetpack_publicize_connections":[],"jetpack_featured_media_url":"https:\/\/www.laurensoff.com\/wordpress\/wp-content\/uploads\/2025\/10\/Sebastien-Lecornu-le-27-aout-2025-2134946.webp","jetpack_sharing_enabled":true,"_links":{"self":[{"href":"https:\/\/www.laurensoff.com\/wordpress\/wp-json\/wp\/v2\/posts\/677","targetHints":{"allow":["GET"]}}],"collection":[{"href":"https:\/\/www.laurensoff.com\/wordpress\/wp-json\/wp\/v2\/posts"}],"about":[{"href":"https:\/\/www.laurensoff.com\/wordpress\/wp-json\/wp\/v2\/types\/post"}],"author":[{"embeddable":true,"href":"https:\/\/www.laurensoff.com\/wordpress\/wp-json\/wp\/v2\/users\/1"}],"replies":[{"embeddable":true,"href":"https:\/\/www.laurensoff.com\/wordpress\/wp-json\/wp\/v2\/comments?post=677"}],"version-history":[{"count":1,"href":"https:\/\/www.laurensoff.com\/wordpress\/wp-json\/wp\/v2\/posts\/677\/revisions"}],"predecessor-version":[{"id":679,"href":"https:\/\/www.laurensoff.com\/wordpress\/wp-json\/wp\/v2\/posts\/677\/revisions\/679"}],"wp:featuredmedia":[{"embeddable":true,"href":"https:\/\/www.laurensoff.com\/wordpress\/wp-json\/wp\/v2\/media\/678"}],"wp:attachment":[{"href":"https:\/\/www.laurensoff.com\/wordpress\/wp-json\/wp\/v2\/media?parent=677"}],"wp:term":[{"taxonomy":"category","embeddable":true,"href":"https:\/\/www.laurensoff.com\/wordpress\/wp-json\/wp\/v2\/categories?post=677"},{"taxonomy":"post_tag","embeddable":true,"href":"https:\/\/www.laurensoff.com\/wordpress\/wp-json\/wp\/v2\/tags?post=677"}],"curies":[{"name":"wp","href":"https:\/\/api.w.org\/{rel}","templated":true}]}}