{"id":674,"date":"2025-10-12T18:27:14","date_gmt":"2025-10-12T18:27:14","guid":{"rendered":"https:\/\/www.laurensoff.com\/wordpress\/?p=674"},"modified":"2025-10-12T18:37:30","modified_gmt":"2025-10-12T18:37:30","slug":"tv-sud-concert-julien-dassin-a-sanary-sur-mer-au-theatre-galli-samuel-ducros-production","status":"publish","type":"post","link":"https:\/\/www.laurensoff.com\/wordpress\/tv-sud-concert-julien-dassin-a-sanary-sur-mer-au-theatre-galli-samuel-ducros-production\/","title":{"rendered":"TV SUD \/ Concert \/ Julien Dassin \u00e0 Sanary-sur-Mer au Th\u00e9\u00e2tre Galli \/ Samuel Ducros Production"},"content":{"rendered":"<p>TV SUD \/ Concert \/ Julien Dassin \u00e0 Sanary-sur-Mer au Th\u00e9\u00e2tre Galli \/ Samuel Ducros Production<br \/>\n<iframe loading=\"lazy\" title=\"TV SUD \/ Concert \/ Julien Dassin \u00e0 Sanary-sur-Mer au Th\u00e9\u00e2tre Galli \/ Samuel Ducros Production\" src=\"https:\/\/www.youtube.com\/embed\/njwMaew5blw\" width=\"424\" height=\"238\" frameborder=\"0\" allowfullscreen=\"allowfullscreen\"><\/iframe><\/p>\n<p><img loading=\"lazy\" decoding=\"async\" class=\"alignnone wp-image-647\" src=\"https:\/\/www.laurensoff.com\/wordpress\/wp-content\/uploads\/2025\/10\/557639589_1385372836922624_8292821798230141006_n-212x300.jpg\" alt=\"\" width=\"426\" height=\"603\" srcset=\"https:\/\/www.laurensoff.com\/wordpress\/wp-content\/uploads\/2025\/10\/557639589_1385372836922624_8292821798230141006_n-212x300.jpg 212w, https:\/\/www.laurensoff.com\/wordpress\/wp-content\/uploads\/2025\/10\/557639589_1385372836922624_8292821798230141006_n-724x1024.jpg 724w, https:\/\/www.laurensoff.com\/wordpress\/wp-content\/uploads\/2025\/10\/557639589_1385372836922624_8292821798230141006_n-768x1086.jpg 768w, https:\/\/www.laurensoff.com\/wordpress\/wp-content\/uploads\/2025\/10\/557639589_1385372836922624_8292821798230141006_n-1086x1536.jpg 1086w, https:\/\/www.laurensoff.com\/wordpress\/wp-content\/uploads\/2025\/10\/557639589_1385372836922624_8292821798230141006_n-600x849.jpg 600w, https:\/\/www.laurensoff.com\/wordpress\/wp-content\/uploads\/2025\/10\/557639589_1385372836922624_8292821798230141006_n.jpg 1414w\" sizes=\"auto, (max-width: 426px) 100vw, 426px\" \/><\/p>\n<p>&nbsp;<\/p>\n","protected":false},"excerpt":{"rendered":"<p>TV SUD \/ Concert \/ Julien Dassin \u00e0 Sanary-sur-Mer au Th\u00e9\u00e2tre Galli \/ Samuel Ducros&#8230;<\/p>\n","protected":false},"author":1,"featured_media":675,"comment_status":"open","ping_status":"closed","sticky":false,"template":"","format":"standard","meta":{"_bbp_topic_count":0,"_bbp_reply_count":0,"_bbp_total_topic_count":0,"_bbp_total_reply_count":0,"_bbp_voice_count":0,"_bbp_anonymous_reply_count":0,"_bbp_topic_count_hidden":0,"_bbp_reply_count_hidden":0,"_bbp_forum_subforum_count":0,"_crdt_document":"","_jetpack_memberships_contains_paid_content":false,"footnotes":"","jetpack_publicize_message":"","jetpack_publicize_feature_enabled":true,"jetpack_social_post_already_shared":true,"jetpack_social_options":{"image_generator_settings":{"template":"highway","default_image_id":0,"font":"","enabled":false},"version":2}},"categories":[40,11,25],"tags":[],"class_list":["post-674","post","type-post","status-publish","format-standard","has-post-thumbnail","hentry","category-hommage","category-musique","category-spectacle"],"jetpack_publicize_connections":[],"jetpack_featured_media_url":"https:\/\/www.laurensoff.com\/wordpress\/wp-content\/uploads\/2025\/10\/dassin.jpg","jetpack_sharing_enabled":true,"_links":{"self":[{"href":"https:\/\/www.laurensoff.com\/wordpress\/wp-json\/wp\/v2\/posts\/674","targetHints":{"allow":["GET"]}}],"collection":[{"href":"https:\/\/www.laurensoff.com\/wordpress\/wp-json\/wp\/v2\/posts"}],"about":[{"href":"https:\/\/www.laurensoff.com\/wordpress\/wp-json\/wp\/v2\/types\/post"}],"author":[{"embeddable":true,"href":"https:\/\/www.laurensoff.com\/wordpress\/wp-json\/wp\/v2\/users\/1"}],"replies":[{"embeddable":true,"href":"https:\/\/www.laurensoff.com\/wordpress\/wp-json\/wp\/v2\/comments?post=674"}],"version-history":[{"count":1,"href":"https:\/\/www.laurensoff.com\/wordpress\/wp-json\/wp\/v2\/posts\/674\/revisions"}],"predecessor-version":[{"id":676,"href":"https:\/\/www.laurensoff.com\/wordpress\/wp-json\/wp\/v2\/posts\/674\/revisions\/676"}],"wp:featuredmedia":[{"embeddable":true,"href":"https:\/\/www.laurensoff.com\/wordpress\/wp-json\/wp\/v2\/media\/675"}],"wp:attachment":[{"href":"https:\/\/www.laurensoff.com\/wordpress\/wp-json\/wp\/v2\/media?parent=674"}],"wp:term":[{"taxonomy":"category","embeddable":true,"href":"https:\/\/www.laurensoff.com\/wordpress\/wp-json\/wp\/v2\/categories?post=674"},{"taxonomy":"post_tag","embeddable":true,"href":"https:\/\/www.laurensoff.com\/wordpress\/wp-json\/wp\/v2\/tags?post=674"}],"curies":[{"name":"wp","href":"https:\/\/api.w.org\/{rel}","templated":true}]}}