{"id":665,"date":"2025-10-09T18:02:09","date_gmt":"2025-10-09T18:02:09","guid":{"rendered":"https:\/\/www.laurensoff.com\/wordpress\/?p=665"},"modified":"2025-10-09T19:19:44","modified_gmt":"2025-10-09T19:19:44","slug":"polyphonies-sacrees-a-leglise-sainte-roseline-le-vendredi-17-octobre-2025-a-roquefort-la-bedoule","status":"publish","type":"post","link":"https:\/\/www.laurensoff.com\/wordpress\/polyphonies-sacrees-a-leglise-sainte-roseline-le-vendredi-17-octobre-2025-a-roquefort-la-bedoule\/","title":{"rendered":"Polyphonies sacr\u00e9es \u00e0 l&rsquo;\u00e9glise, sainte Roseline Le vendredi 17 octobre 2025 \u00e0 Roquefort la B\u00e9doule"},"content":{"rendered":"<blockquote><p><strong>CLASSIQUE \/ MUSIQUE RENAISSANCE \/<\/strong><\/p>\n<p><strong><br \/>\nPolyphonies sacr\u00e9es \u00e0 l&rsquo;\u00e9glise, sainte Roseline Le vendredi 17 octobre 2025 \u00e0 Roquefort la B\u00e9doule<\/strong><\/p>\n<p>Concert Renaissance, \u00e0 ne pas manquer dans les Bouches-du-Rh\u00f4ne.<\/p>\n<p>Polyphonies sacr\u00e9es en l&rsquo;\u00e9glise Sainte Roseline ? Le vendredi 17 octobre 2025 \u00e0 Roquefort la b\u00e9doule 19h00<\/p>\n<p>avec :<\/p>\n<p><strong>Soprano<\/strong> Anne-Sophie Carri\u00e8re<\/p>\n<p><strong>Mezzo Soprano<\/strong> Serge Pierronne<\/p>\n<p><strong>T\u00e9nor<\/strong> Andr\u00e9-Yves Nasone<\/p>\n<p><strong>Basse<\/strong> Patrick Sabatier<\/p>\n<p><img loading=\"lazy\" decoding=\"async\" class=\"alignnone  wp-image-666\" src=\"https:\/\/www.laurensoff.com\/wordpress\/wp-content\/uploads\/2025\/10\/IMG_20251009_132558-216x300.jpg\" alt=\"\" width=\"386\" height=\"536\" srcset=\"https:\/\/www.laurensoff.com\/wordpress\/wp-content\/uploads\/2025\/10\/IMG_20251009_132558-216x300.jpg 216w, https:\/\/www.laurensoff.com\/wordpress\/wp-content\/uploads\/2025\/10\/IMG_20251009_132558-736x1024.jpg 736w, https:\/\/www.laurensoff.com\/wordpress\/wp-content\/uploads\/2025\/10\/IMG_20251009_132558-768x1069.jpg 768w, https:\/\/www.laurensoff.com\/wordpress\/wp-content\/uploads\/2025\/10\/IMG_20251009_132558-600x835.jpg 600w, https:\/\/www.laurensoff.com\/wordpress\/wp-content\/uploads\/2025\/10\/IMG_20251009_132558.jpg 822w\" sizes=\"auto, (max-width: 386px) 100vw, 386px\" \/><\/p><\/blockquote>\n<p>&nbsp;<\/p>\n","protected":false},"excerpt":{"rendered":"<p>CLASSIQUE \/ MUSIQUE RENAISSANCE \/ Polyphonies sacr\u00e9es \u00e0 l&rsquo;\u00e9glise, sainte Roseline Le vendredi 17 octobre&#8230;<\/p>\n","protected":false},"author":1,"featured_media":666,"comment_status":"open","ping_status":"closed","sticky":false,"template":"","format":"standard","meta":{"_bbp_topic_count":0,"_bbp_reply_count":0,"_bbp_total_topic_count":0,"_bbp_total_reply_count":0,"_bbp_voice_count":0,"_bbp_anonymous_reply_count":0,"_bbp_topic_count_hidden":0,"_bbp_reply_count_hidden":0,"_bbp_forum_subforum_count":0,"_crdt_document":"","_jetpack_memberships_contains_paid_content":false,"footnotes":"","jetpack_publicize_message":"","jetpack_publicize_feature_enabled":true,"jetpack_social_post_already_shared":true,"jetpack_social_options":{"image_generator_settings":{"template":"highway","default_image_id":0,"font":"","enabled":false},"version":2}},"categories":[45,11],"tags":[245,246],"class_list":["post-665","post","type-post","status-publish","format-standard","has-post-thumbnail","hentry","category-evenements","category-musique","tag-eglise","tag-polyphonies-sacrees"],"jetpack_publicize_connections":[],"jetpack_featured_media_url":"https:\/\/www.laurensoff.com\/wordpress\/wp-content\/uploads\/2025\/10\/IMG_20251009_132558.jpg","jetpack_sharing_enabled":true,"_links":{"self":[{"href":"https:\/\/www.laurensoff.com\/wordpress\/wp-json\/wp\/v2\/posts\/665","targetHints":{"allow":["GET"]}}],"collection":[{"href":"https:\/\/www.laurensoff.com\/wordpress\/wp-json\/wp\/v2\/posts"}],"about":[{"href":"https:\/\/www.laurensoff.com\/wordpress\/wp-json\/wp\/v2\/types\/post"}],"author":[{"embeddable":true,"href":"https:\/\/www.laurensoff.com\/wordpress\/wp-json\/wp\/v2\/users\/1"}],"replies":[{"embeddable":true,"href":"https:\/\/www.laurensoff.com\/wordpress\/wp-json\/wp\/v2\/comments?post=665"}],"version-history":[{"count":3,"href":"https:\/\/www.laurensoff.com\/wordpress\/wp-json\/wp\/v2\/posts\/665\/revisions"}],"predecessor-version":[{"id":671,"href":"https:\/\/www.laurensoff.com\/wordpress\/wp-json\/wp\/v2\/posts\/665\/revisions\/671"}],"wp:featuredmedia":[{"embeddable":true,"href":"https:\/\/www.laurensoff.com\/wordpress\/wp-json\/wp\/v2\/media\/666"}],"wp:attachment":[{"href":"https:\/\/www.laurensoff.com\/wordpress\/wp-json\/wp\/v2\/media?parent=665"}],"wp:term":[{"taxonomy":"category","embeddable":true,"href":"https:\/\/www.laurensoff.com\/wordpress\/wp-json\/wp\/v2\/categories?post=665"},{"taxonomy":"post_tag","embeddable":true,"href":"https:\/\/www.laurensoff.com\/wordpress\/wp-json\/wp\/v2\/tags?post=665"}],"curies":[{"name":"wp","href":"https:\/\/api.w.org\/{rel}","templated":true}]}}