{"id":655,"date":"2025-10-09T09:19:10","date_gmt":"2025-10-09T09:19:10","guid":{"rendered":"https:\/\/www.laurensoff.com\/wordpress\/?p=655"},"modified":"2025-10-09T09:20:04","modified_gmt":"2025-10-09T09:20:04","slug":"monde-culture-et-tourisme-civilisation-il-existe-en-turquie-une-ville-souterraine-elle-sappelle-derinkuyu","status":"publish","type":"post","link":"https:\/\/www.laurensoff.com\/wordpress\/monde-culture-et-tourisme-civilisation-il-existe-en-turquie-une-ville-souterraine-elle-sappelle-derinkuyu\/","title":{"rendered":"MONDE \/ CULTURE et TOURISME \/ CIVILISATION \/ Il existe en Turquie une ville souterraine. Elle s&rsquo;appelle Derinkuyu"},"content":{"rendered":"<p>MONDE \/ CULTURE et TOURISME \/ CIVILISATION \/ Il existe en #Turquie une #ville souterraine.<br \/>\nElle s&rsquo;appelle #Derinkuyu et a \u00e9t\u00e9 d\u00e9couverte par hasard en 1963 par un homme qui r\u00e9novait sa maison.<br \/>\nElle compte au moins 18 niveaux de profondeur, avec des pi\u00e8ces, des tunnels, des puits, des \u00e9coles, des caves et des \u00e9glises. Il a \u00e9t\u00e9 con\u00e7u pour r\u00e9sister aux invasions et aux si\u00e8ges, avec des portes de pierre rotatives pour fermer les passages.<br \/>\nPersonne ne sait exactement qui l&rsquo;a construit, mais il date d&rsquo;au moins 3 000 ans.<br \/>\nDerinkuyu, mot qui signifie \u00ab puits profond \u00bb, est le nom d&rsquo;une ville et d&rsquo;un district de la province de Nev\u015fehir, en Anatolie centrale. Selon le recensement de 2000, le district comptait 24 631 habitants et la ville 11 092. Situ\u00e9e en Cappadoce, Derinkuyu est connue pour sa cit\u00e9 souterraine, la plus grande de Turquie.<br \/>\nAltitude : 1\u202f300 m<br \/>\nSuperficie : 445 km\u00b2<br \/>\nSite(s) touristique(s) : Cit\u00e9 souterraine de #Derinkuyu<br \/>\nOn sait qui a construit la cit\u00e9 souterraine de Derinkuyu, les premi\u00e8res excavations date du 8\u00e8me si\u00e8cle avant J\u00e9sus Christ, il s&rsquo;agit des Phrygiens peuple profond\u00e9ment li\u00e9 \u00e0 la Gr\u00e8ce antique. Elle fut ensuite progressivement agrandie et devint la cit\u00e9 refuge des premiers Grecs chr\u00e9tiens face aux pers\u00e9cutions de l&rsquo;Empire romain (\u00e9dit de Diocl\u00e9tien en 303) ; et, \u00e0 partir du VIIe si\u00e8cle, face aux pers\u00e9cutions des clans musulmans sunnites des Omeyyades et des Abbassides, elle fut de nouveau utilis\u00e9e pour prot\u00e9ger les chr\u00e9tiens grecs de la r\u00e9gion.<br \/>\nElle fut par la suite utilis\u00e9e comme lieu de protection contre les Turcs ottomans occupant l&rsquo;Asie Mineure grecque. Les Grecs v\u00e9curent dans la cit\u00e9 jusqu&rsquo;\u00e0 la fin de la Premi\u00e8re Guerre mondiale, lorsqu&rsquo;ils subirent l&rsquo;expulsion du pays \u00e0 la suite d&rsquo;une politique de purification ethnique de la part des Turcs nationalistes.<br \/>\nLe 1er mai 1923, \u00e0 la suite d&rsquo;un accord sur l&rsquo;\u00e9change de Turcs et Grecs des minorit\u00e9s dans les deux pays, des deux c\u00f4t\u00e9s chacun fut oblig\u00e9 de \u00ab quitter sa maison, qui avait \u00e9galement \u00e9t\u00e9 celle de ses arri\u00e8re-grands-parents, [d\u2019] abandonner les lieux saints et [de] laisser les tombes des anc\u00eatres \u00e0 un destin incertain.\u00bb<\/p>\n","protected":false},"excerpt":{"rendered":"<p>MONDE \/ CULTURE et TOURISME \/ CIVILISATION \/ Il existe en #Turquie une #ville souterraine&#8230;.<\/p>\n","protected":false},"author":1,"featured_media":656,"comment_status":"open","ping_status":"closed","sticky":false,"template":"","format":"standard","meta":{"_bbp_topic_count":0,"_bbp_reply_count":0,"_bbp_total_topic_count":0,"_bbp_total_reply_count":0,"_bbp_voice_count":0,"_bbp_anonymous_reply_count":0,"_bbp_topic_count_hidden":0,"_bbp_reply_count_hidden":0,"_bbp_forum_subforum_count":0,"_crdt_document":"","_jetpack_memberships_contains_paid_content":false,"footnotes":"","jetpack_publicize_message":"","jetpack_publicize_feature_enabled":true,"jetpack_social_post_already_shared":true,"jetpack_social_options":{"image_generator_settings":{"template":"highway","default_image_id":0,"font":"","enabled":false},"version":2}},"categories":[200,83,40,85,235,238],"tags":[242],"class_list":["post-655","post","type-post","status-publish","format-standard","has-post-thumbnail","hentry","category-grokipedia","category-histoire","category-hommage","category-lumexplore","category-nature","category-sciences-de-la-terre","tag-monde"],"jetpack_publicize_connections":[],"jetpack_featured_media_url":"https:\/\/www.laurensoff.com\/wordpress\/wp-content\/uploads\/2025\/10\/1759943389769.jpeg","jetpack_sharing_enabled":true,"_links":{"self":[{"href":"https:\/\/www.laurensoff.com\/wordpress\/wp-json\/wp\/v2\/posts\/655","targetHints":{"allow":["GET"]}}],"collection":[{"href":"https:\/\/www.laurensoff.com\/wordpress\/wp-json\/wp\/v2\/posts"}],"about":[{"href":"https:\/\/www.laurensoff.com\/wordpress\/wp-json\/wp\/v2\/types\/post"}],"author":[{"embeddable":true,"href":"https:\/\/www.laurensoff.com\/wordpress\/wp-json\/wp\/v2\/users\/1"}],"replies":[{"embeddable":true,"href":"https:\/\/www.laurensoff.com\/wordpress\/wp-json\/wp\/v2\/comments?post=655"}],"version-history":[{"count":2,"href":"https:\/\/www.laurensoff.com\/wordpress\/wp-json\/wp\/v2\/posts\/655\/revisions"}],"predecessor-version":[{"id":658,"href":"https:\/\/www.laurensoff.com\/wordpress\/wp-json\/wp\/v2\/posts\/655\/revisions\/658"}],"wp:featuredmedia":[{"embeddable":true,"href":"https:\/\/www.laurensoff.com\/wordpress\/wp-json\/wp\/v2\/media\/656"}],"wp:attachment":[{"href":"https:\/\/www.laurensoff.com\/wordpress\/wp-json\/wp\/v2\/media?parent=655"}],"wp:term":[{"taxonomy":"category","embeddable":true,"href":"https:\/\/www.laurensoff.com\/wordpress\/wp-json\/wp\/v2\/categories?post=655"},{"taxonomy":"post_tag","embeddable":true,"href":"https:\/\/www.laurensoff.com\/wordpress\/wp-json\/wp\/v2\/tags?post=655"}],"curies":[{"name":"wp","href":"https:\/\/api.w.org\/{rel}","templated":true}]}}