{"id":649,"date":"2025-10-09T08:49:05","date_gmt":"2025-10-09T08:49:05","guid":{"rendered":"https:\/\/www.laurensoff.com\/wordpress\/?p=649"},"modified":"2025-10-09T08:49:05","modified_gmt":"2025-10-09T08:49:05","slug":"cetait-le-9-octobre-2013-patrick-bore-redonnait-vie-a-leden-en-compagnie-de-nathalie-baye","status":"publish","type":"post","link":"https:\/\/www.laurensoff.com\/wordpress\/cetait-le-9-octobre-2013-patrick-bore-redonnait-vie-a-leden-en-compagnie-de-nathalie-baye\/","title":{"rendered":"C\u2019\u00e9tait le 9 octobre 2013. Patrick Bor\u00e9 redonnait vie \u00e0 l\u2019Eden  en compagnie de Nathalie Baye"},"content":{"rendered":"<div class=\"html-div xdj266r x14z9mp xat24cr x1lziwak xexx8yu xyri2b x18d9i69 x1c1uobl\" dir=\"auto\">\n<div class=\"html-div xdj266r x14z9mp xat24cr x1lziwak xexx8yu xyri2b x18d9i69 x1c1uobl\" data-ad-rendering-role=\"story_message\">\n<div id=\"_R_lanaql6kldcqasmj5ilipamH2_\" class=\"x1l90r2v x1iorvi4 x1g0dm76 xpdmqnj\" data-ad-comet-preview=\"message\" data-ad-preview=\"message\">\n<div class=\"x78zum5 xdt5ytf xz62fqu x16ldp7u\">\n<div class=\"xu06os2 x1ok221b\">\n<div class=\"html-div xdj266r x14z9mp xat24cr x1lziwak xexx8yu xyri2b x18d9i69 x1c1uobl\">\n<div class=\"xdj266r x14z9mp xat24cr x1lziwak x1vvkbs x126k92a\">\n<div dir=\"auto\">C\u2019\u00e9tait le 9 octobre 2013. Patrick Bor\u00e9 redonnait vie \u00e0 l\u2019Eden en coupant symboliquement le ruban de l\u2019inauguration du nouvel Eden en compagnie de Nathalie Baye. Il r\u00e9installait ainsi La Ciotat \u00e0 sa place dans la grande histoire du cin\u00e9ma.<\/div>\n<div dir=\"auto\">Aujourd\u2019hui l\u2019Eden est orphelin de celui qui avait fait de ce projet de r\u00e9habilitation du plus ancien cin\u00e9ma du monde, une des priorit\u00e9s de son mandat plac\u00e9 sous le signe de la culture avec les r\u00e9alisations de la M\u00e9diath\u00e8que Simone Veil et la Chaudronnerie.<\/div>\n<div dir=\"auto\">Tous les acteurs de l\u2019Eden, ses salari\u00e9s et ses b\u00e9n\u00e9voles des Lumi\u00e8res de l\u2019Eden, \u00e9prouvent douloureusement la perte d\u2019un grand d\u00e9fenseur de l\u2019image de notre ville.<\/div>\n<div dir=\"auto\">Et, en ce qui me concerne, la perte d\u2019un ami.<\/div>\n<div dir=\"auto\">L\u2019Eden t\u2019accompagne.<\/div>\n<div dir=\"auto\">Michel CORNILLE, pr\u00e9sident des Lumi\u00e8res de l&rsquo;Eden<\/div>\n<div dir=\"auto\">(photo Denys Pastr\u00e9)<\/div>\n<\/div>\n<\/div>\n<\/div>\n<\/div>\n<\/div>\n<\/div>\n<\/div>\n","protected":false},"excerpt":{"rendered":"<p>C\u2019\u00e9tait le 9 octobre 2013. Patrick Bor\u00e9 redonnait vie \u00e0 l\u2019Eden en coupant symboliquement le&#8230;<\/p>\n","protected":false},"author":1,"featured_media":650,"comment_status":"open","ping_status":"closed","sticky":false,"template":"","format":"standard","meta":{"_bbp_topic_count":0,"_bbp_reply_count":0,"_bbp_total_topic_count":0,"_bbp_total_reply_count":0,"_bbp_voice_count":0,"_bbp_anonymous_reply_count":0,"_bbp_topic_count_hidden":0,"_bbp_reply_count_hidden":0,"_bbp_forum_subforum_count":0,"_crdt_document":"","_jetpack_memberships_contains_paid_content":false,"footnotes":"","jetpack_publicize_message":"","jetpack_publicize_feature_enabled":true,"jetpack_social_post_already_shared":true,"jetpack_social_options":{"image_generator_settings":{"template":"highway","default_image_id":0,"font":"","enabled":false},"version":2}},"categories":[5,40],"tags":[234],"class_list":["post-649","post","type-post","status-publish","format-standard","has-post-thumbnail","hentry","category-cinema","category-hommage","tag-patrick-bore"],"jetpack_publicize_connections":[],"jetpack_featured_media_url":"https:\/\/www.laurensoff.com\/wordpress\/wp-content\/uploads\/2025\/10\/469997699_3562141414010804_6893504097627911879_n.jpg","jetpack_sharing_enabled":true,"_links":{"self":[{"href":"https:\/\/www.laurensoff.com\/wordpress\/wp-json\/wp\/v2\/posts\/649","targetHints":{"allow":["GET"]}}],"collection":[{"href":"https:\/\/www.laurensoff.com\/wordpress\/wp-json\/wp\/v2\/posts"}],"about":[{"href":"https:\/\/www.laurensoff.com\/wordpress\/wp-json\/wp\/v2\/types\/post"}],"author":[{"embeddable":true,"href":"https:\/\/www.laurensoff.com\/wordpress\/wp-json\/wp\/v2\/users\/1"}],"replies":[{"embeddable":true,"href":"https:\/\/www.laurensoff.com\/wordpress\/wp-json\/wp\/v2\/comments?post=649"}],"version-history":[{"count":1,"href":"https:\/\/www.laurensoff.com\/wordpress\/wp-json\/wp\/v2\/posts\/649\/revisions"}],"predecessor-version":[{"id":651,"href":"https:\/\/www.laurensoff.com\/wordpress\/wp-json\/wp\/v2\/posts\/649\/revisions\/651"}],"wp:featuredmedia":[{"embeddable":true,"href":"https:\/\/www.laurensoff.com\/wordpress\/wp-json\/wp\/v2\/media\/650"}],"wp:attachment":[{"href":"https:\/\/www.laurensoff.com\/wordpress\/wp-json\/wp\/v2\/media?parent=649"}],"wp:term":[{"taxonomy":"category","embeddable":true,"href":"https:\/\/www.laurensoff.com\/wordpress\/wp-json\/wp\/v2\/categories?post=649"},{"taxonomy":"post_tag","embeddable":true,"href":"https:\/\/www.laurensoff.com\/wordpress\/wp-json\/wp\/v2\/tags?post=649"}],"curies":[{"name":"wp","href":"https:\/\/api.w.org\/{rel}","templated":true}]}}