{"id":613,"date":"2025-10-05T17:56:25","date_gmt":"2025-10-05T17:56:25","guid":{"rendered":"https:\/\/www.laurensoff.com\/wordpress\/?p=613"},"modified":"2025-10-05T17:56:25","modified_gmt":"2025-10-05T17:56:25","slug":"tv-sud-rencontre-avec-lartiste-roselyne-conil-a-la-chapelle-des-penitents-bleus-a-la-ciotat","status":"publish","type":"post","link":"https:\/\/www.laurensoff.com\/wordpress\/tv-sud-rencontre-avec-lartiste-roselyne-conil-a-la-chapelle-des-penitents-bleus-a-la-ciotat\/","title":{"rendered":"TV SUD \/ Rencontre avec L&rsquo;artiste Roselyne CONIL \u00e0 la Chapelle des p\u00e9nitents bleus \u00e0 La Ciotat"},"content":{"rendered":"<p>TV SUD \/ Rencontre avec L&rsquo;artiste Roselyne CONIL \u00e0 la Chapelle des p\u00e9nitents bleus \u00e0 La Ciotat<\/p>\n<p><a href=\"https:\/\/www.roselyneconil.com\/\">https:\/\/www.roselyneconil.com\/<\/a><\/p>\n<p><iframe loading=\"lazy\" title=\"TV SUD \/ Rencontre avec L'artiste Roselyne CONIL \u00e0 la Chapelle des p\u00e9nitents bleus \u00e0 La Ciotat\" src=\"https:\/\/www.youtube.com\/embed\/bFfTSNbdDC8\" width=\"1207\" height=\"679\" frameborder=\"0\" allowfullscreen=\"allowfullscreen\"><\/iframe><\/p>\n<div class=\"uk-grid-margin uk-grid uk-grid-stack\">\n<div class=\"uk-width-1-1@m uk-first-column\">\n<h1>Roselyne Conil<\/h1>\n<\/div>\n<\/div>\n<div class=\"uk-grid-margin uk-grid\">\n<div class=\"uk-width-2-3@m uk-first-column\">\n<div class=\"uk-margin uk-scrollspy-inview uk-animation-slide-top\">\n<p><strong>Parcours de dessin, lino-gravure, affiches, peinture, gravure, sculpture<\/strong><\/p>\n<p><strong>J\u2019aime la forme<\/strong> pour l\u2019\u00e9purer<br \/>\n<strong>La diversit\u00e9 des mati\u00e8res<\/strong> parce que chacune induit une nouvelle expression.<\/p>\n<p><strong>La r\u00e9sine<\/strong> pour la libert\u00e9 au del\u00e0 des contraintes<br \/>\n<strong>L&rsquo;acier<\/strong> pour\u00a0 le d\u00e9tourner\u00a0 vers la douceur<br \/>\n<strong>Le bois<\/strong> pour le d\u00e9fi\u00a0 parce qu&rsquo;il fait des cadeaux \u00e0 qui l&rsquo;\u00e9coute<br \/>\n<strong>Le verre<\/strong> pour son c\u00f4t\u00e9 \u00ab\u00a0bijou\u00a0\u00bb<br \/>\n<strong>La c\u00e9ramique<\/strong> pour le retour aux origines et\u00a0 la surprise<br \/>\n<strong>Le carton<\/strong> pour le jeu<br \/>\n<strong>Le bronze<\/strong> pour le s\u00e9rieux et un certain go\u00fbt d&rsquo;\u00e9ternit\u00e9<\/p>\n<p>Et d&rsquo;autres peut-\u00eatre que je n&rsquo;ai pas encore d\u00e9couvertes<\/p>\n<p>Mon bonheur : <strong>des r\u00e9alisations adapt\u00e9es \u00e0 l\u2019environnement ou \u00e0 l\u2019histoire d\u2019un lieu<\/strong><\/p>\n<p><strong>Art chez soi dans la nature et dans la ville<\/strong><\/p>\n<\/div>\n<\/div>\n<\/div>\n","protected":false},"excerpt":{"rendered":"<p>TV SUD \/ Rencontre avec L&rsquo;artiste Roselyne CONIL \u00e0 la Chapelle des p\u00e9nitents bleus \u00e0&#8230;<\/p>\n","protected":false},"author":1,"featured_media":614,"comment_status":"open","ping_status":"closed","sticky":false,"template":"","format":"standard","meta":{"_bbp_topic_count":0,"_bbp_reply_count":0,"_bbp_total_topic_count":0,"_bbp_total_reply_count":0,"_bbp_voice_count":0,"_bbp_anonymous_reply_count":0,"_bbp_topic_count_hidden":0,"_bbp_reply_count_hidden":0,"_bbp_forum_subforum_count":0,"_crdt_document":"","_jetpack_memberships_contains_paid_content":false,"footnotes":"","jetpack_publicize_message":"","jetpack_publicize_feature_enabled":true,"jetpack_social_post_already_shared":true,"jetpack_social_options":{"image_generator_settings":{"template":"highway","default_image_id":0,"font":"","enabled":false},"version":2}},"categories":[15,17,163],"tags":[207],"class_list":["post-613","post","type-post","status-publish","format-standard","has-post-thumbnail","hentry","category-arts","category-arts-plastiques","category-la-ciotat","tag-roselyne-conil"],"jetpack_publicize_connections":[],"jetpack_featured_media_url":"https:\/\/www.laurensoff.com\/wordpress\/wp-content\/uploads\/2025\/10\/conil.jpg","jetpack_sharing_enabled":true,"_links":{"self":[{"href":"https:\/\/www.laurensoff.com\/wordpress\/wp-json\/wp\/v2\/posts\/613","targetHints":{"allow":["GET"]}}],"collection":[{"href":"https:\/\/www.laurensoff.com\/wordpress\/wp-json\/wp\/v2\/posts"}],"about":[{"href":"https:\/\/www.laurensoff.com\/wordpress\/wp-json\/wp\/v2\/types\/post"}],"author":[{"embeddable":true,"href":"https:\/\/www.laurensoff.com\/wordpress\/wp-json\/wp\/v2\/users\/1"}],"replies":[{"embeddable":true,"href":"https:\/\/www.laurensoff.com\/wordpress\/wp-json\/wp\/v2\/comments?post=613"}],"version-history":[{"count":1,"href":"https:\/\/www.laurensoff.com\/wordpress\/wp-json\/wp\/v2\/posts\/613\/revisions"}],"predecessor-version":[{"id":615,"href":"https:\/\/www.laurensoff.com\/wordpress\/wp-json\/wp\/v2\/posts\/613\/revisions\/615"}],"wp:featuredmedia":[{"embeddable":true,"href":"https:\/\/www.laurensoff.com\/wordpress\/wp-json\/wp\/v2\/media\/614"}],"wp:attachment":[{"href":"https:\/\/www.laurensoff.com\/wordpress\/wp-json\/wp\/v2\/media?parent=613"}],"wp:term":[{"taxonomy":"category","embeddable":true,"href":"https:\/\/www.laurensoff.com\/wordpress\/wp-json\/wp\/v2\/categories?post=613"},{"taxonomy":"post_tag","embeddable":true,"href":"https:\/\/www.laurensoff.com\/wordpress\/wp-json\/wp\/v2\/tags?post=613"}],"curies":[{"name":"wp","href":"https:\/\/api.w.org\/{rel}","templated":true}]}}