{"id":530,"date":"2025-09-17T09:12:48","date_gmt":"2025-09-17T09:12:48","guid":{"rendered":"https:\/\/www.laurensoff.com\/wordpress\/?p=530"},"modified":"2025-09-17T09:12:48","modified_gmt":"2025-09-17T09:12:48","slug":"40-ans-hbd-we-are-the-world-est-une-chanson-caritative-enregistree-par-le-supergroupe-americain-usa-for-africa-en-1985","status":"publish","type":"post","link":"https:\/\/www.laurensoff.com\/wordpress\/40-ans-hbd-we-are-the-world-est-une-chanson-caritative-enregistree-par-le-supergroupe-americain-usa-for-africa-en-1985\/","title":{"rendered":"40 ans  HBD We Are the World est une chanson caritative enregistr\u00e9e par le supergroupe am\u00e9ricain USA for Africa en 1985"},"content":{"rendered":"<p>Sortie sur l&rsquo;album We Are the World, elle est \u00e9crite par Michael Jackson et Lionel Richie, alors que les r\u00e9alisateurs artistiques en sont Quincy Jones et Michael Omartian (en). Le single a pour objectif de collecter des fonds pour lutter contre la famine en \u00c9thiopie. L&rsquo;\u00e9v\u00e9nement, historique, r\u00e9unit quelques-uns des artistes les plus c\u00e9l\u00e8bres du monde musical am\u00e9ricain de l&rsquo;\u00e9poque.<\/p>\n<p>La chanson sort le 7 mars 1985 et devient un succ\u00e8s commercial international. Elle est en t\u00eate de plusieurs palmar\u00e8s de musique \u00e0 travers le monde et devient le premier single \u00e0 \u00eatre r\u00e9compens\u00e9 plusieurs fois disque de platine par la RIAA.<\/p>\n<p>We Are the World re\u00e7oit de nombreuses r\u00e9compenses dont trois Grammy Awards, un American Music Award et un People&rsquo;s Choice Award. Le single devient l&rsquo;un des plus vendus au monde avec plus de vingt millions d&rsquo;exemplaires \u00e9coul\u00e9s et r\u00e9ussit \u00e0 r\u00e9colter plus de 63 millions de dollars.<\/p>\n<p><iframe loading=\"lazy\" title=\"USA For Africa - We Are The World (HQ official Video)\" src=\"https:\/\/www.youtube.com\/embed\/s3wNuru4U0I\" width=\"915\" height=\"686\" frameborder=\"0\" allowfullscreen=\"allowfullscreen\"><\/iframe><\/p>\n","protected":false},"excerpt":{"rendered":"<p>Sortie sur l&rsquo;album We Are the World, elle est \u00e9crite par Michael Jackson et Lionel&#8230;<\/p>\n","protected":false},"author":1,"featured_media":531,"comment_status":"open","ping_status":"closed","sticky":false,"template":"","format":"standard","meta":{"_bbp_topic_count":0,"_bbp_reply_count":0,"_bbp_total_topic_count":0,"_bbp_total_reply_count":0,"_bbp_voice_count":0,"_bbp_anonymous_reply_count":0,"_bbp_topic_count_hidden":0,"_bbp_reply_count_hidden":0,"_bbp_forum_subforum_count":0,"_crdt_document":"","_jetpack_memberships_contains_paid_content":false,"footnotes":"","jetpack_publicize_message":"","jetpack_publicize_feature_enabled":true,"jetpack_social_post_already_shared":false,"jetpack_social_options":{"image_generator_settings":{"template":"highway","default_image_id":0,"font":"","enabled":false},"version":2}},"categories":[40,11],"tags":[],"class_list":["post-530","post","type-post","status-publish","format-standard","has-post-thumbnail","hentry","category-hommage","category-musique"],"jetpack_publicize_connections":[],"jetpack_featured_media_url":"https:\/\/www.laurensoff.com\/wordpress\/wp-content\/uploads\/2025\/09\/We-Are-the-World.webp","jetpack_sharing_enabled":true,"_links":{"self":[{"href":"https:\/\/www.laurensoff.com\/wordpress\/wp-json\/wp\/v2\/posts\/530","targetHints":{"allow":["GET"]}}],"collection":[{"href":"https:\/\/www.laurensoff.com\/wordpress\/wp-json\/wp\/v2\/posts"}],"about":[{"href":"https:\/\/www.laurensoff.com\/wordpress\/wp-json\/wp\/v2\/types\/post"}],"author":[{"embeddable":true,"href":"https:\/\/www.laurensoff.com\/wordpress\/wp-json\/wp\/v2\/users\/1"}],"replies":[{"embeddable":true,"href":"https:\/\/www.laurensoff.com\/wordpress\/wp-json\/wp\/v2\/comments?post=530"}],"version-history":[{"count":1,"href":"https:\/\/www.laurensoff.com\/wordpress\/wp-json\/wp\/v2\/posts\/530\/revisions"}],"predecessor-version":[{"id":532,"href":"https:\/\/www.laurensoff.com\/wordpress\/wp-json\/wp\/v2\/posts\/530\/revisions\/532"}],"wp:featuredmedia":[{"embeddable":true,"href":"https:\/\/www.laurensoff.com\/wordpress\/wp-json\/wp\/v2\/media\/531"}],"wp:attachment":[{"href":"https:\/\/www.laurensoff.com\/wordpress\/wp-json\/wp\/v2\/media?parent=530"}],"wp:term":[{"taxonomy":"category","embeddable":true,"href":"https:\/\/www.laurensoff.com\/wordpress\/wp-json\/wp\/v2\/categories?post=530"},{"taxonomy":"post_tag","embeddable":true,"href":"https:\/\/www.laurensoff.com\/wordpress\/wp-json\/wp\/v2\/tags?post=530"}],"curies":[{"name":"wp","href":"https:\/\/api.w.org\/{rel}","templated":true}]}}