{"id":519,"date":"2025-09-16T13:16:46","date_gmt":"2025-09-16T13:16:46","guid":{"rendered":"https:\/\/www.laurensoff.com\/wordpress\/?p=519"},"modified":"2026-08-28T11:07:10","modified_gmt":"2026-08-28T10:07:10","slug":"linda-william-nee-le-20-novembre-1964-a-paris-14e-arrondissement-et-morte-le-28-mars-2010-a-orvieto-est-un-mannequin-et-une-chanteuse-populaire-francaise","status":"publish","type":"post","link":"https:\/\/www.laurensoff.com\/wordpress\/linda-william-nee-le-20-novembre-1964-a-paris-14e-arrondissement-et-morte-le-28-mars-2010-a-orvieto-est-un-mannequin-et-une-chanteuse-populaire-francaise\/","title":{"rendered":"Linda William, star des ann\u00e9es 80 mannequin et chanteuse populaire fran\u00e7aise et ses titres plan\u00e9taires comme TRACES !"},"content":{"rendered":"<p>Linda William, n\u00e9e le 20 novembre 1964 \u00e0 Paris 14e\u00a0arrondissement et morte le 28 mars 2010 \u00e0 Orvieto, est un mannequin et une chanteuse populaire fran\u00e7aise.<br \/>\n<iframe loading=\"lazy\" title=\"Linda William' - Traces\" src=\"https:\/\/www.youtube.com\/embed\/jvjAJGZcCHQ\" width=\"915\" height=\"686\" frameborder=\"0\" allowfullscreen=\"allowfullscreen\"><\/iframe><\/p>\n<p>En 1985 est diffus\u00e9 son premier 45 tours, <i>C&rsquo;est pas la peine<\/i>. Mais c&rsquo;est en 1989 qu&rsquo;elle rencontre le succ\u00e8s avec un album, <i>Traces<\/i>, qui produira quatre singles. \u00c9crite par <strong>Jean-Patrick Capdevielle<\/strong> et compos\u00e9e par <strong>Romano Musumarra<\/strong>, la chanson <strong><i>Traces<\/i><\/strong> atteint la <abbr class=\"abbr\" title=\"Vingt et uni\u00e8me\">21<sup>e<\/sup><\/abbr>\u00a0place du Top 50 et connait \u00e9galement le succ\u00e8s dans certains pays \u00e9trangers, notamment au Liban.<\/p>\n<p>Sa rencontre avec Romano Musumarra se fait en 1988, alors que ce dernier s&rsquo;est s\u00e9par\u00e9 artistiquement de Jeanne Mas, pour qui il avait compos\u00e9 ses premiers tubes.<\/p>\n<h3 id=\"D\u00e9c\u00e8s\">D\u00e9c\u00e8s<\/h3>\n<p>Dans la nuit du 27 au <time class=\"nowrap\" datetime=\"2010-03-28\" data-sort-value=\"2010-03-28\">28 mars 2010<\/time>, \u00e0 Orvieto en Italie, Linda se suicide \u00e0 l&rsquo;\u00e2ge de 45\u00a0ans, <span class=\"citation\">\u00ab\u00a0\u00e0 cause d&rsquo;une vie trop difficile \u00e0 vivre\u00a0\u00bb<\/span>, selon l&rsquo;annonce de sa ni\u00e8ce<sup id=\"cite_ref-2\" class=\"reference\"><span class=\"cite-bracket\">[<\/span>2<span class=\"cite-bracket\">]<\/span><\/sup>. Elle est inhum\u00e9e le <time class=\"nowrap\" datetime=\"04-02\" data-sort-value=\"04-02\">2 avril<\/time> suivant au cimeti\u00e8re de Villejuif<sup id=\"cite_ref-3\" class=\"reference\"><span class=\"cite-bracket\">[<\/span>3<span class=\"cite-bracket\">]<\/span><\/sup>.<\/p>\n<p>En 2023, son fils Yohan d\u00e9c\u00e8de \u00e0 l&rsquo;\u00e2ge de 29 ans.<\/p>\n","protected":false},"excerpt":{"rendered":"<p>Linda William, n\u00e9e le 20 novembre 1964 \u00e0 Paris 14e\u00a0arrondissement et morte le 28 mars&#8230;<\/p>\n","protected":false},"author":1,"featured_media":520,"comment_status":"open","ping_status":"closed","sticky":false,"template":"","format":"standard","meta":{"_jetpack_newsletter_access":"","_jetpack_dont_email_post_to_subs":false,"_jetpack_newsletter_tier_id":0,"_jetpack_memberships_contains_paywalled_content":false,"_jetpack_feature_clip_id":0,"_jetpack_memberships_contains_paid_content":false,"footnotes":"","jetpack_publicize_message":"","jetpack_publicize_feature_enabled":true,"jetpack_social_post_already_shared":false,"jetpack_social_options":{"image_generator_settings":{"template":"highway","default_image_id":0,"font":"","enabled":false},"version":2},"jetpack_post_was_ever_published":false},"categories":[40,11],"tags":[1480,1465,1499,1475,427,1476,1486,442,1501,1467,1484,1093,1485,437,1492,1487,1471,1491,1483,431,1494,1478,1482,1502,1469,1489,107,1463,1474,1497,1496,1466,1495,1197,1472,1468,1479,1462,1477,1488,865,1196,1470,1490,1464,1500,1493,1498,1481,1473],"class_list":["post-519","post","type-post","status-publish","format-standard","has-post-thumbnail","hentry","category-hommage","category-musique","tag-alain-chamfort","tag-alain-souchon","tag-amir","tag-bernard-lavilliers","tag-calogero","tag-christophe","tag-christophe-mae","tag-claude-francois","tag-claudio-capeo","tag-daniel-balavoine","tag-daniel-guichard","tag-dave","tag-dick-rivers","tag-eddy-mitchell","tag-etienne-daho","tag-florent-pagny","tag-francis-cabrel","tag-francis-lalanne","tag-francois-valery","tag-frederic-francois","tag-gerald-de-palmas","tag-gerard-lenorman","tag-gilbert-montagne","tag-gims","tag-jean-jacques-goldman","tag-jean-louis-aubert","tag-joe-dassin","tag-johnny-hallyday","tag-julien-clerc","tag-julien-dore","tag-kendji-girac","tag-laurent-voulzy","tag-m-pokora","tag-marc-lavoine","tag-maxime-le-forestier","tag-michel-berger","tag-michel-delpech","tag-michel-sardou","tag-nino-ferrer","tag-pascal-obispo","tag-patrick-bruel","tag-patrick-juvet","tag-renaud","tag-roch-voisine","tag-serge-gainsbourg","tag-slimane","tag-stephan-eicher","tag-vianney","tag-william-sheller","tag-yves-duteil"],"jetpack_publicize_connections":[],"jetpack_sharing_enabled":true,"jetpack_featured_media_url":"https:\/\/www.laurensoff.com\/wordpress\/wp-content\/uploads\/2025\/09\/sfhsfhs.jpeg","_links":{"self":[{"href":"https:\/\/www.laurensoff.com\/wordpress\/wp-json\/wp\/v2\/posts\/519","targetHints":{"allow":["GET"]}}],"collection":[{"href":"https:\/\/www.laurensoff.com\/wordpress\/wp-json\/wp\/v2\/posts"}],"about":[{"href":"https:\/\/www.laurensoff.com\/wordpress\/wp-json\/wp\/v2\/types\/post"}],"author":[{"embeddable":true,"href":"https:\/\/www.laurensoff.com\/wordpress\/wp-json\/wp\/v2\/users\/1"}],"replies":[{"embeddable":true,"href":"https:\/\/www.laurensoff.com\/wordpress\/wp-json\/wp\/v2\/comments?post=519"}],"version-history":[{"count":6,"href":"https:\/\/www.laurensoff.com\/wordpress\/wp-json\/wp\/v2\/posts\/519\/revisions"}],"predecessor-version":[{"id":2724,"href":"https:\/\/www.laurensoff.com\/wordpress\/wp-json\/wp\/v2\/posts\/519\/revisions\/2724"}],"wp:featuredmedia":[{"embeddable":true,"href":"https:\/\/www.laurensoff.com\/wordpress\/wp-json\/wp\/v2\/media\/520"}],"wp:attachment":[{"href":"https:\/\/www.laurensoff.com\/wordpress\/wp-json\/wp\/v2\/media?parent=519"}],"wp:term":[{"taxonomy":"category","embeddable":true,"href":"https:\/\/www.laurensoff.com\/wordpress\/wp-json\/wp\/v2\/categories?post=519"},{"taxonomy":"post_tag","embeddable":true,"href":"https:\/\/www.laurensoff.com\/wordpress\/wp-json\/wp\/v2\/tags?post=519"}],"curies":[{"name":"wp","href":"https:\/\/api.w.org\/{rel}","templated":true}]}}