{"id":299,"date":"2025-08-24T09:10:07","date_gmt":"2025-08-24T09:10:07","guid":{"rendered":"https:\/\/www.laurensoff.com\/wordpress\/?p=299"},"modified":"2025-08-24T09:10:07","modified_gmt":"2025-08-24T09:10:07","slug":"swann-sapprete-a-tourner-debut-septembre-%f0%9d%90%88%f0%9d%90%8c%f0%9d%90%8f%f0%9d%90%8e%f0%9d%90%92%f0%9d%90%92%f0%9d%90%88%f0%9d%90%81%f0%9d%90%8b%f0%9d%90%84-sous-la-direction-demmanuel-finkie","status":"publish","type":"post","link":"https:\/\/www.laurensoff.com\/wordpress\/swann-sapprete-a-tourner-debut-septembre-%f0%9d%90%88%f0%9d%90%8c%f0%9d%90%8f%f0%9d%90%8e%f0%9d%90%92%f0%9d%90%92%f0%9d%90%88%f0%9d%90%81%f0%9d%90%8b%f0%9d%90%84-sous-la-direction-demmanuel-finkie\/","title":{"rendered":"Swann s&rsquo;appr\u00eate \u00e0 tourner d\u00e9but septembre \ud835\udc08\ud835\udc0c\ud835\udc0f\ud835\udc0e\ud835\udc12\ud835\udc12\ud835\udc08\ud835\udc01\ud835\udc0b\ud835\udc04 sous la direction d&rsquo;Emmanuel Finkiel"},"content":{"rendered":"<div class=\"html-div xdj266r x14z9mp xat24cr x1lziwak xexx8yu xyri2b x18d9i69 x1c1uobl\" dir=\"auto\">\n<div class=\"html-div xdj266r x14z9mp xat24cr x1lziwak xexx8yu xyri2b x18d9i69 x1c1uobl\" data-ad-rendering-role=\"story_message\">\n<div id=\"_r_5r6_\" class=\"x1l90r2v x1iorvi4 x1g0dm76 xpdmqnj\" data-ad-comet-preview=\"message\" data-ad-preview=\"message\">\n<div class=\"x78zum5 xdt5ytf xz62fqu x16ldp7u\">\n<div class=\"xu06os2 x1ok221b\">\n<div class=\"html-div xdj266r x14z9mp xat24cr x1lziwak xexx8yu xyri2b x18d9i69 x1c1uobl\">\n<div class=\"xdj266r x14z9mp xat24cr x1lziwak x1vvkbs x126k92a\">\n<div dir=\"auto\"><span class=\"html-span xexx8yu xyri2b x18d9i69 x1c1uobl x1hl2dhg x16tdsg8 x1vvkbs x3nfvp2 x1j61x8r x1fcty0u xdj266r xat24cr xm2jcoa x1mpyi22 xxymvpz xlup9mm x1kky2od\"><img loading=\"lazy\" decoding=\"async\" class=\"xz74otr x15mokao x1ga7v0g x16uus16 xbiv7yw\" src=\"https:\/\/static.xx.fbcdn.net\/images\/emoji.php\/v9\/t26\/2\/16\/1f340.png\" alt=\"\ud83c\udf40\" width=\"16\" height=\"16\" \/><\/span> Swann s&rsquo;appr\u00eate \u00e0 tourner d\u00e9but septembre \ud835\udc08\ud835\udc0c\ud835\udc0f\ud835\udc0e\ud835\udc12\ud835\udc12\ud835\udc08\ud835\udc01\ud835\udc0b\ud835\udc04 sous la direction d&rsquo;Emmanuel Finkiel (\u00ab\u00a0Voyages\u00a0\u00bb, \u00ab\u00a0La Douleur\u00a0\u00bb, \u00ab\u00a0La Chambre de Marianna\u00a0\u00bb).<\/div>\n<\/div>\n<div class=\"x14z9mp xat24cr x1lziwak x1vvkbs xtlvy1s x126k92a\">\n<div dir=\"auto\">Il s&rsquo;agit d&rsquo;une production t\u00e9l\u00e9vis\u00e9e adapt\u00e9e du roman \u00e9ponyme de l&rsquo;auteur italien Erri de Luca.<\/div>\n<div dir=\"auto\">L&rsquo;ouvrage prend pour point de d\u00e9part un accident en montagne\u2026 qui est peut-\u00eatre un crime dissimul\u00e9.<\/div>\n<\/div>\n<div class=\"x14z9mp xat24cr x1lziwak x1vvkbs xtlvy1s x126k92a\">\n<div dir=\"auto\">\ud835\udc08\ud835\udc0c\ud835\udc0f\ud835\udc0e\ud835\udc12\ud835\udc12\ud835\udc08\ud835\udc01\ud835\udc0b\ud835\udc04 sera diffus\u00e9 prochainement sur <span class=\"html-span xdj266r x14z9mp xat24cr x1lziwak xexx8yu xyri2b x18d9i69 x1c1uobl x1hl2dhg x16tdsg8 x1vvkbs\"><a class=\"x1i10hfl xjbqb8w x1ejq31n x18oe1m7 x1sy0etr xstzfhl x972fbf x10w94by x1qhh985 x14e42zd x9f619 x1ypdohk xt0psk2 x3ct3a4 xdj266r x14z9mp xat24cr x1lziwak xexx8yu xyri2b x18d9i69 x1c1uobl x16tdsg8 x1hl2dhg xggy1nq x1a2a7pz xkrqix3 x1sur9pj x1fey0fg x1s688f\" tabindex=\"0\" role=\"link\" href=\"https:\/\/www.facebook.com\/artetv?__cft__[0]=AZWpz-w1EmtYrVYehB2gpWSKpeeN160_JH1c4D_AtiU_c2pKvKZ2kFwIBx8H4zo4Ht0XKMo2yTcuAH7ep8hdpF8Cj1lMObPf-9-tAXQN6kAw7BHzH98G4pTeHB07Kz2mH9G6voSKL6H1Qb9ewOUWkpaS9x7pa0Dtq55KqwqjHYqZfWrFUeuy-_SUxi9i3vIzTW9YEhsDQ9n-pBB7MkVDP1-j&amp;__tn__=-]K-R\"><span class=\"xt0psk2\"><span class=\"xjp7ctv\">ARTE<\/span><\/span><\/a><\/span>.<\/div>\n<\/div>\n<div dir=\"auto\"><span class=\"x193iq5w xeuugli x13faqbe x1vvkbs x1xmvt09 x1lliihq x1s928wv xhkezso x1gmr53x x1cpjm7i x1fgarty x1943h6x xudqn12 x3x7a5m x6prxxf xvq8zen xo1l8bm xzsf02u\" dir=\"auto\">Swann Arlaud est le meilleur acteur fran\u00e7ais de sa g\u00e9n\u00e9ration. Tout simplement !<\/span><\/div>\n<\/div>\n<div dir=\"auto\"><\/div>\n<div class=\"html-div xdj266r x14z9mp xat24cr x1lziwak xexx8yu xyri2b x18d9i69 x1c1uobl\">\n<div class=\"x14z9mp xat24cr x1lziwak x1vvkbs xtlvy1s x126k92a\">\n<div dir=\"auto\"><a href=\"https:\/\/www.facebook.com\/SwannArlaudFans\">https:\/\/www.facebook.com\/SwannArlaudFans<\/a><\/div>\n<\/div>\n<\/div>\n<\/div>\n<\/div>\n<\/div>\n<\/div>\n<\/div>\n","protected":false},"excerpt":{"rendered":"<p>Swann s&rsquo;appr\u00eate \u00e0 tourner d\u00e9but septembre \ud835\udc08\ud835\udc0c\ud835\udc0f\ud835\udc0e\ud835\udc12\ud835\udc12\ud835\udc08\ud835\udc01\ud835\udc0b\ud835\udc04 sous la direction d&rsquo;Emmanuel Finkiel (\u00ab\u00a0Voyages\u00a0\u00bb, \u00ab\u00a0La Douleur\u00a0\u00bb,&#8230;<\/p>\n","protected":false},"author":1,"featured_media":300,"comment_status":"open","ping_status":"closed","sticky":false,"template":"","format":"standard","meta":{"_bbp_topic_count":0,"_bbp_reply_count":0,"_bbp_total_topic_count":0,"_bbp_total_reply_count":0,"_bbp_voice_count":0,"_bbp_anonymous_reply_count":0,"_bbp_topic_count_hidden":0,"_bbp_reply_count_hidden":0,"_bbp_forum_subforum_count":0,"_crdt_document":"","_jetpack_memberships_contains_paid_content":false,"footnotes":"","jetpack_publicize_message":"","jetpack_publicize_feature_enabled":true,"jetpack_social_post_already_shared":false,"jetpack_social_options":{"image_generator_settings":{"template":"highway","default_image_id":0,"font":"","enabled":false},"version":2}},"categories":[7,6],"tags":[],"class_list":["post-299","post","type-post","status-publish","format-standard","has-post-thumbnail","hentry","category-television","category-tv"],"jetpack_publicize_connections":[],"jetpack_featured_media_url":"https:\/\/www.laurensoff.com\/wordpress\/wp-content\/uploads\/2025\/08\/536287271_1612251406720554_8758184610828741372_n.jpg","jetpack_sharing_enabled":true,"_links":{"self":[{"href":"https:\/\/www.laurensoff.com\/wordpress\/wp-json\/wp\/v2\/posts\/299","targetHints":{"allow":["GET"]}}],"collection":[{"href":"https:\/\/www.laurensoff.com\/wordpress\/wp-json\/wp\/v2\/posts"}],"about":[{"href":"https:\/\/www.laurensoff.com\/wordpress\/wp-json\/wp\/v2\/types\/post"}],"author":[{"embeddable":true,"href":"https:\/\/www.laurensoff.com\/wordpress\/wp-json\/wp\/v2\/users\/1"}],"replies":[{"embeddable":true,"href":"https:\/\/www.laurensoff.com\/wordpress\/wp-json\/wp\/v2\/comments?post=299"}],"version-history":[{"count":1,"href":"https:\/\/www.laurensoff.com\/wordpress\/wp-json\/wp\/v2\/posts\/299\/revisions"}],"predecessor-version":[{"id":301,"href":"https:\/\/www.laurensoff.com\/wordpress\/wp-json\/wp\/v2\/posts\/299\/revisions\/301"}],"wp:featuredmedia":[{"embeddable":true,"href":"https:\/\/www.laurensoff.com\/wordpress\/wp-json\/wp\/v2\/media\/300"}],"wp:attachment":[{"href":"https:\/\/www.laurensoff.com\/wordpress\/wp-json\/wp\/v2\/media?parent=299"}],"wp:term":[{"taxonomy":"category","embeddable":true,"href":"https:\/\/www.laurensoff.com\/wordpress\/wp-json\/wp\/v2\/categories?post=299"},{"taxonomy":"post_tag","embeddable":true,"href":"https:\/\/www.laurensoff.com\/wordpress\/wp-json\/wp\/v2\/tags?post=299"}],"curies":[{"name":"wp","href":"https:\/\/api.w.org\/{rel}","templated":true}]}}