{"id":2834,"date":"2026-09-02T19:30:02","date_gmt":"2026-09-02T18:30:02","guid":{"rendered":"https:\/\/www.laurensoff.com\/wordpress\/?p=2834"},"modified":"2026-09-02T19:30:02","modified_gmt":"2026-09-02T18:30:02","slug":"la-question-palestinienne-deux-peuples-revendiquent-la-souverainete-legitime-sur-le-meme-territoire","status":"publish","type":"post","link":"https:\/\/www.laurensoff.com\/wordpress\/la-question-palestinienne-deux-peuples-revendiquent-la-souverainete-legitime-sur-le-meme-territoire\/","title":{"rendered":"La question palestinienne deux peuples revendiquent la souverainet\u00e9 l\u00e9gitime sur le m\u00eame territoire."},"content":{"rendered":"<p data-path-to-node=\"0\">La <b data-path-to-node=\"0\" data-index-in-node=\"3\">question palestinienne<\/b> d\u00e9signe l&rsquo;ensemble des enjeux politiques, humanitaires, historiques et territoriaux li\u00e9s au peuple palestinien et \u00e0 la souverainet\u00e9 sur la terre situ\u00e9e entre la mer M\u00e9diterran\u00e9e et le fleuve Jourdain.<\/p>\n<p data-path-to-node=\"1\">Ce conflit, qui dresse principalement en opposition les mouvements nationaux juif (le sionisme) et arabe palestinien, repose sur le fait que <b data-path-to-node=\"1\" data-index-in-node=\"141\">deux peuples revendiquent la souverainet\u00e9 l\u00e9gitime sur le m\u00eame territoire<\/b>.<\/p>\n<h3 data-path-to-node=\"3\">Les points cl\u00e9s \u00e0 r\u00e9gler depuis des d\u00e9cennies<\/h3>\n<p data-path-to-node=\"4\">Pour comprendre pourquoi ce conflit dure depuis tant d&rsquo;ann\u00e9es, il faut observer les points de blocage majeurs qui emp\u00eachent la conclusion d&rsquo;un accord de paix d\u00e9finitif :<\/p>\n<h4 data-path-to-node=\"5\">1. Le statut des territoires et les fronti\u00e8res<\/h4>\n<ul data-path-to-node=\"6\">\n<li>\n<p data-path-to-node=\"6,0,0\"><b data-path-to-node=\"6,0,0\" data-index-in-node=\"0\">L&rsquo;enjeu :<\/b> D\u00e9terminer les fronti\u00e8res exactes de deux \u00c9tats ind\u00e9pendants (Isra\u00ebl et un potentiel \u00c9tat de Palestine).<\/p>\n<\/li>\n<li>\n<p data-path-to-node=\"6,1,0\"><b data-path-to-node=\"6,1,0\" data-index-in-node=\"0\">Le point de blocage :<\/b> La Palestine revendique un \u00c9tat sur les territoires occup\u00e9s par Isra\u00ebl depuis la guerre des Six Jours en 1967 (la Cisjordanie et la bande de Gaza). L&rsquo;expansion continue des colonies de peuplement isra\u00e9liennes en Cisjordanie rend le d\u00e9coupage d&rsquo;un \u00c9tat palestinien continu de plus en plus difficile sur le terrain.<\/p>\n<\/li>\n<\/ul>\n<h4 data-path-to-node=\"7\">2. Le statut de J\u00e9rusalem<\/h4>\n<ul data-path-to-node=\"8\">\n<li>\n<p data-path-to-node=\"8,0,0\"><b data-path-to-node=\"8,0,0\" data-index-in-node=\"0\">L&rsquo;enjeu :<\/b> J\u00e9rusalem est une ville sainte centrale pour le juda\u00efsme, le christianisme et l&rsquo;islam, et une capitale symbolique essentielle pour les deux parties.<\/p>\n<\/li>\n<li>\n<p data-path-to-node=\"8,1,0\"><b data-path-to-node=\"8,1,0\" data-index-in-node=\"0\">Le point de blocage :<\/b> Isra\u00ebl consid\u00e8re J\u00e9rusalem comme sa capitale \u00ab\u00a0une et indivisible\u00a0\u00bb. De leur c\u00f4t\u00e9, les Palestiniens revendiquent J\u00e9rusalem-Est (annex\u00e9e par Isra\u00ebl) comme la capitale de leur futur \u00c9tat.<\/p>\n<\/li>\n<\/ul>\n<h4 data-path-to-node=\"9\">3. Le droit au retour des r\u00e9fugi\u00e9s palestiniens<\/h4>\n<ul data-path-to-node=\"10\">\n<li>\n<p data-path-to-node=\"10,0,0\"><b data-path-to-node=\"10,0,0\" data-index-in-node=\"0\">L&rsquo;enjeu :<\/b> Lors de la cr\u00e9ation d&rsquo;Isra\u00ebl en 1948 (\u00e9v\u00e9nement appel\u00e9 la <i data-path-to-node=\"10,0,0\" data-index-in-node=\"68\">Nakba<\/i> ou \u00ab catastrophe \u00bb par les Palestiniens), environ 700 000 Palestiniens ont fui ou ont \u00e9t\u00e9 expuls\u00e9s de leurs foyers. Aujourd&rsquo;hui, avec leurs descendants, ils sont environ 5,9 millions enregistr\u00e9s aupr\u00e8s de l&rsquo;ONU.<\/p>\n<\/li>\n<li>\n<p data-path-to-node=\"10,1,0\"><b data-path-to-node=\"10,1,0\" data-index-in-node=\"0\">Le point de blocage :<\/b> Les Palestiniens r\u00e9clament le \u00ab droit au retour \u00bb de ces r\u00e9fugi\u00e9s sur les terres d&rsquo;origine situ\u00e9es \u00e0 l&rsquo;int\u00e9rieur d&rsquo;Isra\u00ebl. Isra\u00ebl refuse cat\u00e9goriquement, affirmant que cela modifierait l&rsquo;\u00e9quilibre d\u00e9mographique du pays et remettrait en cause son caract\u00e8re d&rsquo;\u00c9tat juif.<\/p>\n<\/li>\n<\/ul>\n<h4 data-path-to-node=\"11\">4. La s\u00e9curit\u00e9 d&rsquo;Isra\u00ebl et la fin du contr\u00f4le militaire<\/h4>\n<ul data-path-to-node=\"12\">\n<li>\n<p data-path-to-node=\"12,0,0\"><b data-path-to-node=\"12,0,0\" data-index-in-node=\"0\">L&rsquo;enjeu :<\/b> Garantir que les citoyens isra\u00e9liens soient \u00e0 l&rsquo;abri des attaques, tirs de roquettes ou actes terroristes \u00e9manant de groupes arm\u00e9s palestiniens (comme le Hamas).<\/p>\n<\/li>\n<li>\n<p data-path-to-node=\"12,1,0\"><b data-path-to-node=\"12,1,0\" data-index-in-node=\"0\">Le point de blocage :<\/b> Isra\u00ebl justifie son contr\u00f4le militaire, le blocus de Gaza et les points de passage en Cisjordanie par des imp\u00e9ratifs de s\u00e9curit\u00e9. Pour les Palestiniens, ce dispositif \u00e9quivaut \u00e0 un r\u00e9gime d&rsquo;occupation et d&rsquo;interdiction de mouvement inacceptable qui asphyxie leur soci\u00e9t\u00e9 et leur \u00e9conomie.<\/p>\n<\/li>\n<\/ul>\n<h3 data-path-to-node=\"14\">Les grandes \u00e9tapes historiques du conflit<\/h3>\n<div class=\"attachment-container unknown\">\n<div class=\"timeline-container\" data-hveid=\"0\" data-ved=\"0CAAQ8uoSahcKEwjm3_GiwtCWAxUAAAAAHQAAAAAQcw\">\n<div class=\"timeline-event ng-star-inserted\">\n<div class=\"timeline-marker-container\">\n<div class=\"timeline-marker\"><\/div>\n<div class=\"timeline-line ng-star-inserted\"><\/div>\n<\/div>\n<div class=\"timeline-content\">\n<div class=\"timeline-title gds-emphasized-body-l ng-star-inserted\">Plan de partage de l&rsquo;ONU<\/div>\n<div class=\"timeline-time-label gds-extended-caption ng-star-inserted\">1947<\/div>\n<div class=\"timeline-description gds-body-l ng-star-inserted\">\n<p class=\"ng-star-inserted\">L&rsquo;ONU propose de diviser la Palestine mandataire britannique en deux \u00c9tats (un juif, un arabe) et de placer J\u00e9rusalem sous statut international. Le plan est accept\u00e9 par les dirigeants juifs mais rejet\u00e9 par les dirigeants arabes.<\/p>\n<\/div>\n<\/div>\n<\/div>\n<div class=\"timeline-event ng-star-inserted\">\n<div class=\"timeline-marker-container\">\n<div class=\"timeline-marker\"><\/div>\n<div class=\"timeline-line ng-star-inserted\"><\/div>\n<\/div>\n<div class=\"timeline-content\">\n<div class=\"timeline-title gds-emphasized-body-l ng-star-inserted\">Cr\u00e9ation d&rsquo;Isra\u00ebl et Premi\u00e8re guerre<\/div>\n<div class=\"timeline-time-label gds-extended-caption ng-star-inserted\">1948<\/div>\n<div class=\"timeline-description gds-body-l ng-star-inserted\">\n<p class=\"ng-star-inserted\">Proclamation de l&rsquo;\u00c9tat d&rsquo;Isra\u00ebl suivie d&rsquo;une guerre avec les pays arabes voisins. Isra\u00ebl \u00e9tend son territoire au-del\u00e0 du plan de l&rsquo;ONU ; la Cisjordanie passe sous contr\u00f4le jordanien et Gaza sous contr\u00f4le \u00e9gyptien. C&rsquo;est le d\u00e9but du probl\u00e8me des r\u00e9fugi\u00e9s (<i>Nakba<\/i>).<\/p>\n<\/div>\n<\/div>\n<\/div>\n<div class=\"timeline-event ng-star-inserted\">\n<div class=\"timeline-marker-container\">\n<div class=\"timeline-marker\"><\/div>\n<div class=\"timeline-line ng-star-inserted\"><\/div>\n<\/div>\n<div class=\"timeline-content\">\n<div class=\"timeline-title gds-emphasized-body-l ng-star-inserted\">Guerre des Six Jours<\/div>\n<div class=\"timeline-time-label gds-extended-caption ng-star-inserted\">1967<\/div>\n<div class=\"timeline-description gds-body-l ng-star-inserted\">\n<p class=\"ng-star-inserted\">Isra\u00ebl occupe la Cisjordanie, J\u00e9rusalem-Est, la bande de Gaza, le Sina\u00ef \u00e9gyptien et le plateau du Golan syrien. D\u00e9but de l&rsquo;occupation militaire des territoires palestiniens.<\/p>\n<\/div>\n<\/div>\n<\/div>\n<div class=\"timeline-event ng-star-inserted\">\n<div class=\"timeline-marker-container\">\n<div class=\"timeline-marker\"><\/div>\n<\/div>\n<div class=\"timeline-content\">\n<div class=\"timeline-title gds-emphasized-body-l ng-star-inserted\">Accords d&rsquo;Oslo<\/div>\n<div class=\"timeline-time-label gds-extended-caption ng-star-inserted\">1993<\/div>\n<div class=\"timeline-description gds-body-l ng-star-inserted\">\n<p class=\"ng-star-inserted\">Signature d&rsquo;un accord historique cr\u00e9ant l&rsquo;Autorit\u00e9 palestinienne et pr\u00e9voyant une autonomie progressive. Cependant, les questions fondamentales (fronti\u00e8res, r\u00e9fugi\u00e9s, J\u00e9rusalem) sont report\u00e9es et le processus de paix \u00e9choue \u00e0 terme au d\u00e9but des ann\u00e9es 2000.<\/p>\n<\/div>\n<\/div>\n<\/div>\n<\/div>\n<\/div>\n<h3 data-path-to-node=\"17\">Pourquoi la situation est-elle aujourd&rsquo;hui au point mort ?<\/h3>\n<ul data-path-to-node=\"18\">\n<li>\n<p data-path-to-node=\"18,0,0\"><b data-path-to-node=\"18,0,0\" data-index-in-node=\"0\">Division politique palestinienne :<\/b> Une rupture politique s\u00e9pare l&rsquo;Autorit\u00e9 palestinienne (qui gouverne en Cisjordanie et privil\u00e9gie la voie diplomatique) et le mouvement islamiste arm\u00e9 Hamas (qui contr\u00f4le Gaza et pr\u00f4ne la lutte arm\u00e9e).<\/p>\n<\/li>\n<li>\n<p data-path-to-node=\"18,1,0\"><b data-path-to-node=\"18,1,0\" data-index-in-node=\"0\">Politique isra\u00e9lienne :<\/b> La politique isra\u00e9lienne s&rsquo;est ancr\u00e9e \u00e0 droite, privil\u00e9giant la gestion s\u00e9curitaire et le d\u00e9veloppement des colonies plut\u00f4t que la n\u00e9gociation d&rsquo;un \u00c9tat palestinien.<\/p>\n<\/li>\n<li>\n<p data-path-to-node=\"18,2,0\"><b data-path-to-node=\"18,2,0\" data-index-in-node=\"0\">\u00c9chec de la solution \u00e0 deux \u00c9tats :<\/b> Bien que soutenue officiellement par la communaut\u00e9 internationale, la cr\u00e9ation d&rsquo;un \u00c9tat palestinien ind\u00e9pendant vivant \u00e0 c\u00f4t\u00e9 d&rsquo;Isra\u00ebl para\u00eet de plus en plus difficile \u00e0 concr\u00e9tiser sur le terrain.<\/p>\n<\/li>\n<\/ul>\n","protected":false},"excerpt":{"rendered":"<p>La question palestinienne d\u00e9signe l&rsquo;ensemble des enjeux politiques, humanitaires, historiques et territoriaux li\u00e9s au peuple&#8230;<\/p>\n","protected":false},"author":1,"featured_media":2835,"comment_status":"open","ping_status":"closed","sticky":false,"template":"","format":"standard","meta":{"_jetpack_newsletter_access":"","_jetpack_dont_email_post_to_subs":false,"_jetpack_newsletter_tier_id":0,"_jetpack_memberships_contains_paywalled_content":false,"_jetpack_feature_clip_id":0,"_jetpack_memberships_contains_paid_content":false,"footnotes":"","jetpack_publicize_message":"","jetpack_publicize_feature_enabled":true,"jetpack_social_post_already_shared":true,"jetpack_social_options":{"image_generator_settings":{"template":"highway","default_image_id":0,"font":"","enabled":false},"version":2},"jetpack_post_was_ever_published":false},"categories":[2475,2460,733],"tags":[2488,2476,2477,2490,1112,2478,2489,2479,1325,285,2480,2481,2482,2483,286,2491,2484,2485,2486,2487],"class_list":["post-2834","post","type-post","status-publish","format-standard","has-post-thumbnail","hentry","category-la-question-palestinienne","category-memo-clean-break","category-ww3","tag-accords-doslo","tag-arabie-saoudite","tag-bahrein","tag-creation-disrael-et-premiere-guerre","tag-egypte","tag-emirats-arabes-unis","tag-guerre-des-six-jours","tag-irak","tag-iran","tag-israel","tag-jordanie","tag-koweit","tag-liban","tag-oman","tag-palestine","tag-plan-de-partage-de-lonu","tag-qatar","tag-syrie","tag-turquie","tag-yemen"],"jetpack_publicize_connections":[],"jetpack_sharing_enabled":true,"jetpack_featured_media_url":"https:\/\/www.laurensoff.com\/wordpress\/wp-content\/uploads\/2026\/09\/FC_LesPalestiniens_2560X1280.png","_links":{"self":[{"href":"https:\/\/www.laurensoff.com\/wordpress\/wp-json\/wp\/v2\/posts\/2834","targetHints":{"allow":["GET"]}}],"collection":[{"href":"https:\/\/www.laurensoff.com\/wordpress\/wp-json\/wp\/v2\/posts"}],"about":[{"href":"https:\/\/www.laurensoff.com\/wordpress\/wp-json\/wp\/v2\/types\/post"}],"author":[{"embeddable":true,"href":"https:\/\/www.laurensoff.com\/wordpress\/wp-json\/wp\/v2\/users\/1"}],"replies":[{"embeddable":true,"href":"https:\/\/www.laurensoff.com\/wordpress\/wp-json\/wp\/v2\/comments?post=2834"}],"version-history":[{"count":1,"href":"https:\/\/www.laurensoff.com\/wordpress\/wp-json\/wp\/v2\/posts\/2834\/revisions"}],"predecessor-version":[{"id":2836,"href":"https:\/\/www.laurensoff.com\/wordpress\/wp-json\/wp\/v2\/posts\/2834\/revisions\/2836"}],"wp:featuredmedia":[{"embeddable":true,"href":"https:\/\/www.laurensoff.com\/wordpress\/wp-json\/wp\/v2\/media\/2835"}],"wp:attachment":[{"href":"https:\/\/www.laurensoff.com\/wordpress\/wp-json\/wp\/v2\/media?parent=2834"}],"wp:term":[{"taxonomy":"category","embeddable":true,"href":"https:\/\/www.laurensoff.com\/wordpress\/wp-json\/wp\/v2\/categories?post=2834"},{"taxonomy":"post_tag","embeddable":true,"href":"https:\/\/www.laurensoff.com\/wordpress\/wp-json\/wp\/v2\/tags?post=2834"}],"curies":[{"name":"wp","href":"https:\/\/api.w.org\/{rel}","templated":true}]}}