{"id":2819,"date":"2026-09-02T16:12:21","date_gmt":"2026-09-02T15:12:21","guid":{"rendered":"https:\/\/www.laurensoff.com\/wordpress\/?p=2819"},"modified":"2026-09-02T16:17:14","modified_gmt":"2026-09-02T15:17:14","slug":"2819-2","status":"publish","type":"post","link":"https:\/\/www.laurensoff.com\/wordpress\/2819-2\/","title":{"rendered":"L&rsquo;ab\u00e9c\u00e9daire de Moya de Patrick Moya \u00e0 la Galerie d\u2019art Le Moulin \u00e0 La Valette-du-Var"},"content":{"rendered":"<div>\n<table class=\"m_-4323331772995955141mailpoet_cols-two\" border=\"0\" width=\"440\" cellspacing=\"0\" cellpadding=\"0\" align=\"left\">\n<tbody>\n<tr>\n<td valign=\"top\">\n<table style=\"height: 26px;\" width=\"694\" cellpadding=\"0\">\n<tbody>\n<tr>\n<td>La Ville de La Valette-du-Var a le plaisir de vous inviter au vernissage de la nouvelle exposition <strong>\u00ab L&rsquo;ab\u00e9c\u00e9daire de Moya \u00bb de Patrick Moya,<\/strong><\/td>\n<\/tr>\n<\/tbody>\n<\/table>\n<table width=\"100%\" cellpadding=\"0\">\n<tbody>\n<tr>\n<td>\u00e0 la <strong>Galerie d\u2019art Le Moulin<\/strong>.<br \/>\n<strong>mardi 15 septembre 2026 \u00e0 18h30<\/strong>,<\/td>\n<\/tr>\n<\/tbody>\n<\/table>\n<table width=\"100%\" cellpadding=\"0\">\n<tbody>\n<tr>\n<td><\/td>\n<\/tr>\n<\/tbody>\n<\/table>\n<table style=\"height: 137px;\" width=\"732\" cellpadding=\"0\">\n<tbody>\n<tr>\n<td>\u00c0 cette occasion, vous \u00eates convi\u00e9s \u00e0 d\u00e9couvrir l\u2019univers foisonnant et singulier de cet artiste contemporain inclassable, qui explore depuis plus de quarante ans les fronti\u00e8res entre peinture, sculpture, performance et cr\u00e9ation num\u00e9rique.<\/td>\n<\/tr>\n<\/tbody>\n<\/table>\n<table width=\"100%\" cellpadding=\"0\">\n<tbody>\n<tr>\n<td><\/td>\n<\/tr>\n<\/tbody>\n<\/table>\n<table width=\"100%\" cellpadding=\"0\">\n<tbody>\n<tr>\n<td>\u00c0 travers <strong>26 lettres de l\u2019alphabet<\/strong>, Patrick Moya nous invite \u00e0 entrer dans son monde imaginaire, le <strong>Moya Land<\/strong>, un univers ludique et malicieux peupl\u00e9 de personnages, d\u2019animaux fantastiques et de cr\u00e9atures embl\u00e9matiques. Peintures, sculptures, objets insolites et installations composent un parcours riche en couleurs o\u00f9 chaque lettre r\u00e9v\u00e8le une nouvelle facette de son \u0153uvre.<\/td>\n<\/tr>\n<\/tbody>\n<\/table>\n<table width=\"100%\" cellpadding=\"0\">\n<tbody>\n<tr>\n<td><\/td>\n<\/tr>\n<\/tbody>\n<\/table>\n<table width=\"100%\" cellpadding=\"0\">\n<tbody>\n<tr>\n<td>Du c\u00e9l\u00e8bre petit \u00ab moya \u00bb, autoportrait caricatural inspir\u00e9 de Pinocchio, \u00e0 la brebis Dolly, en passant par son bestiaire \u00e9tonnant, cette exposition t\u00e9moigne d\u2019une d\u00e9marche artistique unique, m\u00ealant humour, po\u00e9sie et cr\u00e9ativit\u00e9.<\/td>\n<\/tr>\n<\/tbody>\n<\/table>\n<table width=\"100%\" cellpadding=\"0\">\n<tbody>\n<tr>\n<td><\/td>\n<\/tr>\n<\/tbody>\n<\/table>\n<table width=\"100%\" cellpadding=\"0\">\n<tbody>\n<tr>\n<td>Pionnier des univers virtuels et passionn\u00e9 par les nouvelles formes d\u2019expression, Patrick Moya d\u00e9veloppe une \u0153uvre sans fronti\u00e8res, o\u00f9 l\u2019artiste devient \u00e0 la fois cr\u00e9ateur et personnage de son propre imaginaire.<\/td>\n<\/tr>\n<\/tbody>\n<\/table>\n<table width=\"100%\" cellpadding=\"0\">\n<tbody>\n<tr>\n<td><\/td>\n<\/tr>\n<\/tbody>\n<\/table>\n<table width=\"100%\" cellpadding=\"0\">\n<tbody>\n<tr>\n<td>Nous serions heureux de vous accueillir \u00e0 cette occasion et de partager avec vous ce moment de d\u00e9couverte et de convivialit\u00e9 autour de l\u2019univers fascinant de Patrick Moya.<\/td>\n<\/tr>\n<\/tbody>\n<\/table>\n<\/td>\n<\/tr>\n<tr>\n<td valign=\"top\">\n<table style=\"height: 16px;\" border=\"0\" width=\"719\" cellspacing=\"0\" cellpadding=\"0\">\n<tbody>\n<tr>\n<td><\/td>\n<\/tr>\n<\/tbody>\n<\/table>\n<\/td>\n<\/tr>\n<tr>\n<td valign=\"top\">\n<table width=\"100%\" cellpadding=\"0\">\n<tbody>\n<tr>\n<td>Au plaisir de vous accueillir,<br \/>\n<strong>La Ville de La Valette-du-Var<\/strong><\/td>\n<\/tr>\n<\/tbody>\n<\/table>\n<\/td>\n<\/tr>\n<tr>\n<td valign=\"top\">\n<table border=\"0\" width=\"100%\" cellspacing=\"0\" cellpadding=\"0\">\n<tbody>\n<tr>\n<td><img loading=\"lazy\" decoding=\"async\" class=\"alignnone  wp-image-2824\" src=\"https:\/\/www.laurensoff.com\/wordpress\/wp-content\/uploads\/2026\/09\/unnamed.jpg\" alt=\"\" width=\"122\" height=\"89\" \/><\/td>\n<\/tr>\n<\/tbody>\n<\/table>\n<\/td>\n<\/tr>\n<tr>\n<td valign=\"top\">\n<table width=\"100%\" cellpadding=\"0\">\n<tbody>\n<tr>\n<td><img loading=\"lazy\" decoding=\"async\" class=\"an1\" draggable=\"false\" src=\"https:\/\/fonts.gstatic.com\/s\/e\/notoemoji\/17.0\/1f4c5\/72.png\" alt=\"\ud83d\udcc5\" width=\"21\" height=\"21\" data-emoji=\"\ud83d\udcc5\" aria-label=\"\ud83d\udcc5\" \/> <strong>Exposition du 16 septembre au 9 octobre 2026<\/strong><br \/>\n<img loading=\"lazy\" decoding=\"async\" class=\"an1\" draggable=\"false\" src=\"https:\/\/fonts.gstatic.com\/s\/e\/notoemoji\/17.0\/1f4cd\/72.png\" alt=\"\ud83d\udccd\" width=\"27\" height=\"27\" data-emoji=\"\ud83d\udccd\" aria-label=\"\ud83d\udccd\" \/> <strong>Galerie d\u2019art Le Moulin<\/strong><br \/>\n<a href=\"https:\/\/www.google.com\/maps\/search\/8,+avenue+Aristide-Briand++83160+La+Valette-du-Var?entry=gmail&amp;source=g\" data-saferedirecturl=\"https:\/\/www.google.com\/url?q=https:\/\/www.google.com\/maps\/search\/8,%2Bavenue%2BAristide-Briand%2B%2B83160%2BLa%2BValette-du-Var?entry%3Dgmail%26source%3Dg&amp;source=gmail&amp;ust=1788447816651000&amp;usg=AOvVaw16uPfQbS26jo93aKFECx24\">8, avenue Aristide-Briand <\/a>\u2013 <a href=\"https:\/\/www.google.com\/maps\/search\/8,+avenue+Aristide-Briand++83160+La+Valette-du-Var?entry=gmail&amp;source=g\" data-saferedirecturl=\"https:\/\/www.google.com\/url?q=https:\/\/www.google.com\/maps\/search\/8,%2Bavenue%2BAristide-Briand%2B%2B83160%2BLa%2BValette-du-Var?entry%3Dgmail%26source%3Dg&amp;source=gmail&amp;ust=1788447816651000&amp;usg=AOvVaw16uPfQbS26jo93aKFECx24\">83160 La Valette-du-Var<\/a><br \/>\n<img loading=\"lazy\" decoding=\"async\" class=\"an1\" draggable=\"false\" src=\"https:\/\/fonts.gstatic.com\/s\/e\/notoemoji\/17.0\/1f4de\/72.png\" alt=\"\ud83d\udcde\" width=\"22\" height=\"22\" data-emoji=\"\ud83d\udcde\" aria-label=\"\ud83d\udcde\" \/> 06 07 75 43 31<\/td>\n<\/tr>\n<\/tbody>\n<\/table>\n<\/td>\n<\/tr>\n<\/tbody>\n<\/table>\n<\/div>\n<div><\/div>\n","protected":false},"excerpt":{"rendered":"<p>La Ville de La Valette-du-Var a le plaisir de vous inviter au vernissage de la&#8230;<\/p>\n","protected":false},"author":1,"featured_media":2820,"comment_status":"open","ping_status":"closed","sticky":false,"template":"","format":"standard","meta":{"_jetpack_newsletter_access":"","_jetpack_dont_email_post_to_subs":false,"_jetpack_newsletter_tier_id":0,"_jetpack_memberships_contains_paywalled_content":false,"_jetpack_feature_clip_id":0,"_jetpack_memberships_contains_paid_content":false,"footnotes":"","jetpack_publicize_message":"","jetpack_publicize_feature_enabled":true,"jetpack_social_post_already_shared":true,"jetpack_social_options":{"image_generator_settings":{"template":"highway","default_image_id":0,"font":"","enabled":false},"version":2},"jetpack_post_was_ever_published":false},"categories":[15,17,2409],"tags":[2413,2271,2249,2412,2262,2418,2245,2410,2251,2248,2417,2255,2253,2236,2416,2414,2261,2415,2254,2411],"class_list":["post-2819","post","type-post","status-publish","format-standard","has-post-thumbnail","hentry","category-arts","category-arts-plastiques","category-patrick-moya","tag-affichisme","tag-art-numerique","tag-bande-dessinee","tag-calligraphie","tag-collage","tag-conception-graphique","tag-dessin","tag-estampe","tag-gravure","tag-illustration","tag-infographie","tag-linogravure","tag-lithographie","tag-peinture","tag-peinture-vectorielle","tag-photographie-dart","tag-photomontage","tag-pixel-art","tag-serigraphie","tag-typographie"],"jetpack_publicize_connections":[],"jetpack_sharing_enabled":true,"jetpack_featured_media_url":"https:\/\/www.laurensoff.com\/wordpress\/wp-content\/uploads\/2026\/09\/784055473_2685695488491685_7513368040573935542_n-1-e1788361872962.jpg","_links":{"self":[{"href":"https:\/\/www.laurensoff.com\/wordpress\/wp-json\/wp\/v2\/posts\/2819","targetHints":{"allow":["GET"]}}],"collection":[{"href":"https:\/\/www.laurensoff.com\/wordpress\/wp-json\/wp\/v2\/posts"}],"about":[{"href":"https:\/\/www.laurensoff.com\/wordpress\/wp-json\/wp\/v2\/types\/post"}],"author":[{"embeddable":true,"href":"https:\/\/www.laurensoff.com\/wordpress\/wp-json\/wp\/v2\/users\/1"}],"replies":[{"embeddable":true,"href":"https:\/\/www.laurensoff.com\/wordpress\/wp-json\/wp\/v2\/comments?post=2819"}],"version-history":[{"count":4,"href":"https:\/\/www.laurensoff.com\/wordpress\/wp-json\/wp\/v2\/posts\/2819\/revisions"}],"predecessor-version":[{"id":2825,"href":"https:\/\/www.laurensoff.com\/wordpress\/wp-json\/wp\/v2\/posts\/2819\/revisions\/2825"}],"wp:featuredmedia":[{"embeddable":true,"href":"https:\/\/www.laurensoff.com\/wordpress\/wp-json\/wp\/v2\/media\/2820"}],"wp:attachment":[{"href":"https:\/\/www.laurensoff.com\/wordpress\/wp-json\/wp\/v2\/media?parent=2819"}],"wp:term":[{"taxonomy":"category","embeddable":true,"href":"https:\/\/www.laurensoff.com\/wordpress\/wp-json\/wp\/v2\/categories?post=2819"},{"taxonomy":"post_tag","embeddable":true,"href":"https:\/\/www.laurensoff.com\/wordpress\/wp-json\/wp\/v2\/tags?post=2819"}],"curies":[{"name":"wp","href":"https:\/\/api.w.org\/{rel}","templated":true}]}}