{"id":2810,"date":"2026-09-01T22:11:36","date_gmt":"2026-09-01T21:11:36","guid":{"rendered":"https:\/\/www.laurensoff.com\/wordpress\/?p=2810"},"modified":"2026-09-01T22:12:55","modified_gmt":"2026-09-01T21:12:55","slug":"le-35eme-festival-de-theatre-amateur-de-la-valette","status":"publish","type":"post","link":"https:\/\/www.laurensoff.com\/wordpress\/le-35eme-festival-de-theatre-amateur-de-la-valette\/","title":{"rendered":"Le 35eme Festival de Th\u00e9\u00e2tre Amateur de la Valette"},"content":{"rendered":"<div class=\"xdj266r x14z9mp xat24cr x1lziwak x1vvkbs x126k92a\">\n<div dir=\"auto\">Le 35eme Festival de Th\u00e9\u00e2tre Amateur de la Valette ouvre ses portes le 3 septembre 2026 \u00e0 la Salle Mar\u00e9lios de l&rsquo;Espace Culturel Albert Camus. Et m\u00eame le 2 en prenant en compte le \u00ab hors festival \u00bb en entr\u00e9e libre.<\/div>\n<\/div>\n<div class=\"x14z9mp xat24cr x1lziwak x1vvkbs xtlvy1s x126k92a\">\n<div dir=\"auto\">La billetterie sera ouverte pour r\u00e9server ses places les lundi 24 aout, mardi 25, jeudi 27 et vendredi 28 aout au th\u00e9\u00e2tre Mar\u00e9lios, Espace Albert Camus de 17h \u00e0 19h. Paiement des places uniquement par ch\u00e8que, liquide ou virement. Pas de CB.<\/div>\n<\/div>\n<div class=\"x14z9mp xat24cr x1lziwak x1vvkbs xtlvy1s x126k92a\">\n<div dir=\"auto\">Vous pouvez \u00e9galement r\u00e9server vos places par SMS au 06.22.63.73.40. Ou par mail \u00e0 anne-marie.vautrin@wanadoo.fr<\/div>\n<\/div>\n<div class=\"x14z9mp xat24cr x1lziwak x1vvkbs xtlvy1s x126k92a\">\n<div dir=\"auto\">Venez nombreux !<\/div>\n<\/div>\n<p><iframe loading=\"lazy\" style=\"border: none; overflow: hidden;\" src=\"https:\/\/www.facebook.com\/plugins\/post.php?href=https%3A%2F%2Fwww.facebook.com%2Fpermalink.php%3Fstory_fbid%3Dpfbid0KQbRD49G1oZTzC2cLQvANynVQ3cV15Ei4P6dAWGeo8mM4ooP8YzT9KgeBPaNDkKQl%26id%3D100011537800215&amp;show_text=true&amp;width=500\" width=\"500\" height=\"791\" frameborder=\"0\" scrolling=\"no\" allowfullscreen=\"allowfullscreen\"><\/iframe><\/p>\n","protected":false},"excerpt":{"rendered":"<p>Le 35eme Festival de Th\u00e9\u00e2tre Amateur de la Valette ouvre ses portes le 3 septembre&#8230;<\/p>\n","protected":false},"author":1,"featured_media":2812,"comment_status":"open","ping_status":"closed","sticky":false,"template":"","format":"standard","meta":{"_jetpack_newsletter_access":"","_jetpack_dont_email_post_to_subs":false,"_jetpack_newsletter_tier_id":0,"_jetpack_memberships_contains_paywalled_content":false,"_jetpack_feature_clip_id":0,"_jetpack_memberships_contains_paid_content":false,"footnotes":"","jetpack_publicize_message":"","jetpack_publicize_feature_enabled":true,"jetpack_social_post_already_shared":true,"jetpack_social_options":{"image_generator_settings":{"template":"highway","default_image_id":0,"font":"","enabled":false},"version":2},"jetpack_post_was_ever_published":false},"categories":[643,2357],"tags":[2380,2381,1359,2361,2375,2366,31,2365,2367,2383,99,419,2384,2362,2382,2387,2388,2386,2370,2378,2359,2368,2377,1254,2374,2373,941,2358,2360,2385,2369,2363,2379,2364,329,2371,2376,2372],"class_list":["post-2810","post","type-post","status-publish","format-standard","has-post-thumbnail","hentry","category-agenda","category-festival-de-theatre","tag-animation-pour-enfants","tag-atelier-creatif","tag-avant-premiere","tag-ballet","tag-brocante","tag-cabarets-et-diner-spectacle","tag-cinema","tag-cirque","tag-comedie-musicale","tag-competition-sportive","tag-concert","tag-conference","tag-course-a-pied","tag-danse-contemporaine","tag-dedicace-litteraire","tag-degustation-de-vin","tag-et-fete-votive","tag-evenement-gastronomique","tag-exposition-dart","tag-feria","tag-festival-de-film","tag-festival-de-musique","tag-fete-traditionnelle","tag-feu-dartifice","tag-marche-artisanat","tag-marche-nocturne","tag-opera","tag-projection-en-plein-air","tag-recital","tag-regate-maritime","tag-salon-exposition","tag-spectacle-de-comedie","tag-spectacle-vivant-en-rue","tag-stand-up","tag-theatre","tag-vernissage","tag-vide-grenier","tag-visite-guidee-du-patrimoine"],"jetpack_publicize_connections":[],"jetpack_sharing_enabled":true,"jetpack_featured_media_url":"https:\/\/www.laurensoff.com\/wordpress\/wp-content\/uploads\/2026\/09\/784055473_2685695488491685_7513368040573935542_n-e1788297167863.jpg","_links":{"self":[{"href":"https:\/\/www.laurensoff.com\/wordpress\/wp-json\/wp\/v2\/posts\/2810","targetHints":{"allow":["GET"]}}],"collection":[{"href":"https:\/\/www.laurensoff.com\/wordpress\/wp-json\/wp\/v2\/posts"}],"about":[{"href":"https:\/\/www.laurensoff.com\/wordpress\/wp-json\/wp\/v2\/types\/post"}],"author":[{"embeddable":true,"href":"https:\/\/www.laurensoff.com\/wordpress\/wp-json\/wp\/v2\/users\/1"}],"replies":[{"embeddable":true,"href":"https:\/\/www.laurensoff.com\/wordpress\/wp-json\/wp\/v2\/comments?post=2810"}],"version-history":[{"count":1,"href":"https:\/\/www.laurensoff.com\/wordpress\/wp-json\/wp\/v2\/posts\/2810\/revisions"}],"predecessor-version":[{"id":2811,"href":"https:\/\/www.laurensoff.com\/wordpress\/wp-json\/wp\/v2\/posts\/2810\/revisions\/2811"}],"wp:featuredmedia":[{"embeddable":true,"href":"https:\/\/www.laurensoff.com\/wordpress\/wp-json\/wp\/v2\/media\/2812"}],"wp:attachment":[{"href":"https:\/\/www.laurensoff.com\/wordpress\/wp-json\/wp\/v2\/media?parent=2810"}],"wp:term":[{"taxonomy":"category","embeddable":true,"href":"https:\/\/www.laurensoff.com\/wordpress\/wp-json\/wp\/v2\/categories?post=2810"},{"taxonomy":"post_tag","embeddable":true,"href":"https:\/\/www.laurensoff.com\/wordpress\/wp-json\/wp\/v2\/tags?post=2810"}],"curies":[{"name":"wp","href":"https:\/\/api.w.org\/{rel}","templated":true}]}}