{"id":2801,"date":"2026-09-01T20:47:43","date_gmt":"2026-09-01T19:47:43","guid":{"rendered":"https:\/\/www.laurensoff.com\/wordpress\/?p=2801"},"modified":"2026-09-01T20:52:53","modified_gmt":"2026-09-01T19:52:53","slug":"exposition-renaissances-baroques-claire-et-philippe-ordioni-textes-de-rodia-bayginot","status":"publish","type":"post","link":"https:\/\/www.laurensoff.com\/wordpress\/exposition-renaissances-baroques-claire-et-philippe-ordioni-textes-de-rodia-bayginot\/","title":{"rendered":"Exposition Renaissances baroques Claire et Philippe ORDIONI textes de Rodia Bayginot"},"content":{"rendered":"<div class=\"xdj266r x14z9mp xat24cr x1lziwak x1vvkbs\">Apr\u00e8s le succ\u00e8s des 2 premiers HORS BORDS, nous remettons \u00e7a le 26 septembre de 14h \u00e0 21h<\/div>\n<div class=\"x14z9mp xat24cr x1lziwak x1vvkbs xtlvy1s\">Expo PHOTO :<\/div>\n<div class=\"x14z9mp xat24cr x1lziwak x1vvkbs xtlvy1s\">Claire et Philippe ORDIONI et leurs Renaissances baroques<br class=\"html-br\" \/>(Voir pr\u00e9sentation + bas)<\/div>\n<div class=\"x14z9mp xat24cr x1lziwak x1vvkbs xtlvy1s\">Po\u00e9sie :<br class=\"html-br\" \/>Unn\u00e9lie<\/div>\n<div class=\"x14z9mp xat24cr x1lziwak x1vvkbs xtlvy1s\">Performance sonore :<br class=\"html-br\" \/>Peache et Unn\u00e9lie<\/div>\n<div class=\"x14z9mp xat24cr x1lziwak x1vvkbs xtlvy1s\">+<br class=\"html-br\" \/>Bijoux :<br class=\"html-br\" \/>Adhelyart<\/div>\n<div class=\"x14z9mp xat24cr x1lziwak x1vvkbs xtlvy1s\">Petit mobilier et d\u00e9coration -cr\u00e9ations \/ relooking :<br class=\"html-br\" \/>Unn\u00e9lie et Peache<\/div>\n<div class=\"x14z9mp xat24cr x1lziwak x1vvkbs xtlvy1s\">Bar et petite restauration sur place<\/div>\n<div class=\"x14z9mp xat24cr x1lziwak x1vvkbs xtlvy1s\">31, bd Thiers 13015 Marseille<br class=\"html-br\" \/>M\u00e9tro G\u00e8ze-Bus 98-Arr\u00eat Bricarde<\/div>\n<div class=\"x14z9mp xat24cr x1lziwak x1vvkbs xtlvy1s\">Pour ceux qui viennent en voiture se garer soit dans le bd Thiers soit dans la contre-all\u00e9e du Bd Barnier, sinon, comme en centre-ville, les rues autour.<\/div>\n<div class=\"x14z9mp xat24cr x1lziwak x1vvkbs xtlvy1s\">De 14h \u00e0 21h<\/div>\n<div class=\"x14z9mp xat24cr x1lziwak x1vvkbs xtlvy1s\">Entr\u00e9e Libre<\/div>\n<div class=\"x14z9mp xat24cr x1lziwak x1vvkbs xtlvy1s\">06 71 53 22 60<\/div>\n<div class=\"x14z9mp xat24cr x1lziwak x1vvkbs xtlvy1s\">\u00c0 propos de l&rsquo;exposition Renaissances baroques :<\/div>\n<div class=\"x14z9mp xat24cr x1lziwak x1vvkbs xtlvy1s\">Portraits baroques en Renaissances &#8211; textes de Rodia Bayginot<\/div>\n<div class=\"x14z9mp xat24cr x1lziwak x1vvkbs xtlvy1s\">Renaissances barOques est une s\u00e9rie de Claire et de Philippe Ordioni, la derni\u00e8re en date des photographies \u00ab baroques \u00bb aux nombreuses variantes, dont Les divas barOques, BarOcalypses, Spirits of barOcco, BarOquistadors avec lesquelles les deux artistes ont fait le tour des festivals en France et \u00e0 l\u2019\u00c9tranger. Leur travail commun commence d\u00e8s 2012, quand le p\u00e8re et la fille r\u00e9alisent des portraits de personnages dystopiques, survivants hallucin\u00e9s par le manque et la mis\u00e8re, dont le seul ancrage pour exister resterait de faire bonne figure en utilisant comme parures des objets d\u00e9sormais inutiles, d\u00e9tourn\u00e9s d\u2019un usage dont ils ne savent apparemment rien du tout. Cages \u00e0 oiseaux en guise de cagoules, tuyaux de ventilation en guise de plastrons, serpilli\u00e8res en perruques, saladiers et minerves v\u00e9t\u00e9rinaires comme chapeaux, et bien s\u00fbr abat-jours pour tiares, les touchants personnages de ce futur d\u00e9senchant\u00e9 amusent et inqui\u00e8tent par leur na\u00efvet\u00e9 et r\u00e9v\u00e8lent une absence totale de transmission depuis les g\u00e9n\u00e9rations ant\u00e9rieures. Quelque chose s\u2019est perdu.<\/div>\n<div class=\"x14z9mp xat24cr x1lziwak x1vvkbs xtlvy1s\">Devant ces portraits, notre regard passe rapidement de l\u2019\u00e9tonnement po\u00e9tique, un peu moqueur, au malaise, puis \u00e0 l\u2019angoisse lorsqu\u2019on soup\u00e7onne l\u2019irr\u00e9parable. Cependant, la vie continue de la fa\u00e7on la plus \u00e9vidente qui soit avec ce besoin de parures et de manifester sa propre originalit\u00e9, de la proclamer parfois la bouche grande ouverte sur un cri muet.<br class=\"html-br\" \/>Nous ne conna\u00eetrons peut-\u00eatre jamais la v\u00e9ritable histoire de ces \u00eatres imaginaires. Le r\u00e9cit romanc\u00e9 de leurs g\u00e9n\u00e9alogies \u00e9crit par Claire et Philippe demeure dans un disque dur, il ne fut jamais publi\u00e9. Ce qui n\u2019aurait de toute fa\u00e7on vraiment r\u00e9v\u00e9l\u00e9 le myst\u00e8re, tant semble \u00e9paisse la distance qui nous s\u00e9pare de cette humanit\u00e9 du futur, tout aussi \u00e9loign\u00e9e de nous que celle des temps pr\u00e9historiques. Son apparente proximit\u00e9 demeure paradoxalement herm\u00e9tique, comme le sont les t\u00e9moignages rupestres des peuples contemporains de Lascaux.<\/div>\n<div class=\"x14z9mp xat24cr x1lziwak x1vvkbs xtlvy1s\">Dans la s\u00e9rie en cours, Renaissances barOques, les deux artistes r\u00e9activent les th\u00e8mes du d\u00e9sastre, du souvenir et de la r\u00e9paration. Dans la vraie vie, celle des supports fragiles de la photographie imprim\u00e9e, c\u2019est une inondation qui causa des dommages : le naufrage fut \u00e9vit\u00e9 de justesse. Dans la vraie vie encore, celle de la r\u00e9silience, des tirages malmen\u00e9s mais coll\u00e9s sur dibond, mat\u00e9riau imputrescible, \u00e9chapp\u00e8rent \u00e0 la benne en attente de s\u00e9chage pour une \u00e9ventuelle restauration. Apr\u00e8s avoir stopp\u00e9 les moisissures, il s\u2019av\u00e8re que les d\u00e9g\u00e2ts pouvaient pr\u00e9senter une certaine esth\u00e9tique\u2026<\/div>\n<div class=\"x14z9mp xat24cr x1lziwak x1vvkbs xtlvy1s\"><br class=\"html-br\" \/>Renaissances barOques parle aussi d\u2019un renouveau de la collaboration de Claire et Philippe Ordioni. Un \u00e9loignement g\u00e9ographique et des contraintes mat\u00e9rielles, des projets individuels plut\u00f4t qu\u2019en duo, d\u2019autres collaborations artistiques avec d\u2019autres personnes, et voil\u00e0 cinq ann\u00e9es d\u2019\u00e9coul\u00e9es depuis leur derni\u00e8re riche et \u00e9puisante cr\u00e9ation photographique accompagn\u00e9e d\u2019un r\u00e9cit litt\u00e9raire et d\u2019un court-m\u00e9trage, le magnifique ouvrage BarOccus Dreyfus.<\/div>\n<div class=\"x14z9mp xat24cr x1lziwak x1vvkbs xtlvy1s\">Renaissances barOques est donc une r\u00e9surrection. Le mot n\u2019est pas si fort quand on songe \u00e0 la dimension spirituelle de leur univers o\u00f9 le chamanisme flotte sans complexe avec le christique dans une ing\u00e9nuit\u00e9 d\u00e9complex\u00e9e. Des exp\u00e9riences picturales sur photos sauv\u00e9es des eaux pour transformer le sali en sublime s\u2019apparentent logiquement aux op\u00e9rations num\u00e9riques des calques scarifi\u00e9s que Philippe Ordioni applique habituellement en post-traitement photographique. Dans l\u2019atelier actuel, la technique complexe s\u2019accompagne de mac\u00e9rations et de l\u2019indispensable processus de maturation n\u00e9cessaire \u00e0 toute \u00e9volution. La mixture al\u00e9atoire et non conventionnelle d\u00e9gage parfois des vapeurs d\u00e9sagr\u00e9ables qui ne sont pas sans faire \u00e9cho finalement \u00e0 l\u2019esprit g\u00e9n\u00e9ral des portraits baroques aux parfums de souffre et de scandales.<br class=\"html-br\" \/>C\u2019est ainsi que Lucifer, le porteur de lumi\u00e8re, continue \u00e0 titiller la photographie pour y \u00e9crire des signes ind\u00e9chiffrables entre deux couches de glacis picturaux. Et la vie reprend son cours en triomphant des pr\u00e9jug\u00e9s qui consistent \u00e0 consid\u00e9rer qu\u2019une photo est foutue lorsqu\u2019elle a tremp\u00e9 dans l\u2019eau stagnante telle une Oph\u00e9lie d\u00e9sesp\u00e9r\u00e9e. La trag\u00e9die n\u2019est pas de mise chez les Ordioni. La moisissure, mati\u00e8re organique qui intervient pendant la fermentation, est une \u00e9nergie renouvelable. Elle prend d\u00e9sormais sa place dans leur panth\u00e9on o\u00f9 la d\u00e9ch\u00e9ance, qui est un malentendu, s\u2019assume avec un magnifique doigt d\u2019honneur.<\/div>\n<div class=\"x14z9mp xat24cr x1lziwak x1vvkbs xtlvy1s\">rodia bayginot<\/div>\n","protected":false},"excerpt":{"rendered":"<p>Apr\u00e8s le succ\u00e8s des 2 premiers HORS BORDS, nous remettons \u00e7a le 26 septembre de&#8230;<\/p>\n","protected":false},"author":1,"featured_media":2802,"comment_status":"open","ping_status":"closed","sticky":false,"template":"","format":"standard","meta":{"_jetpack_newsletter_access":"","_jetpack_dont_email_post_to_subs":false,"_jetpack_newsletter_tier_id":0,"_jetpack_memberships_contains_paywalled_content":false,"_jetpack_feature_clip_id":0,"_jetpack_memberships_contains_paid_content":false,"footnotes":"","jetpack_publicize_message":"","jetpack_publicize_feature_enabled":true,"jetpack_social_post_already_shared":true,"jetpack_social_options":{"image_generator_settings":{"template":"highway","default_image_id":0,"font":"","enabled":false},"version":2},"jetpack_post_was_ever_published":false},"categories":[643,17,16],"tags":[30,2274,2271,2283,2269,2263,2264,2249,2243,2285,2242,2277,2262,2246,2287,2245,2252,2286,2239,2247,2250,2279,2238,2251,2244,2248,2265,2266,2267,2255,2253,2288,2273,2281,2284,2236,2272,2268,2259,2257,2261,2280,2258,2278,2270,2240,2254,2241,2237,2282,2260,2275,2276,2256],"class_list":["post-2801","post","type-post","status-publish","format-standard","has-post-thumbnail","hentry","category-agenda","category-arts-plastiques","category-exposition","tag-architecture","tag-art-generatif","tag-art-numerique","tag-art-textile","tag-art-video","tag-assemblage","tag-balsa","tag-bande-dessinee","tag-bas-relief","tag-bijouterie-dart","tag-buste","tag-ceramique","tag-collage","tag-croquis","tag-design-dobjet","tag-dessin","tag-eau-forte","tag-ebenisterie","tag-enluminure","tag-esquisse","tag-estampage","tag-faience","tag-fresque","tag-gravure","tag-haut-relief","tag-illustration","tag-installation","tag-installation-immersive","tag-installation-sonore","tag-linogravure","tag-lithographie","tag-maquette","tag-modelisation-3d","tag-mosaique","tag-orfevrerie","tag-peinture","tag-peinture-numerique","tag-performance","tag-photogramme","tag-photographie","tag-photomontage","tag-porcelaine","tag-portrait-photographique","tag-poterie","tag-projection-video","tag-sculpture","tag-serigraphie","tag-statue","tag-tableau","tag-tapisserie","tag-tirage-argentique","tag-verrerie","tag-vitrail","tag-xylogravure"],"jetpack_publicize_connections":[],"jetpack_sharing_enabled":true,"jetpack_featured_media_url":"https:\/\/www.laurensoff.com\/wordpress\/wp-content\/uploads\/2026\/09\/786157662_122197794146869712_7398333378221259165_n.jpg","_links":{"self":[{"href":"https:\/\/www.laurensoff.com\/wordpress\/wp-json\/wp\/v2\/posts\/2801","targetHints":{"allow":["GET"]}}],"collection":[{"href":"https:\/\/www.laurensoff.com\/wordpress\/wp-json\/wp\/v2\/posts"}],"about":[{"href":"https:\/\/www.laurensoff.com\/wordpress\/wp-json\/wp\/v2\/types\/post"}],"author":[{"embeddable":true,"href":"https:\/\/www.laurensoff.com\/wordpress\/wp-json\/wp\/v2\/users\/1"}],"replies":[{"embeddable":true,"href":"https:\/\/www.laurensoff.com\/wordpress\/wp-json\/wp\/v2\/comments?post=2801"}],"version-history":[{"count":1,"href":"https:\/\/www.laurensoff.com\/wordpress\/wp-json\/wp\/v2\/posts\/2801\/revisions"}],"predecessor-version":[{"id":2803,"href":"https:\/\/www.laurensoff.com\/wordpress\/wp-json\/wp\/v2\/posts\/2801\/revisions\/2803"}],"wp:featuredmedia":[{"embeddable":true,"href":"https:\/\/www.laurensoff.com\/wordpress\/wp-json\/wp\/v2\/media\/2802"}],"wp:attachment":[{"href":"https:\/\/www.laurensoff.com\/wordpress\/wp-json\/wp\/v2\/media?parent=2801"}],"wp:term":[{"taxonomy":"category","embeddable":true,"href":"https:\/\/www.laurensoff.com\/wordpress\/wp-json\/wp\/v2\/categories?post=2801"},{"taxonomy":"post_tag","embeddable":true,"href":"https:\/\/www.laurensoff.com\/wordpress\/wp-json\/wp\/v2\/tags?post=2801"}],"curies":[{"name":"wp","href":"https:\/\/api.w.org\/{rel}","templated":true}]}}