{"id":2798,"date":"2026-09-01T18:58:20","date_gmt":"2026-09-01T17:58:20","guid":{"rendered":"https:\/\/www.laurensoff.com\/wordpress\/?p=2798"},"modified":"2026-09-01T18:58:20","modified_gmt":"2026-09-01T17:58:20","slug":"boulegue-cadiere-est-le-jeudi-electro-qui-aura-lieu-le-jeudi-3-septembre-2026","status":"publish","type":"post","link":"https:\/\/www.laurensoff.com\/wordpress\/boulegue-cadiere-est-le-jeudi-electro-qui-aura-lieu-le-jeudi-3-septembre-2026\/","title":{"rendered":"Boul\u00e8gue Cadi\u00e8re est le Jeudi \u00c9lectro, qui aura lieu le jeudi 3 septembre 2026"},"content":{"rendered":"<p data-path-to-node=\"2\">La prochaine soir\u00e9e organis\u00e9e par l&rsquo;association <b data-path-to-node=\"2\" data-index-in-node=\"49\">Boul\u00e8gue Cadi\u00e8re<\/b> est le <b data-path-to-node=\"2\" data-index-in-node=\"73\">Jeudi \u00c9lectro<\/b>, qui aura lieu le <b data-path-to-node=\"2\" data-index-in-node=\"105\">jeudi 3 septembre 2026 de 18h30 \u00e0 22h30<\/b> au <button class=\"link-button ng-star-inserted\" role=\"link\">Th\u00e9\u00e2tre de Plein Air<span class=\"cdk-visually-hidden non-selectable\">Cliquer pour ouvrir le panneau lat\u00e9ral et obtenir plus d&rsquo;informations<\/span><\/button> (situ\u00e9 au niveau du parking de la Font d&rsquo;Abeille, \u00e0 La Cadi\u00e8re-d&rsquo;Azur). Une \u00e9dition suivante est \u00e9galement pr\u00e9vue le <b data-path-to-node=\"2\" data-index-in-node=\"286\">jeudi 1\u1d49\u02b3 octobre 2026<\/b>.<\/p>\n<h3 data-path-to-node=\"4\"><b data-path-to-node=\"4\" data-index-in-node=\"0\">D\u00e9finition et concept des soir\u00e9es Boul\u00e8gue Cadi\u00e8re<\/b><\/h3>\n<ul data-path-to-node=\"5\">\n<li>\n<p data-path-to-node=\"5,0,0\"><b data-path-to-node=\"5,0,0\" data-index-in-node=\"0\">Le concept :<\/b> Il s&rsquo;agit d&rsquo;un \u00ab Ap\u00e9ro \u00c9lectro \u00bb convivial et festif en plein air, pens\u00e9 comme un rendez-vous d&rsquo;apr\u00e8s-travail et de d\u00e9but de soir\u00e9e.<\/p>\n<\/li>\n<li>\n<p data-path-to-node=\"5,1,0\"><b data-path-to-node=\"5,1,0\" data-index-in-node=\"0\">L&rsquo;ambiance musicale :<\/b> La soir\u00e9e met \u00e0 l&rsquo;honneur des DJ locaux et des collectifs r\u00e9gionaux (pour cette \u00e9dition, le collectif Solstice) proposant des sets de musique \u00e9lectronique et de house music accessibles pour marquer la fin de l&rsquo;\u00e9t\u00e9.<\/p>\n<\/li>\n<li>\n<p data-path-to-node=\"5,2,0\"><b data-path-to-node=\"5,2,0\" data-index-in-node=\"0\">Restauration et convivativit\u00e9 :<\/b> L&rsquo;\u00e9v\u00e9nement propose sur place une offre de foodtrucks vari\u00e9s et une buvette pour boire un verre et grignoter entre amis ou en famille dans une atmosph\u00e8re d\u00e9contract\u00e9e.<\/p>\n<\/li>\n<li>\n<p data-path-to-node=\"5,3,0\"><b data-path-to-node=\"5,3,0\" data-index-in-node=\"0\">Acc\u00e8s et format :<\/b> L&rsquo;entr\u00e9e est libre et gratuite. Le format (18h30 \u2013 22h30) permet d&rsquo;en profiter d\u00e8s la sortie du bureau ou en d\u00e9but de soir\u00e9e, dans le cadre verdoyant du th\u00e9\u00e2tre de verdure du village.<\/p>\n<\/li>\n<\/ul>\n","protected":false},"excerpt":{"rendered":"<p>La prochaine soir\u00e9e organis\u00e9e par l&rsquo;association Boul\u00e8gue Cadi\u00e8re est le Jeudi \u00c9lectro, qui aura lieu&#8230;<\/p>\n","protected":false},"author":1,"featured_media":2799,"comment_status":"open","ping_status":"closed","sticky":false,"template":"","format":"standard","meta":{"_jetpack_newsletter_access":"","_jetpack_dont_email_post_to_subs":false,"_jetpack_newsletter_tier_id":0,"_jetpack_memberships_contains_paywalled_content":false,"_jetpack_feature_clip_id":0,"_jetpack_memberships_contains_paid_content":false,"footnotes":"","jetpack_publicize_message":"","jetpack_publicize_feature_enabled":true,"jetpack_social_post_already_shared":true,"jetpack_social_options":{"image_generator_settings":{"template":"highway","default_image_id":0,"font":"","enabled":false},"version":2},"jetpack_post_was_ever_published":false},"categories":[2164],"tags":[2210,2229,2184,2183,2181,2182,2185,2224,2203,2205,2221,2211,2194,2191,2188,2187,2206,2167,2223,2193,2216,2166,2165,2173,2226,2231,2200,2218,2172,2169,2228,2175,2174,2177,2176,2196,2168,2235,2233,2212,2232,2227,2219,2204,2180,2214,693,2217,2208,2186,982,2215,2213,2192,2199,2198,2207,2230,2195,2222,2178,2179,2170,2220,2201,2234,2225,2171,2209,2190,2189,887,2197,2202],"class_list":["post-2798","post","type-post","status-publish","format-standard","has-post-thumbnail","hentry","category-boulegue","tag-aperol","tag-baileys","tag-biere-ambree","tag-biere-blanche","tag-biere-blonde","tag-biere-ipa","tag-biere-sans-alcool","tag-bloody-mary","tag-bourbon","tag-cachaca","tag-caipirinha","tag-campari","tag-cava","tag-champagne","tag-cidre-brut","tag-cidre-doux","tag-cognac","tag-cola","tag-cosmopolitan","tag-cremant","tag-cuba-libre","tag-eau-gazeuse","tag-eau-plate","tag-energy-drink-red-bull","tag-espresso-martini","tag-get-27","tag-gin","tag-gin-tonic","tag-ginger-beer","tag-ice-tea","tag-jagermeister","tag-jus-dananas","tag-jus-dorange","tag-jus-de-cranberry","tag-jus-de-pomme","tag-kir","tag-limonade","tag-limoncello","tag-liqueur-de-fruits","tag-liqueur-de-gentiane","tag-liqueur-de-menthe","tag-long-island-iced-tea","tag-margarita","tag-mezcal","tag-mocktails-cocktails-sans-alcool","tag-mojito","tag-monaco","tag-moscow-mule","tag-ouzo","tag-panache","tag-pastis","tag-pina-colada","tag-porto","tag-prosecco","tag-rhum-ambre","tag-rhum-blanc","tag-ricard","tag-sambuca","tag-sangria","tag-sex-on-the-beach","tag-sirop-de-grenadine","tag-sirop-de-menthe","tag-soda-aux-agrumes","tag-spritz","tag-tequila","tag-tequila-paf","tag-tequila-sunrise","tag-tonic","tag-vermouth","tag-vin-blanc-sec","tag-vin-rose","tag-vin-rouge","tag-vodka","tag-whisky"],"jetpack_publicize_connections":[],"jetpack_sharing_enabled":true,"jetpack_featured_media_url":"https:\/\/www.laurensoff.com\/wordpress\/wp-content\/uploads\/2026\/09\/images.jpg","_links":{"self":[{"href":"https:\/\/www.laurensoff.com\/wordpress\/wp-json\/wp\/v2\/posts\/2798","targetHints":{"allow":["GET"]}}],"collection":[{"href":"https:\/\/www.laurensoff.com\/wordpress\/wp-json\/wp\/v2\/posts"}],"about":[{"href":"https:\/\/www.laurensoff.com\/wordpress\/wp-json\/wp\/v2\/types\/post"}],"author":[{"embeddable":true,"href":"https:\/\/www.laurensoff.com\/wordpress\/wp-json\/wp\/v2\/users\/1"}],"replies":[{"embeddable":true,"href":"https:\/\/www.laurensoff.com\/wordpress\/wp-json\/wp\/v2\/comments?post=2798"}],"version-history":[{"count":1,"href":"https:\/\/www.laurensoff.com\/wordpress\/wp-json\/wp\/v2\/posts\/2798\/revisions"}],"predecessor-version":[{"id":2800,"href":"https:\/\/www.laurensoff.com\/wordpress\/wp-json\/wp\/v2\/posts\/2798\/revisions\/2800"}],"wp:featuredmedia":[{"embeddable":true,"href":"https:\/\/www.laurensoff.com\/wordpress\/wp-json\/wp\/v2\/media\/2799"}],"wp:attachment":[{"href":"https:\/\/www.laurensoff.com\/wordpress\/wp-json\/wp\/v2\/media?parent=2798"}],"wp:term":[{"taxonomy":"category","embeddable":true,"href":"https:\/\/www.laurensoff.com\/wordpress\/wp-json\/wp\/v2\/categories?post=2798"},{"taxonomy":"post_tag","embeddable":true,"href":"https:\/\/www.laurensoff.com\/wordpress\/wp-json\/wp\/v2\/tags?post=2798"}],"curies":[{"name":"wp","href":"https:\/\/api.w.org\/{rel}","templated":true}]}}