{"id":2794,"date":"2026-09-01T17:16:06","date_gmt":"2026-09-01T16:16:06","guid":{"rendered":"https:\/\/www.laurensoff.com\/wordpress\/?p=2794"},"modified":"2026-09-01T17:16:06","modified_gmt":"2026-09-01T16:16:06","slug":"tous-les-festivals-de-cinema-quil-y-a-dans-la-region-sud","status":"publish","type":"post","link":"https:\/\/www.laurensoff.com\/wordpress\/tous-les-festivals-de-cinema-quil-y-a-dans-la-region-sud\/","title":{"rendered":"tous les festivals de cin\u00e9ma qu&rsquo;il y a dans la r\u00e9gion Sud"},"content":{"rendered":"<p data-path-to-node=\"0\">Voici les principaux festivals de cin\u00e9ma de la r\u00e9gion Sud (Provence-Alpes-C\u00f4te d&rsquo;Azur) accompagn\u00e9s de leur site web :<\/p>\n<ul data-path-to-node=\"1\">\n<li>\n<p data-path-to-node=\"1,0,0\"><b data-path-to-node=\"1,0,0\" data-index-in-node=\"0\">Festival de Cannes<\/b> : festival-cannes.com<\/p>\n<\/li>\n<li>\n<p data-path-to-node=\"1,0,0\"><b data-path-to-node=\"2,0,0\" data-index-in-node=\"0\"><span class=\"citation-48 citation-end-48\">Festival du Premier Film de La Ciotat<\/span><\/b> : <a href=\"https:\/\/edencinemalaciotat.com\/\">https:\/\/edencinemalaciotat.com\/<\/a><\/p>\n<\/li>\n<li>\n<p id=\"p-rc_a177f6dccfc4d766-25\" data-path-to-node=\"1,1,0\"><b data-path-to-node=\"1,1,0\" data-index-in-node=\"0\"><span class=\"citation-35 citation-end-35\">FIDMarseille<\/span><\/b> <span class=\"citation-34 citation-end-34\">: fidmarseille.org<\/span><\/p>\n<\/li>\n<li>\n<p id=\"p-rc_a177f6dccfc4d766-26\" data-path-to-node=\"1,2,0\"><b data-path-to-node=\"1,2,0\" data-index-in-node=\"0\"><span class=\"citation-33 citation-end-33\">Festival International Music &amp; Cinema Marseille (MCM)<\/span><\/b> <span class=\"citation-32 citation-end-32\">: music-cinema.com<\/span><\/p>\n<\/li>\n<li>\n<p data-path-to-node=\"1,3,0\"><b data-path-to-node=\"1,3,0\" data-index-in-node=\"0\">Rencontres Cin\u00e9matographiques de Cannes<\/b> : cannes-cinema.com<\/p>\n<\/li>\n<li>\n<p data-path-to-node=\"1,4,0\"><b data-path-to-node=\"1,4,0\" data-index-in-node=\"0\">Festival International du Film Ind\u00e9pendant SMR13<\/b> : smr13.fr<\/p>\n<\/li>\n<li>\n<p id=\"p-rc_a177f6dccfc4d766-27\" data-path-to-node=\"1,5,0\"><b data-path-to-node=\"1,5,0\" data-index-in-node=\"0\"><span class=\"citation-31 citation-end-31\">Festival Phare d&rsquo;Arles<\/span><\/b> : festival-phare.fr<\/p>\n<\/li>\n<li>\n<p data-path-to-node=\"1,6,0\"><b data-path-to-node=\"1,6,0\" data-index-in-node=\"0\">Festival du Film P\u00e9plum d&rsquo;Arles<\/b> : festival-peplum.fr<\/p>\n<\/li>\n<li>\n<p data-path-to-node=\"1,7,0\"><b data-path-to-node=\"1,7,0\" data-index-in-node=\"0\">Marseille Web Fest<\/b> : marseillewebfest.com<\/p>\n<\/li>\n<li>\n<p data-path-to-node=\"1,8,0\"><b data-path-to-node=\"1,8,0\" data-index-in-node=\"0\">Cinehorizontes (Marseille)<\/b> : cinehorizontes.org<\/p>\n<\/li>\n<li>\n<p id=\"p-rc_a177f6dccfc4d766-28\" data-path-to-node=\"1,9,0\"><b data-path-to-node=\"1,9,0\" data-index-in-node=\"0\"><span class=\"citation-30 citation-end-30\">Films Femmes M\u00e9diterran\u00e9e (Marseille)<\/span><\/b> <span class=\"citation-29 citation-end-29\">: films-femmes-med.org<\/span><\/p>\n<\/li>\n<li>\n<p id=\"p-rc_a177f6dccfc4d766-29\" data-path-to-node=\"1,10,0\"><b data-path-to-node=\"1,10,0\" data-index-in-node=\"0\"><span class=\"citation-28 citation-end-28\">Festival La Premi\u00e8re Fois (Marseille)<\/span><\/b> : festival-lapremierefois.org<\/p>\n<\/li>\n<li>\n<p data-path-to-node=\"1,11,0\"><b data-path-to-node=\"1,11,0\" data-index-in-node=\"0\">Rencontres d&rsquo;Aflam (Marseille)<\/b> : aflam.fr<\/p>\n<\/li>\n<li>\n<p data-path-to-node=\"1,12,0\"><b data-path-to-node=\"1,12,0\" data-index-in-node=\"0\">Festival In&amp;Out (Nice\/Marseille)<\/b> : festivalinout.com<\/p>\n<\/li>\n<li>\n<p data-path-to-node=\"1,13,0\"><b data-path-to-node=\"1,13,0\" data-index-in-node=\"0\">Rencontres Internationales du Cin\u00e9ma des Antipodes (Saint-Tropez)<\/b> : cinema-des-antipodes.org<\/p>\n<\/li>\n<li>\n<p data-path-to-node=\"1,14,0\"><b data-path-to-node=\"1,14,0\" data-index-in-node=\"0\">CannesSeries<\/b> : canneseries.com<\/p>\n<\/li>\n<li>\n<p id=\"p-rc_a177f6dccfc4d766-30\" data-path-to-node=\"1,15,0\"><b data-path-to-node=\"1,15,0\" data-index-in-node=\"0\"><span class=\"citation-27 citation-end-27\">Festival des Cin\u00e9mas d&rsquo;Afrique d&rsquo;Apt<\/span><\/b> : africapt-cotedoc.org<\/p>\n<\/li>\n<li>\n<p data-path-to-node=\"1,16,0\"><b data-path-to-node=\"1,16,0\" data-index-in-node=\"0\">Festival Num\u00e9ro Z\u00e9ro (Forcalquier)<\/b> : festivalnumerozero.org<\/p>\n<\/li>\n<li>\n<p data-path-to-node=\"1,17,0\"><b data-path-to-node=\"1,17,0\" data-index-in-node=\"0\">Festival Femmes ! (Var)<\/b> : femmescinema.com<\/p>\n<\/li>\n<li>\n<p data-path-to-node=\"1,18,0\"><b data-path-to-node=\"1,18,0\" data-index-in-node=\"0\">Cineaste \/ Rencontres Cin\u00e9matographiques de Port-de-Bouc<\/b> : cineaste.org<\/p>\n<\/li>\n<li>\n<p data-path-to-node=\"1,19,0\"><b data-path-to-node=\"1,19,0\" data-index-in-node=\"0\">RISC &#8211; Rencontres du Film Documentaire (Marseille)<\/b> : risc-cinema.org<\/p>\n<\/li>\n<li>\n<p data-path-to-node=\"1,20,0\"><b data-path-to-node=\"1,20,0\" data-index-in-node=\"0\">Festival de l&rsquo;\u00c9crit \u00e0 l&rsquo;\u00c9cran (Pernes-les-Fontaines)<\/b> : ecritalecran.com<\/p>\n<\/li>\n<li>\n<p data-path-to-node=\"1,21,0\"><b data-path-to-node=\"1,21,0\" data-index-in-node=\"0\">Festival Les Toiles du Sud (Cotignac)<\/b> : lestoilesdusud.fr<\/p>\n<\/li>\n<\/ul>\n","protected":false},"excerpt":{"rendered":"<p>Voici les principaux festivals de cin\u00e9ma de la r\u00e9gion Sud (Provence-Alpes-C\u00f4te d&rsquo;Azur) accompagn\u00e9s de leur&#8230;<\/p>\n","protected":false},"author":1,"featured_media":2795,"comment_status":"open","ping_status":"closed","sticky":false,"template":"","format":"standard","meta":{"_jetpack_newsletter_access":"","_jetpack_dont_email_post_to_subs":false,"_jetpack_newsletter_tier_id":0,"_jetpack_memberships_contains_paywalled_content":false,"_jetpack_feature_clip_id":0,"_jetpack_memberships_contains_paid_content":false,"footnotes":"","jetpack_publicize_message":"","jetpack_publicize_feature_enabled":true,"jetpack_social_post_already_shared":true,"jetpack_social_options":{"image_generator_settings":{"template":"highway","default_image_id":0,"font":"","enabled":false},"version":2},"jetpack_post_was_ever_published":false},"categories":[2139],"tags":[2154,2158,2148,2140,2160,2155,2161,2146,2157,2152,2144,2142,2150,2163,2156,2162,2145,2141,2149,2147,2143,2151,2153,2159],"class_list":["post-2794","post","type-post","status-publish","format-standard","has-post-thumbnail","hentry","category-festivals-de-cinema","tag-cannesseries","tag-cineaste-port-de-bouc","tag-cinehorizontes","tag-festival-de-cannes","tag-festival-de-lecrit-a-lecran-pernes-les-fontaines","tag-festival-des-cinemas-dafrique-dapt","tag-festival-du-film-italien-de-villerupt-a-bastia-cinema-italien-aux-varietes","tag-festival-du-film-peplum-darles","tag-festival-femmes-var","tag-festival-inout-nice-marseille","tag-festival-international-du-film-independant-smr13","tag-festival-international-music-cinema-marseille-mcm","tag-festival-la-premiere-fois","tag-festival-les-toiles-du-sud-cotignac","tag-festival-numero-zero-forcalquier","tag-festival-panorama-fos-sur-mer","tag-festival-phare-darles","tag-fidmarseille","tag-films-femmes-mediterranee","tag-marseille-web-fest","tag-rencontres-cinematographiques-de-cannes","tag-rencontres-daflam","tag-rencontres-internationales-du-cinema-des-antipodes-saint-tropez","tag-risc-rencontres-du-film-documentaire-marseille"],"jetpack_publicize_connections":[],"jetpack_sharing_enabled":true,"jetpack_featured_media_url":"https:\/\/www.laurensoff.com\/wordpress\/wp-content\/uploads\/2026\/09\/BlocInternet20252-480x480-1.jpg","_links":{"self":[{"href":"https:\/\/www.laurensoff.com\/wordpress\/wp-json\/wp\/v2\/posts\/2794","targetHints":{"allow":["GET"]}}],"collection":[{"href":"https:\/\/www.laurensoff.com\/wordpress\/wp-json\/wp\/v2\/posts"}],"about":[{"href":"https:\/\/www.laurensoff.com\/wordpress\/wp-json\/wp\/v2\/types\/post"}],"author":[{"embeddable":true,"href":"https:\/\/www.laurensoff.com\/wordpress\/wp-json\/wp\/v2\/users\/1"}],"replies":[{"embeddable":true,"href":"https:\/\/www.laurensoff.com\/wordpress\/wp-json\/wp\/v2\/comments?post=2794"}],"version-history":[{"count":1,"href":"https:\/\/www.laurensoff.com\/wordpress\/wp-json\/wp\/v2\/posts\/2794\/revisions"}],"predecessor-version":[{"id":2796,"href":"https:\/\/www.laurensoff.com\/wordpress\/wp-json\/wp\/v2\/posts\/2794\/revisions\/2796"}],"wp:featuredmedia":[{"embeddable":true,"href":"https:\/\/www.laurensoff.com\/wordpress\/wp-json\/wp\/v2\/media\/2795"}],"wp:attachment":[{"href":"https:\/\/www.laurensoff.com\/wordpress\/wp-json\/wp\/v2\/media?parent=2794"}],"wp:term":[{"taxonomy":"category","embeddable":true,"href":"https:\/\/www.laurensoff.com\/wordpress\/wp-json\/wp\/v2\/categories?post=2794"},{"taxonomy":"post_tag","embeddable":true,"href":"https:\/\/www.laurensoff.com\/wordpress\/wp-json\/wp\/v2\/tags?post=2794"}],"curies":[{"name":"wp","href":"https:\/\/api.w.org\/{rel}","templated":true}]}}