{"id":2791,"date":"2026-09-01T17:04:16","date_gmt":"2026-09-01T16:04:16","guid":{"rendered":"https:\/\/www.laurensoff.com\/wordpress\/?p=2791"},"modified":"2026-09-01T17:04:16","modified_gmt":"2026-09-01T16:04:16","slug":"principaux-salons-et-fetes-du-livre-confirmes-dans-les-bouches-du-rhone-13-le-var-83-et-les-alpes-maritimes-06-jusqua-la-fin-de-lannee-2026","status":"publish","type":"post","link":"https:\/\/www.laurensoff.com\/wordpress\/principaux-salons-et-fetes-du-livre-confirmes-dans-les-bouches-du-rhone-13-le-var-83-et-les-alpes-maritimes-06-jusqua-la-fin-de-lannee-2026\/","title":{"rendered":"principaux salons et f\u00eates du livre confirm\u00e9s dans les Bouches-du-Rh\u00f4ne (13), le Var (83) et les Alpes-Maritimes (06) jusqu&rsquo;\u00e0 la fin de l&rsquo;ann\u00e9e 2026."},"content":{"rendered":"<p id=\"p-rc_7430b49117b6f48f-59\" data-path-to-node=\"0\">Voici le r\u00e9capitulatif des principaux salons et f\u00eates du livre confirm\u00e9s dans les <span class=\"citation-319 citation-end-319\">Bouches-du-Rh\u00f4ne (13),<\/span> le Var (83) et les Alpes-Maritimes (06) jusqu&rsquo;\u00e0 la fin de l&rsquo;ann\u00e9e 2026.<\/p>\n<h3 data-path-to-node=\"1\">Bouches-du-Rh\u00f4ne (13)<\/h3>\n<ul data-path-to-node=\"2\">\n<li>\n<p id=\"p-rc_7430b49117b6f48f-60\" data-path-to-node=\"2,0,0\"><b data-path-to-node=\"2,0,0\" data-index-in-node=\"0\"><span class=\"citation-318 citation-end-318\">Salon du Livre SFFF (Science-Fiction, Fantastique, Fantasy)<\/span><\/b> <span class=\"citation-317\">\u2014 <\/span><i data-path-to-node=\"2,0,0\" data-index-in-node=\"62\"><span class=\"citation-317 citation-end-317\">Marseille<\/span><\/i><\/p>\n<ul data-path-to-node=\"2,0,1\">\n<li>\n<p id=\"p-rc_7430b49117b6f48f-61\" data-path-to-node=\"2,0,1,0,0\"><b data-path-to-node=\"2,0,1,0,0\" data-index-in-node=\"0\"><span class=\"citation-316 citation-end-316\">Date :<\/span><\/b> <span class=\"citation-315 citation-end-315\">13 septembre 2026<\/span><\/p>\n<\/li>\n<li>\n<p id=\"p-rc_7430b49117b6f48f-62\" data-path-to-node=\"2,0,1,1,0\"><b data-path-to-node=\"2,0,1,1,0\" data-index-in-node=\"0\"><span class=\"citation-314 citation-end-314\">Lieu :<\/span><\/b> <span class=\"citation-313 citation-end-313\">La Coque (Place Basse Henri Verneuil, 13002 Marseille)<\/span><\/p>\n<\/li>\n<\/ul>\n<\/li>\n<li>\n<p id=\"p-rc_7430b49117b6f48f-63\" data-path-to-node=\"2,1,0\"><b data-path-to-node=\"2,1,0\" data-index-in-node=\"0\"><span class=\"citation-312 citation-end-312\">F\u00eate du Livre Jeunesse<\/span><\/b> <span class=\"citation-311\">\u2014 <\/span><i data-path-to-node=\"2,1,0\" data-index-in-node=\"25\"><span class=\"citation-311 citation-end-311\">Barbentane<\/span><\/i><\/p>\n<ul data-path-to-node=\"2,1,1\">\n<li>\n<p id=\"p-rc_7430b49117b6f48f-64\" data-path-to-node=\"2,1,1,0,0\"><b data-path-to-node=\"2,1,1,0,0\" data-index-in-node=\"0\"><span class=\"citation-310 citation-end-310\">Dates :<\/span><\/b> <span class=\"citation-309 citation-end-309\">Du 7 au 11 octobre 2026<\/span><\/p>\n<\/li>\n<li>\n<p id=\"p-rc_7430b49117b6f48f-65\" data-path-to-node=\"2,1,1,1,0\"><b data-path-to-node=\"2,1,1,1,0\" data-index-in-node=\"0\"><span class=\"citation-308 citation-end-308\">Lieu :<\/span><\/b> <span class=\"citation-307 citation-end-307\">Barbentane<\/span><\/p>\n<\/li>\n<\/ul>\n<\/li>\n<li>\n<p id=\"p-rc_7430b49117b6f48f-66\" data-path-to-node=\"2,2,0\"><b data-path-to-node=\"2,2,0\" data-index-in-node=\"0\"><span class=\"citation-306 citation-end-306\">Salon du Livre et des Arts<\/span><\/b> <span class=\"citation-305\">\u2014 <\/span><i data-path-to-node=\"2,2,0\" data-index-in-node=\"29\"><span class=\"citation-305 citation-end-305\">La Ciotat<\/span><\/i><\/p>\n<ul data-path-to-node=\"2,2,1\">\n<li>\n<p id=\"p-rc_7430b49117b6f48f-67\" data-path-to-node=\"2,2,1,0,0\"><b data-path-to-node=\"2,2,1,0,0\" data-index-in-node=\"0\"><span class=\"citation-304 citation-end-304\">Dates :<\/span><\/b> <span class=\"citation-303 citation-end-303\">31 octobre et 1\u1d49\u02b3 novembre 2026<\/span><\/p>\n<\/li>\n<li>\n<p data-path-to-node=\"2,2,1,1,0\"><b data-path-to-node=\"2,2,1,1,0\" data-index-in-node=\"0\"><span class=\"citation-302 citation-end-302\">Lieu :<\/span><\/b> <span class=\"citation-301 citation-end-301\">Salle Paul \u00c9luard<\/span><\/p>\n<h3 id=\"p-rc_6e233c88e85a2445-139\" data-path-to-node=\"2\"><b data-path-to-node=\"2\" data-index-in-node=\"0\"><span class=\"citation-436 citation-end-436\">Salon du Livre de Ceyreste<\/span><\/b><\/h3>\n<ul data-path-to-node=\"3\">\n<li>\n<p id=\"p-rc_6e233c88e85a2445-140\" data-path-to-node=\"3,0,0\"><b data-path-to-node=\"3,0,0\" data-index-in-node=\"0\">Date :<\/b> <span class=\"citation-435 citation-end-435\">Samedi 1<span class=\"citation-309 citation-end-309\">7<\/span> octobre 2026<\/span><\/p>\n<\/li>\n<li>\n<p id=\"p-rc_6e233c88e85a2445-141\" data-path-to-node=\"3,1,0\"><b data-path-to-node=\"3,1,0\" data-index-in-node=\"0\"><span class=\"citation-434 citation-end-434\">Lieu :<\/span><\/b> <span class=\"citation-433 citation-end-433\">Salle polyvalente (5429 Chemin des Peupliers, 13600 Ceyreste)<\/span><\/p>\n<\/li>\n<li>\n<p id=\"p-rc_6e233c88e85a2445-142\" data-path-to-node=\"3,2,0\"><b data-path-to-node=\"3,2,0\" data-index-in-node=\"0\"><span class=\"citation-432 citation-end-432\">Programme :<\/span><\/b> <span class=\"citation-431 citation-end-431\">Une cinquantaine d&rsquo;auteurs et d&rsquo;autrices pr\u00e9sents pour des rencontres, d\u00e9dicaces, ateliers et animations litt\u00e9raires.<\/span><\/p>\n<\/li>\n<\/ul>\n<\/li>\n<\/ul>\n<\/li>\n<\/ul>\n<h3 id=\"p-rc_7430b49117b6f48f-69\" data-path-to-node=\"4\"><span class=\"citation-300 citation-end-300\">Var (83)<\/span><\/h3>\n<ul data-path-to-node=\"5\">\n<li>\n<p id=\"p-rc_7430b49117b6f48f-70\" data-path-to-node=\"5,0,0\"><b data-path-to-node=\"5,0,0\" data-index-in-node=\"0\"><span class=\"citation-299 citation-end-299\">F\u00eate du Livre du Var<\/span><\/b> <span class=\"citation-298\">\u2014 <\/span><i data-path-to-node=\"5,0,0\" data-index-in-node=\"23\"><span class=\"citation-298 citation-end-298\">Toulon<\/span><\/i><\/p>\n<ul data-path-to-node=\"5,0,1\">\n<li>\n<p id=\"p-rc_7430b49117b6f48f-71\" data-path-to-node=\"5,0,1,0,0\"><b data-path-to-node=\"5,0,1,0,0\" data-index-in-node=\"0\"><span class=\"citation-297 citation-end-297\">Dates :<\/span><\/b> <span class=\"citation-296 citation-end-296\">Du 20 au 22 novembre 2026<\/span><\/p>\n<\/li>\n<li>\n<p id=\"p-rc_7430b49117b6f48f-72\" data-path-to-node=\"5,0,1,1,0\"><b data-path-to-node=\"5,0,1,1,0\" data-index-in-node=\"0\"><span class=\"citation-295 citation-end-295\">Lieu :<\/span><\/b> <span class=\"citation-294 citation-end-294\">Palais des Congr\u00e8s Neptune<\/span><\/p>\n<p id=\"p-rc_7430b49117b6f48f-72\" data-path-to-node=\"5,0,1,1,0\"><i data-path-to-node=\"5,0,1,1,0\" data-index-in-node=\"34\">(Un des plus grands \u00e9v\u00e9nements litt\u00e9raires du d\u00e9partement avec plus de 300 auteurs).<\/i><\/p>\n<\/li>\n<\/ul>\n<\/li>\n<\/ul>\n<h3 data-path-to-node=\"7\">Alpes-Maritimes (06)<\/h3>\n<ul data-path-to-node=\"8\">\n<li>\n<p id=\"p-rc_7430b49117b6f48f-73\" data-path-to-node=\"8,0,0\"><b data-path-to-node=\"8,0,0\" data-index-in-node=\"0\"><span class=\"citation-293 citation-end-293\">Festival du Livre de Mouans-Sartoux<\/span><\/b> <span class=\"citation-292\">\u2014 <\/span><i data-path-to-node=\"8,0,0\" data-index-in-node=\"38\"><span class=\"citation-292 citation-end-292\">Mouans-Sartoux<\/span><\/i><\/p>\n<ul data-path-to-node=\"8,0,1\">\n<li>\n<p id=\"p-rc_7430b49117b6f48f-74\" data-path-to-node=\"8,0,1,0,0\"><b data-path-to-node=\"8,0,1,0,0\" data-index-in-node=\"0\"><span class=\"citation-291 citation-end-291\">Dates :<\/span><\/b> <span class=\"citation-290 citation-end-290\">Du 2 au 4 octobre 2026<\/span><\/p>\n<\/li>\n<li>\n<p id=\"p-rc_7430b49117b6f48f-75\" data-path-to-node=\"8,0,1,1,0\"><b data-path-to-node=\"8,0,1,1,0\" data-index-in-node=\"0\"><span class=\"citation-289 citation-end-289\">Lieu :<\/span><\/b> <span class=\"citation-288 citation-end-288\">Centre-ville et Centre Culturel des C\u00e8dres<\/span><\/p>\n<p id=\"p-rc_7430b49117b6f48f-75\" data-path-to-node=\"8,0,1,1,0\"><i data-path-to-node=\"8,0,1,1,0\" data-index-in-node=\"50\"><span class=\"citation-287\">(Le plus grand rassemblement litt\u00e9raire de la r\u00e9gion PACA).<\/span><\/i><\/p>\n<\/li>\n<\/ul>\n<\/li>\n<li>\n<p id=\"p-rc_7430b49117b6f48f-76\" data-path-to-node=\"8,1,0\"><b data-path-to-node=\"8,1,0\" data-index-in-node=\"0\"><span class=\"citation-286 citation-end-286\">Salon du Livre d&rsquo;Histoire<\/span><\/b> <span class=\"citation-285\">\u2014 <\/span><i data-path-to-node=\"8,1,0\" data-index-in-node=\"28\"><span class=\"citation-285 citation-end-285\">Villeneuve-Loubet<\/span><\/i><\/p>\n<ul data-path-to-node=\"8,1,1\">\n<li>\n<p id=\"p-rc_7430b49117b6f48f-77\" data-path-to-node=\"8,1,1,0,0\"><b data-path-to-node=\"8,1,1,0,0\" data-index-in-node=\"0\"><span class=\"citation-284 citation-end-284\">Dates :<\/span><\/b> <span class=\"citation-283 citation-end-283\">Du 17 au 19 octobre 2026<\/span><\/p>\n<\/li>\n<li>\n<p id=\"p-rc_7430b49117b6f48f-78\" data-path-to-node=\"8,1,1,1,0\"><b data-path-to-node=\"8,1,1,1,0\" data-index-in-node=\"0\"><span class=\"citation-282 citation-end-282\">Lieu :<\/span><\/b> <span class=\"citation-281 citation-end-281\">P\u00f4le culturel Escofier<\/span><\/p>\n<\/li>\n<\/ul>\n<\/li>\n<li>\n<p id=\"p-rc_7430b49117b6f48f-79\" data-path-to-node=\"8,2,0\"><b data-path-to-node=\"8,2,0\" data-index-in-node=\"0\"><span class=\"citation-280 citation-end-280\">Salon du Livre Jeunesse (CASA)<\/span><\/b> <span class=\"citation-279\">\u2014 <\/span><i data-path-to-node=\"8,2,0\" data-index-in-node=\"33\"><span class=\"citation-279 citation-end-279\">Agglom\u00e9ration Sophia Antipolis<\/span><\/i><\/p>\n<ul data-path-to-node=\"8,2,1\">\n<li>\n<p id=\"p-rc_7430b49117b6f48f-80\" data-path-to-node=\"8,2,1,0,0\"><b data-path-to-node=\"8,2,1,0,0\" data-index-in-node=\"0\"><span class=\"citation-278 citation-end-278\">Dates :<\/span><\/b> <span class=\"citation-277 citation-end-277\">14 et 15 novembre 2026<\/span><\/p>\n<\/li>\n<\/ul>\n<\/li>\n<\/ul>\n<p data-path-to-node=\"8,2,1,1,0\"><b data-path-to-node=\"8,2,1,1,0\" data-index-in-node=\"0\"><span class=\"citation-276 citation-end-276\">Lieu :<\/span><\/b> <span class=\"citation-275 citation-end-275\">R\u00e9seau des m\u00e9diath\u00e8ques de la CASA<\/span><\/p>\n<h3><span class=\"citation-474\">Le <\/span><b data-path-to-node=\"0\" data-index-in-node=\"3\"><span class=\"citation-474\">15\u1d49 Salon International du Livre de Monaco<\/span><\/b><span class=\"citation-474\"> se tiendra les <\/span><b data-path-to-node=\"0\" data-index-in-node=\"61\"><span class=\"citation-474\">samedi 5 et dimanche 6 septembre 2026<\/span><\/b><span class=\"citation-474 citation-end-474\">.<\/span><\/h3>\n<ul>\n<li style=\"list-style-type: none;\">\n<ul>\n<li style=\"list-style-type: none;\">\n<ul data-path-to-node=\"1\">\n<li>\n<p id=\"p-rc_0b95b7ea8897b0bd-158\" data-path-to-node=\"1,0,0\"><b data-path-to-node=\"1,0,0\" data-index-in-node=\"0\"><span class=\"citation-473 citation-end-473\">Lieu :<\/span><\/b> <span class=\"citation-472 citation-end-472\">Grimaldi Forum Monaco (Espace Diaghilev)<\/span><\/p>\n<\/li>\n<li>\n<p id=\"p-rc_0b95b7ea8897b0bd-159\" data-path-to-node=\"1,1,0\"><b data-path-to-node=\"1,1,0\" data-index-in-node=\"0\"><span class=\"citation-471 citation-end-471\">Horaires :<\/span><\/b> <span class=\"citation-470 citation-end-470\">De 10h00 \u00e0 18h00<\/span><\/p>\n<\/li>\n<li>\n<p id=\"p-rc_0b95b7ea8897b0bd-160\" data-path-to-node=\"1,2,0\"><b data-path-to-node=\"1,2,0\" data-index-in-node=\"0\"><span class=\"citation-469 citation-end-469\">Entr\u00e9e :<\/span><\/b> Libre et gratuite<\/p>\n<\/li>\n<li>\n<p data-path-to-node=\"1,3,0\"><b data-path-to-node=\"1,3,0\" data-index-in-node=\"0\"><span class=\"citation-468 citation-end-468\">Programme :<\/span><\/b> <span class=\"citation-467 citation-end-467\">Pr\u00e8s de 170 auteurs en d\u00e9dicace, tables rondes, conf\u00e9rences et remises de prix litt\u00e9raires.<\/span><\/p>\n<p id=\"p-rc_c202b0870cfc7fe8-173\" data-path-to-node=\"0\">La 15\u1d49 \u00e9dition du <b data-path-to-node=\"0\" data-index-in-node=\"18\">Salon International du Livre de Monaco<\/b> (5-6 septembre 2026 au Grimaldi Forum) r\u00e9unit environ 120 \u00e0 170 auteurs. <span class=\"citation-542\">L&rsquo;\u00e9v\u00e9nement est parrain\u00e9 cette ann\u00e9e par le politologue <\/span><b data-path-to-node=\"0\" data-index-in-node=\"186\"><span class=\"citation-542\">Gilles Kepel<\/span><\/b><span class=\"citation-542 citation-end-542\">.<\/span><\/p>\n<h3 data-path-to-node=\"1\">Personnalit\u00e9s &amp; Auteurs invit\u00e9s<\/h3>\n<ul data-path-to-node=\"2\">\n<li>\n<p id=\"p-rc_c202b0870cfc7fe8-174\" data-path-to-node=\"2,0,0\"><b data-path-to-node=\"2,0,0\" data-index-in-node=\"0\">G\u00e9opolitique, Essais &amp; Histoire :<\/b> <span class=\"citation-541 citation-end-541\">Gilles Kepel, Hubert V\u00e9drine, Vladimir F\u00e9dorovski, \u00c9tienne Klein, Enora Chame, Najwa El Ha\u00eft\u00e9 et Jacques Dallest.<\/span><\/p>\n<\/li>\n<li>\n<p data-path-to-node=\"2,1,0\"><b data-path-to-node=\"2,1,0\" data-index-in-node=\"0\">Litt\u00e9rature &amp; M\u00e9dias :<\/b> Louis-Henri de La Rochefoucauld, Emmanuelle de Boysson, St\u00e9phane Carlier, Pascal Bataille, Val\u00e9rie Bena\u00efm et Herv\u00e9 Pouchol.<\/p>\n<\/li>\n<li>\n<p data-path-to-node=\"2,2,0\"><b data-path-to-node=\"2,2,0\" data-index-in-node=\"0\">Musique, Sport &amp; Soci\u00e9t\u00e9 :<\/b> Jean-Pierre Danel, Julien Dassin, Luis Fernandez, Sarah Ourahmoune, le Dr Pierre-Alexis Geoffroy et Daniel Lauclair.<\/p>\n<\/li>\n<\/ul>\n<h3 data-path-to-node=\"4\">Temps forts de la programmation<\/h3>\n<ul data-path-to-node=\"5\">\n<li>\n<p id=\"p-rc_c202b0870cfc7fe8-175\" data-path-to-node=\"5,0,0\"><b data-path-to-node=\"5,0,0\" data-index-in-node=\"0\"><span class=\"citation-540 citation-end-540\">Samedi 5 septembre :<\/span><\/b><\/p>\n<ul data-path-to-node=\"5,0,1\">\n<li>\n<p id=\"p-rc_c202b0870cfc7fe8-176\" data-path-to-node=\"5,0,1,0,0\"><b data-path-to-node=\"5,0,1,0,0\" data-index-in-node=\"0\"><span class=\"citation-539 citation-end-539\">14h00 :<\/span><\/b> <span class=\"citation-538\">Remise du <\/span><i data-path-to-node=\"5,0,1,0,0\" data-index-in-node=\"18\"><span class=\"citation-538\">Prix du livre sportif<\/span><\/i><span class=\"citation-538 citation-end-538\"> (avec Luis Fernandez et Sarah Ourahmoune).<\/span><\/p>\n<\/li>\n<li>\n<p id=\"p-rc_c202b0870cfc7fe8-177\" data-path-to-node=\"5,0,1,1,0\"><b data-path-to-node=\"5,0,1,1,0\" data-index-in-node=\"0\"><span class=\"citation-537 citation-end-537\">14h30 :<\/span><\/b> <span class=\"citation-536 citation-end-536\">Conf\u00e9rence d&rsquo;Hubert V\u00e9drine.<\/span><\/p>\n<\/li>\n<li>\n<p id=\"p-rc_c202b0870cfc7fe8-178\" data-path-to-node=\"5,0,1,2,0\"><b data-path-to-node=\"5,0,1,2,0\" data-index-in-node=\"0\"><span class=\"citation-535 citation-end-535\">15h45 :<\/span><\/b> Rencontre m\u00e9dia avec Pascal Bataille, Val\u00e9rie Bena\u00efm et Herv\u00e9 Pouchol.<\/p>\n<\/li>\n<li>\n<p id=\"p-rc_c202b0870cfc7fe8-179\" data-path-to-node=\"5,0,1,3,0\"><b data-path-to-node=\"5,0,1,3,0\" data-index-in-node=\"0\"><span class=\"citation-534 citation-end-534\">16h30 :<\/span><\/b> D\u00e9bat scientifique et soci\u00e9tal avec \u00c9tienne Klein et Daniel Lauclair.<\/p>\n<\/li>\n<\/ul>\n<\/li>\n<li>\n<p id=\"p-rc_c202b0870cfc7fe8-180\" data-path-to-node=\"5,1,0\"><b data-path-to-node=\"5,1,0\" data-index-in-node=\"0\"><span class=\"citation-533 citation-end-533\">Dimanche 6 septembre :<\/span><\/b><\/p>\n<ul data-path-to-node=\"5,1,1\">\n<li>\n<p id=\"p-rc_c202b0870cfc7fe8-181\" data-path-to-node=\"5,1,1,0,0\"><b data-path-to-node=\"5,1,1,0,0\" data-index-in-node=\"0\"><span class=\"citation-532 citation-end-532\">15h15 :<\/span><\/b> <span class=\"citation-531 citation-end-531\">Grand entretien g\u00e9opolitique avec Gilles Kepel et la colonelle Enora Chame.<\/span><\/p>\n<\/li>\n<li>\n<p id=\"p-rc_c202b0870cfc7fe8-182\" data-path-to-node=\"5,1,1,1,0\"><b data-path-to-node=\"5,1,1,1,0\" data-index-in-node=\"0\"><span class=\"citation-530 citation-end-530\">16h00 :<\/span><\/b> <span class=\"citation-529 citation-end-529\">Table ronde avec Emmanuel Pierrat, Najwa El Ha\u00eft\u00e9 et Jacques Dallest.<\/span><\/p>\n<\/li>\n<li>\n<p id=\"p-rc_c202b0870cfc7fe8-183\" data-path-to-node=\"5,1,1,2,0\"><b data-path-to-node=\"5,1,1,2,0\" data-index-in-node=\"0\"><span class=\"citation-528 citation-end-528\">16h45 :<\/span><\/b> Conf\u00e9rence consacr\u00e9e au bien-\u00eatre et \u00e0 la sant\u00e9 mentale avec J\u00e9r\u00f4me Palazzolo et Richard Gougis.<\/p>\n<\/li>\n<\/ul>\n<\/li>\n<\/ul>\n<\/li>\n<\/ul>\n<\/li>\n<\/ul>\n<\/li>\n<\/ul>\n","protected":false},"excerpt":{"rendered":"<p>Voici le r\u00e9capitulatif des principaux salons et f\u00eates du livre confirm\u00e9s dans les Bouches-du-Rh\u00f4ne (13),&#8230;<\/p>\n","protected":false},"author":1,"featured_media":2792,"comment_status":"open","ping_status":"closed","sticky":false,"template":"","format":"standard","meta":{"_jetpack_newsletter_access":"","_jetpack_dont_email_post_to_subs":false,"_jetpack_newsletter_tier_id":0,"_jetpack_memberships_contains_paywalled_content":false,"_jetpack_feature_clip_id":0,"_jetpack_memberships_contains_paid_content":false,"footnotes":"","jetpack_publicize_message":"","jetpack_publicize_feature_enabled":true,"jetpack_social_post_already_shared":true,"jetpack_social_options":{"image_generator_settings":{"template":"highway","default_image_id":0,"font":"","enabled":false},"version":2},"jetpack_post_was_ever_published":false},"categories":[643,2122],"tags":[2137,2132,2131,2128,2136,2138,2127,2133,2129,2135,2124,2125,2130,2134,2126,2123],"class_list":["post-2791","post","type-post","status-publish","format-standard","has-post-thumbnail","hentry","category-agenda","category-salon-du-livre-agenda","tag-festival-a-livres-perches-a-lardier-et-valenca","tag-festival-du-livre-de-mouans-sartoux","tag-fete-du-livre-du-var-a-toulon","tag-fete-du-livre-jeunesse-a-barbentane","tag-les-correspondances-de-manosque","tag-livre-en-fete-a-roussillon","tag-salon-des-ecrivains-a-gardanne","tag-salon-du-livre-dhistoire-a-villeneuve-loubet","tag-salon-du-livre-de-ceyreste","tag-salon-du-livre-de-colomars-a-proximite-immediate-salon-international-du-livre-de-monaco","tag-salon-du-livre-de-la-mairie-maison-blanche-a-marseille","tag-salon-du-livre-de-saint-remy-de-provence","tag-salon-du-livre-et-des-arts-de-la-ciotat","tag-salon-du-livre-jeunesse-de-la-casa","tag-salon-du-livre-sfff-a-marseille","tag-salon-litteraire-du-pays-daix-a-fuveau"],"jetpack_publicize_connections":[],"jetpack_sharing_enabled":true,"jetpack_featured_media_url":"https:\/\/www.laurensoff.com\/wordpress\/wp-content\/uploads\/2026\/09\/aa24c094a149d67-phwtwgiiegsw-1200x630-1-e1788278262281.jpg","_links":{"self":[{"href":"https:\/\/www.laurensoff.com\/wordpress\/wp-json\/wp\/v2\/posts\/2791","targetHints":{"allow":["GET"]}}],"collection":[{"href":"https:\/\/www.laurensoff.com\/wordpress\/wp-json\/wp\/v2\/posts"}],"about":[{"href":"https:\/\/www.laurensoff.com\/wordpress\/wp-json\/wp\/v2\/types\/post"}],"author":[{"embeddable":true,"href":"https:\/\/www.laurensoff.com\/wordpress\/wp-json\/wp\/v2\/users\/1"}],"replies":[{"embeddable":true,"href":"https:\/\/www.laurensoff.com\/wordpress\/wp-json\/wp\/v2\/comments?post=2791"}],"version-history":[{"count":1,"href":"https:\/\/www.laurensoff.com\/wordpress\/wp-json\/wp\/v2\/posts\/2791\/revisions"}],"predecessor-version":[{"id":2793,"href":"https:\/\/www.laurensoff.com\/wordpress\/wp-json\/wp\/v2\/posts\/2791\/revisions\/2793"}],"wp:featuredmedia":[{"embeddable":true,"href":"https:\/\/www.laurensoff.com\/wordpress\/wp-json\/wp\/v2\/media\/2792"}],"wp:attachment":[{"href":"https:\/\/www.laurensoff.com\/wordpress\/wp-json\/wp\/v2\/media?parent=2791"}],"wp:term":[{"taxonomy":"category","embeddable":true,"href":"https:\/\/www.laurensoff.com\/wordpress\/wp-json\/wp\/v2\/categories?post=2791"},{"taxonomy":"post_tag","embeddable":true,"href":"https:\/\/www.laurensoff.com\/wordpress\/wp-json\/wp\/v2\/tags?post=2791"}],"curies":[{"name":"wp","href":"https:\/\/api.w.org\/{rel}","templated":true}]}}