{"id":2757,"date":"2026-08-31T07:47:48","date_gmt":"2026-08-31T06:47:48","guid":{"rendered":"https:\/\/www.laurensoff.com\/wordpress\/?p=2757"},"modified":"2026-08-31T07:47:48","modified_gmt":"2026-08-31T06:47:48","slug":"la-commune-de-carnoux-en-provence-a-celebre-son-60%e1%b5%89-anniversaire-lors-dune-journee-festive-conclue-par-une-soiree-dexception","status":"publish","type":"post","link":"https:\/\/www.laurensoff.com\/wordpress\/la-commune-de-carnoux-en-provence-a-celebre-son-60%e1%b5%89-anniversaire-lors-dune-journee-festive-conclue-par-une-soiree-dexception\/","title":{"rendered":"La commune de Carnoux-en-Provence a c\u00e9l\u00e9br\u00e9 son 60\u1d49 anniversaire lors d&rsquo;une journ\u00e9e festive conclue par une soir\u00e9e d&rsquo;exception"},"content":{"rendered":"<p id=\"p-rc_3e092e91b1b7e952-23\" data-path-to-node=\"0\"><span class=\"citation-15 citation-end-15\">Cr\u00e9\u00e9e le 26 ao\u00fbt 1966 pour accueillir principalement les familles rapatri\u00e9es d&rsquo;Afrique du Nord, la commune de Carnoux-en-Provence a c\u00e9l\u00e9br\u00e9 son 60\u1d49 anniversaire lors d&rsquo;une journ\u00e9e festive conclue par une soir\u00e9e d&rsquo;exception.<\/span><\/p>\n<p><iframe loading=\"lazy\" title=\"La ville de Carnoux-en-Provence a c\u00e9l\u00e9br\u00e9 ses 60 ans lors d'une soir\u00e9e m\u00e9morable\" src=\"https:\/\/www.youtube.com\/embed\/V8fL1zDJf5Q\" width=\"640\" height=\"320\" frameborder=\"0\" allowfullscreen=\"allowfullscreen\"><\/iframe><\/p>\n<p id=\"p-rc_3e092e91b1b7e952-24\" data-path-to-node=\"1\"><b data-path-to-node=\"1\" data-index-in-node=\"0\">Un hommage institutionnel et m\u00e9moriel 1966-2026<\/b><\/p>\n<p id=\"p-rc_3e092e91b1b7e952-24\" data-path-to-node=\"1\">La s\u00e9quence officielle a rassembl\u00e9 de nombreux \u00e9lus territoriaux, maires du d\u00e9partement et repr\u00e9sentants de la M\u00e9tropole Aix-Marseille-Provence et du Conseil D\u00e9partemental. <span class=\"citation-14 citation-end-14\">Discours institutionnels, t\u00e9moignages de pionniers et scellement d&rsquo;une capsule temporelle destin\u00e9e aux g\u00e9n\u00e9rations futures ont rythm\u00e9 ce moment fort.<\/span><\/p>\n<p id=\"p-rc_3e092e91b1b7e952-25\" data-path-to-node=\"2\"><b data-path-to-node=\"2\" data-index-in-node=\"0\">Convivialit\u00e9 et gastronomie<\/b><\/p>\n<p id=\"p-rc_3e092e91b1b7e952-25\" data-path-to-node=\"2\"><span class=\"citation-13 citation-end-13\">Fid\u00e8le \u00e0 ses racines, la f\u00eate s&rsquo;est poursuivie autour d&rsquo;une grande tabl\u00e9e fa\u00e7on K\u00e9mia (m\u00e9choui et brochettes) et du traditionnel g\u00e2teau d&rsquo;anniversaire, proposant un v\u00e9ritable moment de partage entre habitants, \u00e9lus et invit\u00e9s.<\/span><\/p>\n<p id=\"p-rc_3e092e91b1b7e952-26\" data-path-to-node=\"3\"><b data-path-to-node=\"3\" data-index-in-node=\"0\"><span class=\"citation-12 citation-end-12\">Une fin de soir\u00e9e en musique<\/span><\/b><\/p>\n<p id=\"p-rc_3e092e91b1b7e952-26\" data-path-to-node=\"3\">Le point d&rsquo;orgue de l&rsquo;\u00e9v\u00e9nement s&rsquo;est d\u00e9roul\u00e9 en plein air avec le concert du prestigieux orchestre Cocktail de Nuit. Show visuel et musical haut en couleur, rythmes vari\u00e9s et interpr\u00e9tations d&rsquo;envergure ont transform\u00e9 la soir\u00e9e en une grande f\u00eate populaire et raffin\u00e9e.<\/p>\n<p data-path-to-node=\"3\"><img loading=\"lazy\" decoding=\"async\" class=\"alignnone size-full wp-image-2755\" src=\"https:\/\/www.laurensoff.com\/wordpress\/wp-content\/uploads\/2026\/08\/768230377_1586649992861235_3539636003071871340_n-e1788157802463.jpg\" alt=\"\" width=\"500\" height=\"333\" \/><\/p>\n","protected":false},"excerpt":{"rendered":"<p>Cr\u00e9\u00e9e le 26 ao\u00fbt 1966 pour accueillir principalement les familles rapatri\u00e9es d&rsquo;Afrique du Nord, la&#8230;<\/p>\n","protected":false},"author":1,"featured_media":2758,"comment_status":"open","ping_status":"closed","sticky":false,"template":"","format":"standard","meta":{"_jetpack_newsletter_access":"","_jetpack_dont_email_post_to_subs":false,"_jetpack_newsletter_tier_id":0,"_jetpack_memberships_contains_paywalled_content":false,"_jetpack_feature_clip_id":0,"_jetpack_memberships_contains_paid_content":false,"footnotes":"","jetpack_publicize_message":"","jetpack_publicize_feature_enabled":true,"jetpack_social_post_already_shared":true,"jetpack_social_options":{"image_generator_settings":{"template":"highway","default_image_id":0,"font":"","enabled":false},"version":2},"jetpack_post_was_ever_published":false},"categories":[706,1809],"tags":[825,632,1810,1811,1812,1813,1814,1815,1816,1817,1819,1820,1821,1822,394,421,1823,1824,1825,1750,1826,1827,1828,1830,1831,1832,1834,1835,1836,1837,1838,1839,1840,1841,1842,1843,1818,37,1829,1833,1855,1865,1844,1845,1846,1847,1848,1849,1850,1851,454,34,943,824,1852,1853,1854,1856,1857,1858,1859,633,1860,1861,1862,1863,1864,1866,1867,1868,453,1869,1870,1871,1872,1873,1874,1875,1876,1877,1878,1879,1880,1881,1882,1883,1884,1885,1886,1887,1888,1889],"class_list":["post-2757","post","type-post","status-publish","format-standard","has-post-thumbnail","hentry","category-anniversaire","category-carnoux-en-provence","tag-aix-en-provence","tag-allauch","tag-alleins","tag-aubagne","tag-auriol","tag-aurons","tag-beaurecueil","tag-belcodene","tag-berre-letang","tag-bouc-bel-air","tag-cabries","tag-cadolive","tag-carnoux-en-provence","tag-carry-le-rouet","tag-cassis","tag-ceyreste","tag-charleval","tag-chateauneuf-le-rouge","tag-chateauneuf-les-martigues","tag-cocktail-de-nuit","tag-cornillon-confoux","tag-coudoux","tag-cuges-les-pins","tag-eguilles","tag-ensues-la-redonne","tag-eyguieres","tag-fos-sur-mer","tag-fuveau","tag-gardanne","tag-gemenos","tag-gignac-la-nerthe","tag-grans","tag-greasque","tag-istres","tag-jouques","tag-la-barben","tag-la-bouilladisse","tag-la-ciotat","tag-la-destrousse","tag-la-fare-les-oliviers","tag-la-penne-sur-huveaune","tag-la-roque-dantheron","tag-lamanon","tag-lambesc","tag-lancon-provence","tag-le-puy-sainte-reparade","tag-le-rove","tag-le-tholonet","tag-les-pennes-mirabeau","tag-mallemort","tag-marignane","tag-marseille","tag-martigues","tag-meyrargues","tag-meyreuil","tag-mimet","tag-miramas","tag-pertuis","tag-peynier","tag-peypin","tag-peyrolles-en-provence","tag-plan-de-cuques","tag-port-de-bouc","tag-port-saint-louis-du-rhone","tag-puyloubier","tag-rognac","tag-rognes","tag-roquefort-la-bedoule","tag-roquevaire","tag-rousset","tag-saint-victoret","tag-saint-antonin-sur-bayon","tag-saint-cannat","tag-saint-chamas","tag-saint-esteve-janson","tag-saint-marc-jaumegarde","tag-saint-mitre-les-remparts","tag-saint-paul-les-durance","tag-saint-savournin","tag-saint-zacharie","tag-salon-de-provence","tag-sausset-les-pins","tag-senas","tag-septemes-les-vallons","tag-simiane-collongue","tag-trets","tag-vauvenargues","tag-velaux","tag-venelles","tag-ventabren","tag-vernegues","tag-vitrolles"],"jetpack_publicize_connections":[],"jetpack_sharing_enabled":true,"jetpack_featured_media_url":"https:\/\/www.laurensoff.com\/wordpress\/wp-content\/uploads\/2026\/08\/17088921923303654391.jpg","_links":{"self":[{"href":"https:\/\/www.laurensoff.com\/wordpress\/wp-json\/wp\/v2\/posts\/2757","targetHints":{"allow":["GET"]}}],"collection":[{"href":"https:\/\/www.laurensoff.com\/wordpress\/wp-json\/wp\/v2\/posts"}],"about":[{"href":"https:\/\/www.laurensoff.com\/wordpress\/wp-json\/wp\/v2\/types\/post"}],"author":[{"embeddable":true,"href":"https:\/\/www.laurensoff.com\/wordpress\/wp-json\/wp\/v2\/users\/1"}],"replies":[{"embeddable":true,"href":"https:\/\/www.laurensoff.com\/wordpress\/wp-json\/wp\/v2\/comments?post=2757"}],"version-history":[{"count":1,"href":"https:\/\/www.laurensoff.com\/wordpress\/wp-json\/wp\/v2\/posts\/2757\/revisions"}],"predecessor-version":[{"id":2759,"href":"https:\/\/www.laurensoff.com\/wordpress\/wp-json\/wp\/v2\/posts\/2757\/revisions\/2759"}],"wp:featuredmedia":[{"embeddable":true,"href":"https:\/\/www.laurensoff.com\/wordpress\/wp-json\/wp\/v2\/media\/2758"}],"wp:attachment":[{"href":"https:\/\/www.laurensoff.com\/wordpress\/wp-json\/wp\/v2\/media?parent=2757"}],"wp:term":[{"taxonomy":"category","embeddable":true,"href":"https:\/\/www.laurensoff.com\/wordpress\/wp-json\/wp\/v2\/categories?post=2757"},{"taxonomy":"post_tag","embeddable":true,"href":"https:\/\/www.laurensoff.com\/wordpress\/wp-json\/wp\/v2\/tags?post=2757"}],"curies":[{"name":"wp","href":"https:\/\/api.w.org\/{rel}","templated":true}]}}