{"id":2738,"date":"2026-08-29T14:25:50","date_gmt":"2026-08-29T13:25:50","guid":{"rendered":"https:\/\/www.laurensoff.com\/wordpress\/?p=2738"},"modified":"2026-08-29T14:25:50","modified_gmt":"2026-08-29T13:25:50","slug":"gilbert-ganteaume-est-decede-le-28-aout-2026-dans-sa-ville-natale-il-est-lune-des-figures-artistiques-et-culturelles-marquantes-de-la-ciotat","status":"publish","type":"post","link":"https:\/\/www.laurensoff.com\/wordpress\/gilbert-ganteaume-est-decede-le-28-aout-2026-dans-sa-ville-natale-il-est-lune-des-figures-artistiques-et-culturelles-marquantes-de-la-ciotat\/","title":{"rendered":"Gilbert Ganteaume est d\u00e9c\u00e9d\u00e9 le 28 ao\u00fbt 2026 dans sa ville natale. Il est l&rsquo;une des figures artistiques et culturelles marquantes de La Ciotat."},"content":{"rendered":"<p id=\"p-rc_3c04c007cdb8b9b3-50\" data-path-to-node=\"0\"><span class=\"citation-118\">Gilbert Ganteaume est n\u00e9 le <\/span><b data-path-to-node=\"0\" data-index-in-node=\"28\"><span class=\"citation-118\">12 octobre 1932<\/span><\/b><span class=\"citation-118\"> \u00e0 La Ciotat et mort le <\/span><b data-path-to-node=\"0\" data-index-in-node=\"67\"><span class=\"citation-118\">28 ao\u00fbt 2026<\/span><\/b><span class=\"citation-118 citation-end-118\"> dans sa ville natale.<\/span> <span class=\"citation-117 citation-end-117\">Il est l&rsquo;une des figures artistiques et culturelles marquantes de La Ciotat.<\/span><\/p>\n<ul data-path-to-node=\"1\">\n<li>\n<p id=\"p-rc_3c04c007cdb8b9b3-51\" data-path-to-node=\"1,0,0\"><b data-path-to-node=\"1,0,0\" data-index-in-node=\"0\">Origines et formation ouvri\u00e8re :<\/b> <span class=\"citation-116 citation-end-116\">Il grandit dans l&rsquo;univers des Chantiers Navals de La Ciotat, o\u00f9 il apprend d\u00e8s son jeune \u00e2ge \u00e0 travailler le bois et le m\u00e9tal.<\/span> Ces savoir-faire manuels (d\u00e9couper, souder, assembler) marqueront durablement toute sa d\u00e9marche plastique.<\/p>\n<\/li>\n<li>\n<p id=\"p-rc_3c04c007cdb8b9b3-52\" data-path-to-node=\"1,1,0\"><b data-path-to-node=\"1,1,0\" data-index-in-node=\"0\"><span class=\"citation-115 citation-end-115\">Transition vers l&rsquo;art :<\/span><\/b> <span class=\"citation-114 citation-end-114\">Il quitte les chantiers navals au d\u00e9but des ann\u00e9es 1970 pour se consacrer progressivement \u00e0 la cr\u00e9ation artistique.<\/span><\/p>\n<\/li>\n<li>\n<p id=\"p-rc_3c04c007cdb8b9b3-53\" data-path-to-node=\"1,2,0\"><b data-path-to-node=\"1,2,0\" data-index-in-node=\"0\">Style et recherche plastique :<\/b> <span class=\"citation-113 citation-end-113\">Peintre et sculpteur, son travail se situe entre l&rsquo;abstraction, le mati\u00e9risme et la repr\u00e9sentation.<\/span> Il s&rsquo;inspire des mat\u00e9riaux industriels et des objets du quotidien en utilisant l&rsquo;acier, le fer, le bois et divers \u00e9l\u00e9ments r\u00e9cup\u00e9r\u00e9s ou d\u00e9tourn\u00e9s.<\/p>\n<\/li>\n<li>\n<p data-path-to-node=\"1,3,0\"><b data-path-to-node=\"1,3,0\" data-index-in-node=\"0\">Engagement et ancrage ciotaden :<\/b> Homme profond\u00e9ment attach\u00e9 \u00e0 sa ville et aux luttes ouvri\u00e8res, il s&rsquo;est aussi investi dans l&rsquo;\u00e9criture (notamment avec des r\u00e9cits et t\u00e9moignages sur l&rsquo;histoire de la cit\u00e9) et la d\u00e9coration de lieux locaux (comme la salle Paul \u00c9luard ou le mus\u00e9e de la ville).<\/p>\n<\/li>\n<\/ul>\n<p id=\"p-rc_3c04c007cdb8b9b3-54\" data-path-to-node=\"2\"><span class=\"citation-112\">L&rsquo;exposition r\u00e9trospective <\/span><i data-path-to-node=\"2\" data-index-in-node=\"27\"><span class=\"citation-112\">\u00ab N\u00e9 de l&rsquo;Acier \u00bb<\/span><\/i><span class=\"citation-112 citation-end-112\">, pr\u00e9sent\u00e9e \u00e0 la Chapelle des P\u00e9nitents Bleus \u00e0 La Ciotat, rend hommage \u00e0 son parcours et \u00e0 son travail de la mati\u00e8re.<\/span><\/p>\n<p id=\"p-rc_50b72c688f5f7052-61\" data-path-to-node=\"0\"><span class=\"citation-167 citation-end-167\">Gilbert Ganteaume est une figure artistique indissociable de La Ciotat, caract\u00e9ris\u00e9 par son lien fusionnel avec le monde ouvrier des Chantiers Navals.<\/span><\/p>\n<h3 data-path-to-node=\"1\">Parcours et formation ouvri\u00e8re<\/h3>\n<p id=\"p-rc_50b72c688f5f7052-62\" data-path-to-node=\"2\"><span class=\"citation-166 citation-end-166\">N\u00e9 le 12 octobre 1932 \u00e0 La Ciotat, il commence tr\u00e8s jeune son travail aux Chantiers Navals de la ville.<\/span> <span class=\"citation-165 citation-end-165\">C&rsquo;est lors de cet apprentissage qu&rsquo;il assimile les techniques du travail du bois et du m\u00e9tal \u2014 couper, souder, assembler \u2014 des gestes artisanaux et industriels qui formeront le c\u0153ur de sa pratique plastique tout au long de sa vie.<\/span><\/p>\n<h3 data-path-to-node=\"3\">Transition vers l&rsquo;art moderne<\/h3>\n<p data-path-to-node=\"4\">Apr\u00e8s son d\u00e9part des chantiers navals au d\u00e9but des ann\u00e9es 1970, il se tourne progressivement vers la peinture et la sculpture. Son travail s&rsquo;inspire alors de grandes figures de l&rsquo;art contemporain et du mati\u00e9risme, telles que Zao Wou-Ki, Antoni T\u00e0pies, Jean Dubuffet, Jean Tinguely, Arman ou C\u00e9sar.<\/p>\n<h3 data-path-to-node=\"5\">Style et d\u00e9marche plastique<\/h3>\n<p id=\"p-rc_50b72c688f5f7052-63\" data-path-to-node=\"6\"><span class=\"citation-164 citation-end-164\">Son \u0153uvre se caract\u00e9rise par une recherche constante sur la mati\u00e8re :<\/span><\/p>\n<ul data-path-to-node=\"7\">\n<li>\n<p data-path-to-node=\"7,0,0\"><b data-path-to-node=\"7,0,0\" data-index-in-node=\"0\">Mat\u00e9riaux bruts et d\u00e9tourn\u00e9s :<\/b> Il utilise l&rsquo;acier, le fer, le bois, le goudron, ainsi que divers objets et \u00e9l\u00e9ments m\u00e9talliques r\u00e9cup\u00e9r\u00e9s pour cr\u00e9er des surfaces charg\u00e9es de relief et d&rsquo;histoire.<\/p>\n<\/li>\n<li>\n<p data-path-to-node=\"7,1,0\"><b data-path-to-node=\"7,1,0\" data-index-in-node=\"0\">Synth\u00e8se plastique :<\/b> Son langage visuel oscille entre l&rsquo;abstraction, le mati\u00e9risme et la repr\u00e9sentation, associant la rigueur du geste ouvrier \u00e0 la libert\u00e9 po\u00e9tique de la cr\u00e9ation artistique.<\/p>\n<\/li>\n<\/ul>\n<h3 data-path-to-node=\"8\">Ancrage local et m\u00e9moire ciotadenne<\/h3>\n<p data-path-to-node=\"9\">Profond\u00e9ment attach\u00e9 \u00e0 son territoire et aux valeurs du monde maritime et industriel, Gilbert Ganteaume s&rsquo;est \u00e9galement consacr\u00e9 \u00e0 l&rsquo;\u00e9criture et au patrimoine :<\/p>\n<ul data-path-to-node=\"10\">\n<li>\n<p id=\"p-rc_50b72c688f5f7052-64\" data-path-to-node=\"10,0,0\"><span class=\"citation-163\">Il est l&rsquo;auteur d&rsquo;ouvrages consacr\u00e9s \u00e0 l&rsquo;histoire et \u00e0 la m\u00e9moire ciotadenne, notamment <\/span><i data-path-to-node=\"10,0,0\" data-index-in-node=\"88\"><span class=\"citation-163\">La Ciotat, mon amour<\/span><\/i><span class=\"citation-163\"> (2009) et <\/span><i data-path-to-node=\"10,0,0\" data-index-in-node=\"119\"><span class=\"citation-163\">Les beaux jours, Journal d&rsquo;un mort potentiel<\/span><\/i><span class=\"citation-163 citation-end-163\"> (2016).<\/span><\/p>\n<\/li>\n<li>\n<p data-path-to-node=\"10,1,0\">Il a r\u00e9alis\u00e9 la d\u00e9coration et l&rsquo;am\u00e9nagement artistique de plusieurs lieux de la commune, dont le Mus\u00e9e de La Ciotat, la salle Paul \u00c9luard et la chapelle de l&rsquo;\u0152uvre.<\/p>\n<\/li>\n<li>\n<p id=\"p-rc_50b72c688f5f7052-65\" data-path-to-node=\"10,2,0\"><span class=\"citation-162\">Deux films documentaires lui ont \u00e9t\u00e9 consacr\u00e9s : <\/span><i data-path-to-node=\"10,2,0\" data-index-in-node=\"49\"><span class=\"citation-162\">Gilbert Ganteaume, un peintre dans sa ville<\/span><\/i><span class=\"citation-162\"> par Jos\u00e9 Jutard (2014) et <\/span><i data-path-to-node=\"10,2,0\" data-index-in-node=\"119\"><span class=\"citation-162\">Gilbert Ganteaume, un trac\u00e9 audacieux<\/span><\/i><span class=\"citation-162 citation-end-162\"> par Claude Hirsch (2019).<\/span><\/p>\n<\/li>\n<\/ul>\n<p id=\"p-rc_50b72c688f5f7052-66\" data-path-to-node=\"11\"><span class=\"citation-161\">Une exposition r\u00e9trospective intitul\u00e9e <\/span><i data-path-to-node=\"11\" data-index-in-node=\"39\"><span class=\"citation-161\">\u00ab N\u00e9 de l&rsquo;Acier \u00bb<\/span><\/i><span class=\"citation-161 citation-end-161\">, organis\u00e9e par l&rsquo;association GAM \u00e0 la Chapelle des P\u00e9nitents Bleus \u00e0 La Ciotat, a \u00e9t\u00e9 consacr\u00e9e \u00e0 l&rsquo;ensemble de son travail.<\/span><\/p>\n<div dir=\"auto\">LA CIOTAT \/ CULTURE \/ ARTISTE <span class=\"html-span xexx8yu xyri2b x18d9i69 x1c1uobl x1hl2dhg x16tdsg8 x1vvkbs x3nfvp2 x1j61x8r x1fcty0u xdj266r xat24cr xm2jcoa x1mpyi22 xxymvpz xlup9mm x1kky2od\"><img loading=\"lazy\" decoding=\"async\" class=\"xz74otr x15mokao x1ga7v0g x16uus16 xbiv7yw\" src=\"https:\/\/static.xx.fbcdn.net\/images\/emoji.php\/v9\/t40\/1\/16\/1f62d.png\" alt=\"\ud83d\ude2d\" width=\"16\" height=\"16\" \/><\/span><span class=\"html-span xexx8yu xyri2b x18d9i69 x1c1uobl x1hl2dhg x16tdsg8 x1vvkbs x3nfvp2 x1j61x8r x1fcty0u xdj266r xat24cr xm2jcoa x1mpyi22 xxymvpz xlup9mm x1kky2od\"><img loading=\"lazy\" decoding=\"async\" class=\"xz74otr x15mokao x1ga7v0g x16uus16 xbiv7yw\" src=\"https:\/\/static.xx.fbcdn.net\/images\/emoji.php\/v9\/t40\/1\/16\/1f62d.png\" alt=\"\ud83d\ude2d\" width=\"16\" height=\"16\" \/><\/span><span class=\"html-span xexx8yu xyri2b x18d9i69 x1c1uobl x1hl2dhg x16tdsg8 x1vvkbs x3nfvp2 x1j61x8r x1fcty0u xdj266r xat24cr xm2jcoa x1mpyi22 xxymvpz xlup9mm x1kky2od\"><img loading=\"lazy\" decoding=\"async\" class=\"xz74otr x15mokao x1ga7v0g x16uus16 xbiv7yw\" src=\"https:\/\/static.xx.fbcdn.net\/images\/emoji.php\/v9\/t40\/1\/16\/1f62d.png\" alt=\"\ud83d\ude2d\" width=\"16\" height=\"16\" \/><\/span>Ce soir, Il y a une seule \u00e9toile <span class=\"html-span xexx8yu xyri2b x18d9i69 x1c1uobl x1hl2dhg x16tdsg8 x1vvkbs x3nfvp2 x1j61x8r x1fcty0u xdj266r xat24cr xm2jcoa x1mpyi22 xxymvpz xlup9mm x1kky2od\"><img loading=\"lazy\" decoding=\"async\" class=\"xz74otr x15mokao x1ga7v0g x16uus16 xbiv7yw\" src=\"https:\/\/static.xx.fbcdn.net\/images\/emoji.php\/v9\/tb4\/1\/16\/2b50.png\" alt=\"\u2b50\ufe0f\" width=\"16\" height=\"16\" \/><\/span>qui va briller au dessus de La Ciotat. <span class=\"html-span xdj266r x14z9mp xat24cr x1lziwak xexx8yu xyri2b x18d9i69 x1c1uobl x1hl2dhg x16tdsg8 x1vvkbs\"><a class=\"x1i10hfl xjbqb8w x1ejq31n x18oe1m7 x1sy0etr xstzfhl x972fbf x10w94by x1qhh985 x14e42zd x9f619 x1ypdohk xt0psk2 x3ct3a4 xdj266r x14z9mp xat24cr x1lziwak xexx8yu xyri2b x18d9i69 x1c1uobl x16tdsg8 x1hl2dhg xggy1nq x1a2a7pz xkrqix3 x1sur9pj x1fey0fg x1s688f\" tabindex=\"0\" role=\"link\" href=\"https:\/\/www.facebook.com\/gilbertganteaume?__cft__[0]=AZZo4P0rVeM1N2HL05wTeaLGSFDRSYhq34N24Ubh8UYTHxfE4qMEJTIedSi708vAbnBS7lgyXGs8kVvgC-Kftixk9xI-ppatxbHj3apLwpataAFR11UiOQkuzB8N_OXUP52egPgR-f_KColk9BCfbi-D35rgirW-Y3ubQYWhZYDdWRiAcvknrYX5rP9IN5U2IBs&amp;__tn__=-]K-R\"><span class=\"xt0psk2\"><span class=\"xjp7ctv\">Gilbert Ganteaume<\/span><\/span><\/a><\/span>, notre peintre si tendrement artistique. Tu as fait tellement pour La Ciotat.<\/div>\n<div dir=\"auto\">Repose en paix <span class=\"html-span xexx8yu xyri2b x18d9i69 x1c1uobl x1hl2dhg x16tdsg8 x1vvkbs x3nfvp2 x1j61x8r x1fcty0u xdj266r xat24cr xm2jcoa x1mpyi22 xxymvpz xlup9mm x1kky2od\"><img loading=\"lazy\" decoding=\"async\" class=\"xz74otr x15mokao x1ga7v0g x16uus16 xbiv7yw\" src=\"https:\/\/static.xx.fbcdn.net\/images\/emoji.php\/v9\/t80\/1\/16\/1f64f.png\" alt=\"\ud83d\ude4f\" width=\"16\" height=\"16\" \/><\/span><span class=\"html-span xexx8yu xyri2b x18d9i69 x1c1uobl x1hl2dhg x16tdsg8 x1vvkbs x3nfvp2 x1j61x8r x1fcty0u xdj266r xat24cr xm2jcoa x1mpyi22 xxymvpz xlup9mm x1kky2od\"><img loading=\"lazy\" decoding=\"async\" class=\"xz74otr x15mokao x1ga7v0g x16uus16 xbiv7yw\" src=\"https:\/\/static.xx.fbcdn.net\/images\/emoji.php\/v9\/t6c\/1\/16\/2764.png\" alt=\"\u2764\ufe0f\" width=\"16\" height=\"16\" \/><\/span> tu vas nous manquer !<\/div>\n<div dir=\"auto\">Pens\u00e9e et condol\u00e9ances affectives dans cette douloureuse \u00e9preuve \u00e0 toute la famille. <span class=\"html-span xdj266r x14z9mp xat24cr x1lziwak xexx8yu xyri2b x18d9i69 x1c1uobl x1hl2dhg x16tdsg8 x1vvkbs\"><a class=\"x1i10hfl xjbqb8w x1ejq31n x18oe1m7 x1sy0etr xstzfhl x972fbf x10w94by x1qhh985 x14e42zd x9f619 x1ypdohk xt0psk2 x3ct3a4 xdj266r x14z9mp xat24cr x1lziwak xexx8yu xyri2b x18d9i69 x1c1uobl x16tdsg8 x1hl2dhg xggy1nq x1a2a7pz xkrqix3 x1sur9pj x1fey0fg x1s688f\" tabindex=\"0\" role=\"link\" href=\"https:\/\/www.facebook.com\/cganteaume?__cft__[0]=AZZo4P0rVeM1N2HL05wTeaLGSFDRSYhq34N24Ubh8UYTHxfE4qMEJTIedSi708vAbnBS7lgyXGs8kVvgC-Kftixk9xI-ppatxbHj3apLwpataAFR11UiOQkuzB8N_OXUP52egPgR-f_KColk9BCfbi-D35rgirW-Y3ubQYWhZYDdWRiAcvknrYX5rP9IN5U2IBs&amp;__tn__=-]K-R\"><span class=\"xt0psk2\"><span class=\"xjp7ctv\">Ganteaume<\/span><\/span><\/a><\/span><\/div>\n<div dir=\"auto\">50 ans des fresques de Gilbert Ganteaume en l&rsquo;\u00e9glise Notre Dame de l&rsquo;Assomption \u00e0 La Ciotat tous mes reportages.<\/div>\n<div dir=\"auto\"><span class=\"html-span xdj266r x14z9mp xat24cr x1lziwak xexx8yu xyri2b x18d9i69 x1c1uobl x1hl2dhg x16tdsg8 x1vvkbs\"><a class=\"x1i10hfl xjbqb8w x1ejq31n x18oe1m7 x1sy0etr xstzfhl x972fbf x10w94by x1qhh985 x14e42zd x9f619 x1ypdohk xt0psk2 x3ct3a4 xdj266r x14z9mp xat24cr x1lziwak xexx8yu xyri2b x18d9i69 x1c1uobl x16tdsg8 x1hl2dhg xggy1nq x1a2a7pz xkrqix3 x1sur9pj x1fey0fg x1s688f\" tabindex=\"0\" role=\"link\" href=\"https:\/\/youtu.be\/87ZXoEoAb2A?fbclid=IwcGRvZgVleHRuA2FlbQIxMABicmlkETBxR1pQYXczTG43QVJWTU1Bc3J0YwZhcHBfaWQQMjIyMDM5MTc4ODIwMDg5MgABHt818Oh4gOhophJGxAiWPr_SegHyzy2Vo5NaOA_ekWBFYk1SfgR2bVwDaGBh_aem_2LiwNSJl6vBayDLXjLsuQw\" target=\"_blank\" rel=\"nofollow noopener noreferrer\">https:\/\/youtu.be\/87ZXoEoAb2A<\/a><\/span><\/div>\n<div dir=\"auto\"><span class=\"html-span xdj266r x14z9mp xat24cr x1lziwak xexx8yu xyri2b x18d9i69 x1c1uobl x1hl2dhg x16tdsg8 x1vvkbs\"><a class=\"x1i10hfl xjbqb8w x1ejq31n x18oe1m7 x1sy0etr xstzfhl x972fbf x10w94by x1qhh985 x14e42zd x9f619 x1ypdohk xt0psk2 x3ct3a4 xdj266r x14z9mp xat24cr x1lziwak xexx8yu xyri2b x18d9i69 x1c1uobl x16tdsg8 x1hl2dhg xggy1nq x1a2a7pz xkrqix3 x1sur9pj x1fey0fg x1s688f\" tabindex=\"0\" role=\"link\" href=\"https:\/\/youtu.be\/wPjozVzVIho?fbclid=IwcGRvZgVleHRuA2FlbQIxMABicmlkETBxR1pQYXczTG43QVJWTU1Bc3J0YwZhcHBfaWQQMjIyMDM5MTc4ODIwMDg5MgABHr7hny4GAHM1DX1ukBH2RgDrFXG5w8HYLUWCO3fRrwOgdN54bSFPv3X8sAIq_aem_aNUzz_AbchbBGa0k4wSMtg\" target=\"_blank\" rel=\"nofollow noopener noreferrer\">https:\/\/youtu.be\/wPjozVzVIho<\/a><\/span><\/div>\n<div dir=\"auto\"><span class=\"html-span xdj266r x14z9mp xat24cr x1lziwak xexx8yu xyri2b x18d9i69 x1c1uobl x1hl2dhg x16tdsg8 x1vvkbs\"><a class=\"x1i10hfl xjbqb8w x1ejq31n x18oe1m7 x1sy0etr xstzfhl x972fbf x10w94by x1qhh985 x14e42zd x9f619 x1ypdohk xt0psk2 x3ct3a4 xdj266r x14z9mp xat24cr x1lziwak xexx8yu xyri2b x18d9i69 x1c1uobl x16tdsg8 x1hl2dhg xggy1nq x1a2a7pz xkrqix3 x1sur9pj x1fey0fg x1s688f\" tabindex=\"0\" role=\"link\" href=\"https:\/\/youtu.be\/mba-HKmpSCY?fbclid=IwcGRvZgVleHRuA2FlbQIxMABicmlkETBxR1pQYXczTG43QVJWTU1Bc3J0YwZhcHBfaWQQMjIyMDM5MTc4ODIwMDg5MgABHk7P9-3-TEEiZ37hf_VCLHr9wVKbJc_l02diGTt8qVyIv72jHYQomAVvGn_A_aem_TnT3oqbz0Xc2peMKaiIWfA\" target=\"_blank\" rel=\"nofollow noopener noreferrer\">https:\/\/youtu.be\/mba-HKmpSCY<\/a><\/span><\/div>\n<div dir=\"auto\"><span class=\"html-span xdj266r x14z9mp xat24cr x1lziwak xexx8yu xyri2b x18d9i69 x1c1uobl x1hl2dhg x16tdsg8 x1vvkbs\"><a class=\"x1i10hfl xjbqb8w x1ejq31n x18oe1m7 x1sy0etr xstzfhl x972fbf x10w94by x1qhh985 x14e42zd x9f619 x1ypdohk xt0psk2 x3ct3a4 xdj266r x14z9mp xat24cr x1lziwak xexx8yu xyri2b x18d9i69 x1c1uobl x16tdsg8 x1hl2dhg xggy1nq x1a2a7pz xkrqix3 x1sur9pj x1fey0fg x1s688f\" tabindex=\"0\" role=\"link\" href=\"https:\/\/l.facebook.com\/l.php?u=https%3A%2F%2Fyoutu.be%2FqzLfxsXO4jE%3Ffbclid%3DIwcGRvZgVleHRuA2FlbQIxMABicmlkETBxR1pQYXczTG43QVJWTU1Bc3J0YwZhcHBfaWQQMjIyMDM5MTc4ODIwMDg5MgABHr7hny4GAHM1DX1ukBH2RgDrFXG5w8HYLUWCO3fRrwOgdN54bSFPv3X8sAIq_aem_aNUzz_AbchbBGa0k4wSMtg&amp;h=AUDHKQf3vtyYAFe0pdUuxMXD1qRymiOYfBBeeo2rWNvuet_YSY0k950vUgsVTF3pCKEl2PwQ-ohweqSlhG8qnAtlIHW-2ELabTWtP4f4T8_BtcN1QIAYeyowjAHJFJXdrQYsMHx8SmJMJj-9&amp;__tn__=-UK-R&amp;c[0]=AUCpGHf5ZXOijwcicM8LmSp_uv3O0MD-I2_eYGhCyVT5wPdlkQ9Cx9URWXrvGBdI02SOoAnRHJnmbfONlnYFS3Mp5LYrusheq3CZjxa_uhnIOdfngAGy5b3PQgG7WcR947y4m19jDvRFUDA2uUhh_On4oGD9a-0eIwVGDiYerZ5B7V3E3_8Rd2bdWcyfwHOARo-gklZdEzFLTmo_83pKtEqoww\" target=\"_blank\" rel=\"nofollow noopener noreferrer\">https:\/\/youtu.be\/qzLfxsXO4jE<\/a><\/span><\/div>\n","protected":false},"excerpt":{"rendered":"<p>Gilbert Ganteaume est n\u00e9 le 12 octobre 1932 \u00e0 La Ciotat et mort le 28&#8230;<\/p>\n","protected":false},"author":1,"featured_media":2739,"comment_status":"open","ping_status":"closed","sticky":false,"template":"","format":"standard","meta":{"_jetpack_newsletter_access":"","_jetpack_dont_email_post_to_subs":false,"_jetpack_newsletter_tier_id":0,"_jetpack_memberships_contains_paywalled_content":false,"_jetpack_feature_clip_id":0,"_jetpack_memberships_contains_paid_content":false,"footnotes":"","jetpack_publicize_message":"","jetpack_publicize_feature_enabled":true,"jetpack_social_post_already_shared":true,"jetpack_social_options":{"image_generator_settings":{"template":"highway","default_image_id":0,"font":"","enabled":false},"version":2},"jetpack_post_was_ever_published":false},"categories":[344,1620],"tags":[1657,1636,1631,1638,1635,1645,1633,1658,1632,1654,1647,1643,1660,1644,1642,1646,1634,1655,1629,1659,1651,1628,1626,1621,1650,1656,1622,946,1639,1641,1630,1637,1649,1625,1627,1653,1652,1623,1624,1640,1648],"class_list":["post-2738","post","type-post","status-publish","format-standard","has-post-thumbnail","hentry","category-artiste","category-gilbert-ganteaume","tag-andy-warhol","tag-claude-monet","tag-diego-velasquez","tag-edgar-degas","tag-edouard-manet","tag-edvard-munch","tag-eugene-delacroix","tag-francis-bacon","tag-francisco-de-goya","tag-frida-kahlo","tag-georges-braque","tag-georges-seurat","tag-gilbert-ganteaume","tag-gustav-klimt","tag-henri-de-toulouse-lautrec","tag-henri-matisse","tag-j-m-w-turner","tag-jackson-pollock","tag-jan-van-eyck","tag-jean-michel-basquiat","tag-joan-miro","tag-johannes-vermeer","tag-le-caravage","tag-leonard-de-vinci","tag-marc-chagall","tag-mark-rothko","tag-michel-ange","tag-pablo-picasso","tag-paul-cezanne","tag-paul-gauguin","tag-peter-paul-rubens","tag-pierre-auguste-renoir","tag-piet-mondrian","tag-raphael","tag-rembrandt-van-rijn","tag-rene-magritte","tag-salvador-dali","tag-sandro-botticelli","tag-titien","tag-vincent-van-gogh","tag-wassily-kandinsky"],"jetpack_publicize_connections":[],"jetpack_sharing_enabled":true,"jetpack_featured_media_url":"https:\/\/www.laurensoff.com\/wordpress\/wp-content\/uploads\/2026\/08\/679695518_1564499969012074_9064134341600793792_n-e1788009778778.jpg","_links":{"self":[{"href":"https:\/\/www.laurensoff.com\/wordpress\/wp-json\/wp\/v2\/posts\/2738","targetHints":{"allow":["GET"]}}],"collection":[{"href":"https:\/\/www.laurensoff.com\/wordpress\/wp-json\/wp\/v2\/posts"}],"about":[{"href":"https:\/\/www.laurensoff.com\/wordpress\/wp-json\/wp\/v2\/types\/post"}],"author":[{"embeddable":true,"href":"https:\/\/www.laurensoff.com\/wordpress\/wp-json\/wp\/v2\/users\/1"}],"replies":[{"embeddable":true,"href":"https:\/\/www.laurensoff.com\/wordpress\/wp-json\/wp\/v2\/comments?post=2738"}],"version-history":[{"count":1,"href":"https:\/\/www.laurensoff.com\/wordpress\/wp-json\/wp\/v2\/posts\/2738\/revisions"}],"predecessor-version":[{"id":2740,"href":"https:\/\/www.laurensoff.com\/wordpress\/wp-json\/wp\/v2\/posts\/2738\/revisions\/2740"}],"wp:featuredmedia":[{"embeddable":true,"href":"https:\/\/www.laurensoff.com\/wordpress\/wp-json\/wp\/v2\/media\/2739"}],"wp:attachment":[{"href":"https:\/\/www.laurensoff.com\/wordpress\/wp-json\/wp\/v2\/media?parent=2738"}],"wp:term":[{"taxonomy":"category","embeddable":true,"href":"https:\/\/www.laurensoff.com\/wordpress\/wp-json\/wp\/v2\/categories?post=2738"},{"taxonomy":"post_tag","embeddable":true,"href":"https:\/\/www.laurensoff.com\/wordpress\/wp-json\/wp\/v2\/tags?post=2738"}],"curies":[{"name":"wp","href":"https:\/\/api.w.org\/{rel}","templated":true}]}}