{"id":2734,"date":"2026-08-29T13:19:13","date_gmt":"2026-08-29T12:19:13","guid":{"rendered":"https:\/\/www.laurensoff.com\/wordpress\/?p=2734"},"modified":"2026-08-29T13:19:54","modified_gmt":"2026-08-29T12:19:54","slug":"conference-a-saint-cyr-sur-mer-latlantide-a-t-elle-existe-ou-nest-ce-quun-mythe-issu-du-timee-et-du-critias-de-platon","status":"publish","type":"post","link":"https:\/\/www.laurensoff.com\/wordpress\/conference-a-saint-cyr-sur-mer-latlantide-a-t-elle-existe-ou-nest-ce-quun-mythe-issu-du-timee-et-du-critias-de-platon\/","title":{"rendered":"Conf\u00e9rence \u00e0 Saint-cyr-sur-mer L\u2019Atlantide a-t-elle exist\u00e9 ou n\u2019est-ce qu\u2019un mythe issu du Tim\u00e9e et du Critias de Platon ?"},"content":{"rendered":"<h2>Conf\u00e9rence du Rotary Club de Saint cyr sur mer<br \/>\nLe 03 septembre 2026, \u00e0 partir de 18h45<br \/>\nL\u2019Atlantide a-t-elle exist\u00e9 ou n\u2019est-ce qu\u2019un mythe issu du Tim\u00e9e et du Critias de Platon ?<\/h2>\n<p>Conf\u00e9rence anim\u00e9e par Philippe Logier du Rotary La Seyne-Saint Mandrier<\/p>\n<p><a class=\"x1fey0fg xmper1u x1edh9d7\" href=\"https:\/\/www.helloasso.com\/associations\/rotary-club-st-cyr-sur-mer\/evenements\/conference-du-rotary-club-de-saint-cyr-sur-mer-3-sept-2026\">https:\/\/www.helloasso.com\/associations\/rotary-club-st-cyr-sur-mer\/evenements\/conference-du-rotary-club-de-saint-cyr-sur-mer-3-sept-2026<\/a><\/p>\n<p>L\u2019Atlantide a-t-elle exist\u00e9 ou n\u2019est-ce qu\u2019un mythe issu du Tim\u00e9e et du Critias de Platon. En tout cas on recense plus de 80 implantations propos\u00e9es, plus ou plut\u00f4t moins bien \u00e9tay\u00e9es ou d\u00e9j\u00e0 contredites par les progr\u00e8s de l\u2019oc\u00e9anographie. Elles sont pourtant toutes incompatibles avec la description g\u00e9ographique qu\u2019en donne Platon. Tout le monde cherche une cit\u00e9 royale garnie de tr\u00e9sors, et l\u2019app\u00e2t du gain n\u2019est certainement pas \u00e9tranger \u00e0 cette fr\u00e9n\u00e9sie, alors que c\u2019est une vaste plaine, submersible car submerg\u00e9e, qu\u2019il faut rechercher.<\/p>\n<p>En partant de Platon, avec l\u2019aide de l\u2019arch\u00e9ologie, de la g\u00e9ographie, de la g\u00e9ologie et de la climatologie, il est alors possible de raconter l\u2019histoire d\u2019une civilisation, qualifi\u00e9e par quelques arch\u00e9ologues et historiens de \u00ab\u00a0m\u00e8re des civilisations\u00a0\u00bb, qui s\u2019\u00e9tendit sur pr\u00e8s de 6 000 ans, l\u2019empire de l\u2019Atlantide.<\/p>\n<p>Philippe Logier , du Rotary La Seyne-Saint Mandrier, vice-pr\u00e9sident pour La Seyne de la Soci\u00e9t\u00e9 des Membres de la L\u00e9gion d&rsquo;Honneur, administrateur du Rugby Club Toulonnais, membre du groupe local Toulon-VAR des Shifters et pr\u00e9sident de l&rsquo;association Sillages La Seyne.Officier de Marine pendant 28 ans, de l\u2019\u00e9cole navale \u00e0 la fin de la construction du porte-avions Charles de Gaule, puis industriel pendant 17 ans, directeur de l\u2019ing\u00e9nierie des syst\u00e8mes de combat de DCNS , puis de la cellule de prospective qui identifia et orienta la strat\u00e9gie de Naval Group, des drones \u00e0 la d\u00e9fense antimissile balistique en passant par la guerre des mines, la surveillance maritime ou la cybers\u00e9curit\u00e9. Retrait\u00e9 depuis 2017.<\/p>\n<p>Cette Conf\u00e9rence se d\u00e9roulera le Jeudi 3 Septembre 2026 \u00e0 l&rsquo;h\u00f4tel Fr\u00e9gate Provence &#8211; 2810 Rte de bandol &#8211; 83270 St Cyr sur mer.<\/p>\n","protected":false},"excerpt":{"rendered":"<p>Conf\u00e9rence du Rotary Club de Saint cyr sur mer Le 03 septembre 2026, \u00e0 partir&#8230;<\/p>\n","protected":false},"author":1,"featured_media":2735,"comment_status":"open","ping_status":"closed","sticky":false,"template":"","format":"standard","meta":{"_jetpack_newsletter_access":"","_jetpack_dont_email_post_to_subs":false,"_jetpack_newsletter_tier_id":0,"_jetpack_memberships_contains_paywalled_content":false,"_jetpack_feature_clip_id":0,"_jetpack_memberships_contains_paid_content":false,"footnotes":"","jetpack_publicize_message":"","jetpack_publicize_feature_enabled":true,"jetpack_social_post_already_shared":true,"jetpack_social_options":{"image_generator_settings":{"template":"highway","default_image_id":0,"font":"","enabled":false},"version":2},"jetpack_post_was_ever_published":false},"categories":[1589,1590,931],"tags":[1607,1597,1591,1599,1602,1596,1609,1619,1617,1610,422,1595,1600,1605,1611,1615,1612,1592,1593,1618,1613,1598,1594,1604,1601,1608,1614,1616,1606,1603],"class_list":["post-2734","post","type-post","status-publish","format-standard","has-post-thumbnail","hentry","category-atlantide","category-conference","category-mythologie","tag-aaru","tag-agartha","tag-atlantide","tag-avalon","tag-aztlan","tag-camelot","tag-cimerie","tag-cite-de-cesar","tag-cite-perdue-de-z","tag-colchide","tag-eden","tag-el-dorado","tag-hyperboree","tag-iles-des-benis","tag-jardin-des-hesperides","tag-jardins-suspendus-de-babylone","tag-labyrinthe-de-crete","tag-lemurie","tag-mu","tag-paititi","tag-pyramide-de-gizeh","tag-shambhala","tag-shangri-la","tag-tartare","tag-thoule","tag-tir-na-nog","tag-tombeau-dalexandre-le-grand","tag-tour-de-babel","tag-valhalla","tag-ys"],"jetpack_publicize_connections":[],"jetpack_sharing_enabled":true,"jetpack_featured_media_url":"https:\/\/www.laurensoff.com\/wordpress\/wp-content\/uploads\/2026\/08\/4297894080194873676.jpg","_links":{"self":[{"href":"https:\/\/www.laurensoff.com\/wordpress\/wp-json\/wp\/v2\/posts\/2734","targetHints":{"allow":["GET"]}}],"collection":[{"href":"https:\/\/www.laurensoff.com\/wordpress\/wp-json\/wp\/v2\/posts"}],"about":[{"href":"https:\/\/www.laurensoff.com\/wordpress\/wp-json\/wp\/v2\/types\/post"}],"author":[{"embeddable":true,"href":"https:\/\/www.laurensoff.com\/wordpress\/wp-json\/wp\/v2\/users\/1"}],"replies":[{"embeddable":true,"href":"https:\/\/www.laurensoff.com\/wordpress\/wp-json\/wp\/v2\/comments?post=2734"}],"version-history":[{"count":2,"href":"https:\/\/www.laurensoff.com\/wordpress\/wp-json\/wp\/v2\/posts\/2734\/revisions"}],"predecessor-version":[{"id":2737,"href":"https:\/\/www.laurensoff.com\/wordpress\/wp-json\/wp\/v2\/posts\/2734\/revisions\/2737"}],"wp:featuredmedia":[{"embeddable":true,"href":"https:\/\/www.laurensoff.com\/wordpress\/wp-json\/wp\/v2\/media\/2735"}],"wp:attachment":[{"href":"https:\/\/www.laurensoff.com\/wordpress\/wp-json\/wp\/v2\/media?parent=2734"}],"wp:term":[{"taxonomy":"category","embeddable":true,"href":"https:\/\/www.laurensoff.com\/wordpress\/wp-json\/wp\/v2\/categories?post=2734"},{"taxonomy":"post_tag","embeddable":true,"href":"https:\/\/www.laurensoff.com\/wordpress\/wp-json\/wp\/v2\/tags?post=2734"}],"curies":[{"name":"wp","href":"https:\/\/api.w.org\/{rel}","templated":true}]}}