{"id":2725,"date":"2026-08-28T11:16:56","date_gmt":"2026-08-28T10:16:56","guid":{"rendered":"https:\/\/www.laurensoff.com\/wordpress\/?p=2725"},"modified":"2026-08-28T11:16:56","modified_gmt":"2026-08-28T10:16:56","slug":"voici-une-liste-de-chanteurs-et-chanteuses-francais-ayant-marque-la-musique-a-partir-des-annees-1970","status":"publish","type":"post","link":"https:\/\/www.laurensoff.com\/wordpress\/voici-une-liste-de-chanteurs-et-chanteuses-francais-ayant-marque-la-musique-a-partir-des-annees-1970\/","title":{"rendered":"Voici une liste de chanteurs et chanteuses fran\u00e7ais ayant marqu\u00e9 la musique \u00e0 partir des ann\u00e9es 1970"},"content":{"rendered":"<div class=\"n6owBd awi2gc\" data-sfc-cp=\"\" data-sfc-root=\"ep\" data-hveid=\"CAIIAAgACAQQAA\" data-copy-service-computed-style=\"font-family: Google Sans, Arial, sans-serif; font-size: 16px; font-weight: 400; margin: 0px 0px 16px; text-decoration: none; border-bottom: 0px rgb(230, 232, 240);\"><mark class=\"HxTRcb\" data-sfc-root=\"ep\" data-wiz-uids=\"w4qtPc_l\" data-ved=\"2ahUKEwi_pIHGi8OWAxX6gv0HHSkmBaAQuJAPegoIAggACAAIBBAB\" data-sfc-inited=\"2\" data-copy-service-computed-style=\"font-family: Google Sans, Arial, sans-serif; font-size: 16px; font-weight: 500; margin: 0px; text-decoration: none; border-bottom: 0px rgb(238, 240, 255);\"><span data-subtree=\"aimfl,mfl\" data-copy-service-computed-style=\"font-family: Google Sans, Arial, sans-serif; font-size: 16px; font-weight: 500; margin: 0px; text-decoration: none; border-bottom: 0px rgb(238, 240, 255);\">Les chanteurs et chanteuses fran\u00e7ais les plus c\u00e9l\u00e8bres couvrent plusieurs g\u00e9n\u00e9rations, des l\u00e9gendes intemporelles aux artistes actuels les plus populaires<\/span><!--TgQPHd|||[[]]--><\/mark>.<!--TgQPHd|||[]--><\/div>\n<div class=\"yhAwj\" data-sfc-cp=\"\" data-sfc-root=\"ep\" data-sfc-inited=\"2\" data-copy-service-computed-style=\"font-family: Google Sans, Arial, sans-serif; font-size: 16px; font-weight: 400; margin: 0px; text-decoration: none; border-bottom: 0px rgb(230, 232, 240);\"><!--TgQPHd|||[]--><\/div>\n<div class=\"otQkpb\" role=\"heading\" aria-level=\"3\" data-animation-nesting=\"\" data-sfc-cp=\"\" data-wiz-attrbind=\"aria-level=w4qtPc_s\/fLk2Md\" data-sfc-root=\"ep\" data-copy-service-computed-style=\"font-family: Google Sans, Arial, sans-serif; font-size: 24px; font-weight: 500; margin: 24px 0px 12px; text-decoration: none; border-bottom: 0px rgb(238, 240, 255);\">Les l\u00e9gendes de la chanson fran\u00e7aise<!--TgQPHd|||[]--><\/div>\n<div class=\"\" data-bfc=\"\" data-ved=\"2ahUKEwi_pIHGi8OWAxX6gv0HHSkmBaAQi4wTegoIAggACAAICRAB\" data-hveid=\"CAIIAAgACAkQAQ\" data-copy-service-computed-style=\"font-family: Google Sans, Arial, sans-serif; font-size: 16px; font-weight: 400; margin: 0px; text-decoration: none; border-bottom: 0px rgb(230, 232, 240);\">\n<ul>\n<li class=\"Z1qcYe\" data-sfc-cp=\"\" data-sfc-root=\"ep\" data-hveid=\"CAIIAAgACAkQAg\" data-copy-service-computed-style=\"font-family: Google Sans, Arial, sans-serif; font-size: 16px; font-weight: 400; margin: 0px 0px 12px; text-decoration: none; border-bottom: 0px rgb(230, 232, 240);\"><span class=\"iNqyIf\" data-sfc-cp=\"\" data-sfc-root=\"ep\" data-copy-service-computed-style=\"font-family: Google Sans, Arial, sans-serif; font-size: 16px; font-weight: 400; margin: 0px; text-decoration: none; border-bottom: 0px rgb(230, 232, 240);\"><strong class=\"rQesXe MPyX\" data-sfc-cp=\"\" data-sfc-root=\"ep\" data-copy-service-computed-style=\"font-family: Google Sans, Arial, sans-serif; font-size: 16px; font-weight: 700; margin: 0px; text-decoration: none; border-bottom: 0px rgb(230, 232, 240);\">\u00c9dith Piaf<!--TgQPHd|||[]--><\/strong> : Surnomm\u00e9e \u00ab la M\u00f4me \u00bb, elle est l&rsquo;ic\u00f4ne historique de la chanson fran\u00e7aise avec des titres comme <em class=\"eujQNb\" data-sfc-root=\"ep\" data-copy-service-computed-style=\"font-family: Google Sans, Arial, sans-serif; font-size: 16px; font-weight: 400; margin: 0px; text-decoration: none; border-bottom: 0px rgb(230, 232, 240);\">La Vie en rose<!--TgQPHd|||[]--><\/em>.<!--TgQPHd|||[]--><\/span><!--TgQPHd|||[]--><\/li>\n<\/ul>\n<\/div>\n<div class=\"\" data-bfc=\"\" data-ved=\"2ahUKEwi_pIHGi8OWAxX6gv0HHSkmBaAQi4wTegoIAggACAAICRAD\" data-hveid=\"CAIIAAgACAkQAw\" data-copy-service-computed-style=\"font-family: Google Sans, Arial, sans-serif; font-size: 16px; font-weight: 400; margin: 0px; text-decoration: none; border-bottom: 0px rgb(230, 232, 240);\">\n<ul>\n<li class=\"Z1qcYe\" data-sfc-cp=\"\" data-sfc-root=\"ep\" data-hveid=\"CAIIAAgACAkQBA\" data-copy-service-computed-style=\"font-family: Google Sans, Arial, sans-serif; font-size: 16px; font-weight: 400; margin: 0px 0px 12px; text-decoration: none; border-bottom: 0px rgb(230, 232, 240);\"><span class=\"iNqyIf\" data-sfc-cp=\"\" data-sfc-root=\"ep\" data-copy-service-computed-style=\"font-family: Google Sans, Arial, sans-serif; font-size: 16px; font-weight: 400; margin: 0px; text-decoration: none; border-bottom: 0px rgb(230, 232, 240);\"><strong class=\"rQesXe MPyX\" data-sfc-cp=\"\" data-sfc-root=\"ep\" data-copy-service-computed-style=\"font-family: Google Sans, Arial, sans-serif; font-size: 16px; font-weight: 700; margin: 0px; text-decoration: none; border-bottom: 0px rgb(230, 232, 240);\">Charles Aznavour<!--TgQPHd|||[]--><\/strong> : Auteur-compositeur mondialement connu pour <em class=\"eujQNb\" data-sfc-root=\"ep\" data-copy-service-computed-style=\"font-family: Google Sans, Arial, sans-serif; font-size: 16px; font-weight: 400; margin: 0px; text-decoration: none; border-bottom: 0px rgb(230, 232, 240);\">La Boh\u00eame<!--TgQPHd|||[]--><\/em>.<!--TgQPHd|||[]--><\/span><!--TgQPHd|||[]--><\/li>\n<\/ul>\n<\/div>\n<div class=\"\" data-bfc=\"\" data-ved=\"2ahUKEwi_pIHGi8OWAxX6gv0HHSkmBaAQi4wTegoIAggACAAICRAF\" data-hveid=\"CAIIAAgACAkQBQ\" data-copy-service-computed-style=\"font-family: Google Sans, Arial, sans-serif; font-size: 16px; font-weight: 400; margin: 0px; text-decoration: none; border-bottom: 0px rgb(230, 232, 240);\">\n<ul>\n<li class=\"Z1qcYe\" data-sfc-cp=\"\" data-sfc-root=\"ep\" data-hveid=\"CAIIAAgACAkQBg\" data-copy-service-computed-style=\"font-family: Google Sans, Arial, sans-serif; font-size: 16px; font-weight: 400; margin: 0px 0px 12px; text-decoration: none; border-bottom: 0px rgb(230, 232, 240);\"><span class=\"iNqyIf\" data-sfc-cp=\"\" data-sfc-root=\"ep\" data-copy-service-computed-style=\"font-family: Google Sans, Arial, sans-serif; font-size: 16px; font-weight: 400; margin: 0px; text-decoration: none; border-bottom: 0px rgb(230, 232, 240);\"><strong class=\"rQesXe MPyX\" data-sfc-cp=\"\" data-sfc-root=\"ep\" data-copy-service-computed-style=\"font-family: Google Sans, Arial, sans-serif; font-size: 16px; font-weight: 700; margin: 0px; text-decoration: none; border-bottom: 0px rgb(230, 232, 240);\">Johnny Hallyday<!--TgQPHd|||[]--><\/strong> : Le roi du rock&rsquo;n&rsquo;roll fran\u00e7ais et de la sc\u00e8ne.<!--TgQPHd|||[]--><\/span><!--TgQPHd|||[]--><\/li>\n<\/ul>\n<\/div>\n<div class=\"\" data-bfc=\"\" data-ved=\"2ahUKEwi_pIHGi8OWAxX6gv0HHSkmBaAQi4wTegoIAggACAAICRAH\" data-hveid=\"CAIIAAgACAkQBw\" data-copy-service-computed-style=\"font-family: Google Sans, Arial, sans-serif; font-size: 16px; font-weight: 400; margin: 0px; text-decoration: none; border-bottom: 0px rgb(230, 232, 240);\">\n<ul>\n<li class=\"Z1qcYe\" data-sfc-cp=\"\" data-sfc-root=\"ep\" data-hveid=\"CAIIAAgACAkQCA\" data-copy-service-computed-style=\"font-family: Google Sans, Arial, sans-serif; font-size: 16px; font-weight: 400; margin: 0px 0px 12px; text-decoration: none; border-bottom: 0px rgb(230, 232, 240);\"><span class=\"iNqyIf\" data-sfc-cp=\"\" data-sfc-root=\"ep\" data-copy-service-computed-style=\"font-family: Google Sans, Arial, sans-serif; font-size: 16px; font-weight: 400; margin: 0px; text-decoration: none; border-bottom: 0px rgb(230, 232, 240);\"><strong class=\"rQesXe MPyX\" data-sfc-cp=\"\" data-sfc-root=\"ep\" data-copy-service-computed-style=\"font-family: Google Sans, Arial, sans-serif; font-size: 16px; font-weight: 700; margin: 0px; text-decoration: none; border-bottom: 0px rgb(230, 232, 240);\">Jean-Jacques Goldman<!--TgQPHd|||[]--><\/strong> : L&rsquo;un des artistes pr\u00e9f\u00e9r\u00e9s des Fran\u00e7ais, auteur d&rsquo;une multitude de tubes intemporels.<!--TgQPHd|||[]--><\/span><!--TgQPHd|||[]--><\/li>\n<\/ul>\n<\/div>\n<div class=\"\" data-bfc=\"\" data-ved=\"2ahUKEwi_pIHGi8OWAxX6gv0HHSkmBaAQi4wTegoIAggACAAICRAJ\" data-hveid=\"CAIIAAgACAkQCQ\" data-copy-service-computed-style=\"font-family: Google Sans, Arial, sans-serif; font-size: 16px; font-weight: 400; margin: 0px; text-decoration: none; border-bottom: 0px rgb(230, 232, 240);\">\n<ul>\n<li class=\"Z1qcYe\" data-sfc-cp=\"\" data-sfc-root=\"ep\" data-hveid=\"CAIIAAgACAkQCg\" data-copy-service-computed-style=\"font-family: Google Sans, Arial, sans-serif; font-size: 16px; font-weight: 400; margin: 0px 0px 12px; text-decoration: none; border-bottom: 0px rgb(230, 232, 240);\"><span class=\"iNqyIf\" data-sfc-cp=\"\" data-sfc-root=\"ep\" data-copy-service-computed-style=\"font-family: Google Sans, Arial, sans-serif; font-size: 16px; font-weight: 400; margin: 0px; text-decoration: none; border-bottom: 0px rgb(230, 232, 240);\"><strong class=\"rQesXe MPyX\" data-sfc-cp=\"\" data-sfc-root=\"ep\" data-copy-service-computed-style=\"font-family: Google Sans, Arial, sans-serif; font-size: 16px; font-weight: 700; margin: 0px; text-decoration: none; border-bottom: 0px rgb(230, 232, 240);\">Fran\u00e7oise Hardy<!--TgQPHd|||[]--><\/strong> : Figure majeure des ann\u00e9es 60 et de la pop m\u00e9lancolique.<!--TgQPHd|||[]--><\/span> [<a href=\"https:\/\/www.senscritique.com\/liste\/top_100_des_chanteurs_francais\/799630\">1<\/a>, <a href=\"https:\/\/lsf-france.com\/fr\/apprendre-le-francais\/musique-francaise\/\">2<\/a>, <a href=\"https:\/\/www.sortiraparis.com\/scenes\/concert-musique\/articles\/277453-classement-artistes-preferes-francais-2025\">3<\/a>, <a href=\"https:\/\/www.livetonight.fr\/chanteuses-francaises\">4<\/a>]<!--TgQPHd|||[]--><\/li>\n<\/ul>\n<\/div>\n<ul class=\"KsbFXc U6u95\" data-sfc-cp=\"\" data-sfc-root=\"ep\" data-ved=\"2ahUKEwi_pIHGi8OWAxX6gv0HHSkmBaAQ-7AUegoIAggACAAICRAA\" data-hveid=\"CAIIAAgACAkQAA\" data-copy-service-computed-style=\"font-family: Google Sans, Arial, sans-serif; font-size: 16px; font-weight: 400; margin: 12px 0px 16px; text-decoration: none; border-bottom: 0px rgb(230, 232, 240);\"><!--TgQPHd|||[]--><\/ul>\n<div class=\"yhAwj\" data-sfc-cp=\"\" data-sfc-root=\"ep\" data-sfc-inited=\"2\" data-copy-service-computed-style=\"font-family: Google Sans, Arial, sans-serif; font-size: 16px; font-weight: 400; margin: 0px; text-decoration: none; border-bottom: 0px rgb(230, 232, 240);\"><!--TgQPHd|||[]--><\/div>\n<div class=\"\" data-bfc=\"\" data-ved=\"2ahUKEwi_pIHGi8OWAxX6gv0HHSkmBaAQi4wTegoIAggACAAICxAA\" data-hveid=\"CAIIAAgACAsQAA\" data-copy-service-computed-style=\"font-family: Google Sans, Arial, sans-serif; font-size: 16px; font-weight: 400; margin: 0px; text-decoration: none; border-bottom: 0px rgb(230, 232, 240);\">\n<div class=\"otQkpb\" role=\"heading\" aria-level=\"3\" data-animation-nesting=\"\" data-sfc-cp=\"\" data-wiz-attrbind=\"aria-level=w4qtPc_1l\/fLk2Md\" data-sfc-root=\"ep\" data-copy-service-computed-style=\"font-family: Google Sans, Arial, sans-serif; font-size: 24px; font-weight: 500; margin: 24px 0px 12px; text-decoration: none; border-bottom: 0px rgb(238, 240, 255);\">Les grandes voix et stars incontournables<!--TgQPHd|||[]--><\/div>\n<\/div>\n<div class=\"\" data-bfc=\"\" data-ved=\"2ahUKEwi_pIHGi8OWAxX6gv0HHSkmBaAQi4wTegoIAggACAAIDhAB\" data-hveid=\"CAIIAAgACA4QAQ\" data-copy-service-computed-style=\"font-family: Google Sans, Arial, sans-serif; font-size: 16px; font-weight: 400; margin: 0px; text-decoration: none; border-bottom: 0px rgb(230, 232, 240);\">\n<ul>\n<li class=\"Z1qcYe\" data-sfc-cp=\"\" data-sfc-root=\"ep\" data-hveid=\"CAIIAAgACA4QAg\" data-copy-service-computed-style=\"font-family: Google Sans, Arial, sans-serif; font-size: 16px; font-weight: 400; margin: 0px 0px 12px; text-decoration: none; border-bottom: 0px rgb(230, 232, 240);\"><span class=\"iNqyIf\" data-sfc-cp=\"\" data-sfc-root=\"ep\" data-copy-service-computed-style=\"font-family: Google Sans, Arial, sans-serif; font-size: 16px; font-weight: 400; margin: 0px; text-decoration: none; border-bottom: 0px rgb(230, 232, 240);\"><strong class=\"rQesXe MPyX\" data-sfc-cp=\"\" data-sfc-root=\"ep\" data-copy-service-computed-style=\"font-family: Google Sans, Arial, sans-serif; font-size: 16px; font-weight: 700; margin: 0px; text-decoration: none; border-bottom: 0px rgb(230, 232, 240);\">Myl\u00e8ne Farmer<!--TgQPHd|||[]--><\/strong> : Connue pour ses spectacles grandioses et ses tubes myst\u00e9rieux.<!--TgQPHd|||[]--><\/span><!--TgQPHd|||[]--><\/li>\n<\/ul>\n<\/div>\n<div class=\"\" data-bfc=\"\" data-ved=\"2ahUKEwi_pIHGi8OWAxX6gv0HHSkmBaAQi4wTegoIAggACAAIDhAD\" data-hveid=\"CAIIAAgACA4QAw\" data-copy-service-computed-style=\"font-family: Google Sans, Arial, sans-serif; font-size: 16px; font-weight: 400; margin: 0px; text-decoration: none; border-bottom: 0px rgb(230, 232, 240);\">\n<ul>\n<li class=\"Z1qcYe\" data-sfc-cp=\"\" data-sfc-root=\"ep\" data-hveid=\"CAIIAAgACA4QBA\" data-copy-service-computed-style=\"font-family: Google Sans, Arial, sans-serif; font-size: 16px; font-weight: 400; margin: 0px 0px 12px; text-decoration: none; border-bottom: 0px rgb(230, 232, 240);\"><span class=\"iNqyIf\" data-sfc-cp=\"\" data-sfc-root=\"ep\" data-copy-service-computed-style=\"font-family: Google Sans, Arial, sans-serif; font-size: 16px; font-weight: 400; margin: 0px; text-decoration: none; border-bottom: 0px rgb(230, 232, 240);\"><strong class=\"rQesXe MPyX\" data-sfc-cp=\"\" data-sfc-root=\"ep\" data-copy-service-computed-style=\"font-family: Google Sans, Arial, sans-serif; font-size: 16px; font-weight: 700; margin: 0px; text-decoration: none; border-bottom: 0px rgb(230, 232, 240);\">Michel Sardou<!--TgQPHd|||[]--><\/strong> : Chanteur aux chansons populaires marquantes.<!--TgQPHd|||[]--><\/span><!--TgQPHd|||[]--><\/li>\n<\/ul>\n<\/div>\n<div class=\"\" data-bfc=\"\" data-ved=\"2ahUKEwi_pIHGi8OWAxX6gv0HHSkmBaAQi4wTegoIAggACAAIDhAF\" data-hveid=\"CAIIAAgACA4QBQ\" data-copy-service-computed-style=\"font-family: Google Sans, Arial, sans-serif; font-size: 16px; font-weight: 400; margin: 0px; text-decoration: none; border-bottom: 0px rgb(230, 232, 240);\">\n<ul>\n<li class=\"Z1qcYe\" data-sfc-cp=\"\" data-sfc-root=\"ep\" data-hveid=\"CAIIAAgACA4QBg\" data-copy-service-computed-style=\"font-family: Google Sans, Arial, sans-serif; font-size: 16px; font-weight: 400; margin: 0px 0px 12px; text-decoration: none; border-bottom: 0px rgb(230, 232, 240);\"><span class=\"iNqyIf\" data-sfc-cp=\"\" data-sfc-root=\"ep\" data-copy-service-computed-style=\"font-family: Google Sans, Arial, sans-serif; font-size: 16px; font-weight: 400; margin: 0px; text-decoration: none; border-bottom: 0px rgb(230, 232, 240);\"><strong class=\"rQesXe MPyX\" data-sfc-cp=\"\" data-sfc-root=\"ep\" data-copy-service-computed-style=\"font-family: Google Sans, Arial, sans-serif; font-size: 16px; font-weight: 700; margin: 0px; text-decoration: none; border-bottom: 0px rgb(230, 232, 240);\">Zazie<!--TgQPHd|||[]--><\/strong> : Compositrice et interpr\u00e8te incontournable de la sc\u00e8ne pop-rock.<!--TgQPHd|||[]--><\/span><!--TgQPHd|||[]--><\/li>\n<\/ul>\n<\/div>\n<div class=\"\" data-bfc=\"\" data-ved=\"2ahUKEwi_pIHGi8OWAxX6gv0HHSkmBaAQi4wTegoIAggACAAIDhAH\" data-hveid=\"CAIIAAgACA4QBw\" data-copy-service-computed-style=\"font-family: Google Sans, Arial, sans-serif; font-size: 16px; font-weight: 400; margin: 0px; text-decoration: none; border-bottom: 0px rgb(230, 232, 240);\">\n<ul>\n<li class=\"Z1qcYe\" data-sfc-cp=\"\" data-sfc-root=\"ep\" data-hveid=\"CAIIAAgACA4QCA\" data-copy-service-computed-style=\"font-family: Google Sans, Arial, sans-serif; font-size: 16px; font-weight: 400; margin: 0px 0px 12px; text-decoration: none; border-bottom: 0px rgb(230, 232, 240);\"><span class=\"iNqyIf\" data-sfc-cp=\"\" data-sfc-root=\"ep\" data-copy-service-computed-style=\"font-family: Google Sans, Arial, sans-serif; font-size: 16px; font-weight: 400; margin: 0px; text-decoration: none; border-bottom: 0px rgb(230, 232, 240);\"><strong class=\"rQesXe MPyX\" data-sfc-cp=\"\" data-sfc-root=\"ep\" data-copy-service-computed-style=\"font-family: Google Sans, Arial, sans-serif; font-size: 16px; font-weight: 700; margin: 0px; text-decoration: none; border-bottom: 0px rgb(230, 232, 240);\">Florent Pagny<!--TgQPHd|||[]--><\/strong> : Voix puissante de la vari\u00e9t\u00e9 fran\u00e7aise.<!--TgQPHd|||[]--><\/span> [<a href=\"https:\/\/www.livetonight.fr\/chanteuses-francaises\">1<\/a>, <a href=\"https:\/\/actu.m6.fr\/information-et-magazines\/qui-sont-les-chanteuses-preferees-des-francais\">2<\/a>, <a href=\"https:\/\/www.senscritique.com\/liste\/top_100_des_chanteurs_francais\/799630\">3<\/a>]<!--TgQPHd|||[]--><\/li>\n<\/ul>\n<\/div>\n<ul class=\"KsbFXc U6u95\" data-sfc-cp=\"\" data-sfc-root=\"ep\" data-ved=\"2ahUKEwi_pIHGi8OWAxX6gv0HHSkmBaAQ-7AUegoIAggACAAIDhAA\" data-hveid=\"CAIIAAgACA4QAA\" data-copy-service-computed-style=\"font-family: Google Sans, Arial, sans-serif; font-size: 16px; font-weight: 400; margin: 12px 0px 16px; text-decoration: none; border-bottom: 0px rgb(230, 232, 240);\"><!--TgQPHd|||[]--><\/ul>\n<div class=\"yhAwj\" data-sfc-cp=\"\" data-sfc-root=\"ep\" data-sfc-inited=\"2\" data-copy-service-computed-style=\"font-family: Google Sans, Arial, sans-serif; font-size: 16px; font-weight: 400; margin: 0px; text-decoration: none; border-bottom: 0px rgb(230, 232, 240);\"><!--TgQPHd|||[]--><\/div>\n<div class=\"\" data-bfc=\"\" data-ved=\"2ahUKEwi_pIHGi8OWAxX6gv0HHSkmBaAQi4wTegoIAggACAAIERAA\" data-hveid=\"CAIIAAgACBEQAA\" data-copy-service-computed-style=\"font-family: Google Sans, Arial, sans-serif; font-size: 16px; font-weight: 400; margin: 0px; text-decoration: none; border-bottom: 0px rgb(230, 232, 240);\">\n<div class=\"otQkpb\" role=\"heading\" aria-level=\"3\" data-animation-nesting=\"\" data-sfc-cp=\"\" data-wiz-attrbind=\"aria-level=w4qtPc_28\/fLk2Md\" data-sfc-root=\"ep\" data-copy-service-computed-style=\"font-family: Google Sans, Arial, sans-serif; font-size: 24px; font-weight: 500; margin: 24px 0px 12px; text-decoration: none; border-bottom: 0px rgb(238, 240, 255);\">La sc\u00e8ne actuelle et moderne<!--TgQPHd|||[]--><\/div>\n<\/div>\n<div class=\"\" data-bfc=\"\" data-ved=\"2ahUKEwi_pIHGi8OWAxX6gv0HHSkmBaAQi4wTegoIAggACAAIExAB\" data-hveid=\"CAIIAAgACBMQAQ\" data-copy-service-computed-style=\"font-family: Google Sans, Arial, sans-serif; font-size: 16px; font-weight: 400; margin: 0px; text-decoration: none; border-bottom: 0px rgb(230, 232, 240);\">\n<ul>\n<li class=\"Z1qcYe\" data-sfc-cp=\"\" data-sfc-root=\"ep\" data-hveid=\"CAIIAAgACBMQAg\" data-copy-service-computed-style=\"font-family: Google Sans, Arial, sans-serif; font-size: 16px; font-weight: 400; margin: 0px 0px 12px; text-decoration: none; border-bottom: 0px rgb(230, 232, 240);\"><span class=\"iNqyIf\" data-sfc-cp=\"\" data-sfc-root=\"ep\" data-copy-service-computed-style=\"font-family: Google Sans, Arial, sans-serif; font-size: 16px; font-weight: 400; margin: 0px; text-decoration: none; border-bottom: 0px rgb(230, 232, 240);\"><strong class=\"rQesXe MPyX\" data-sfc-cp=\"\" data-sfc-root=\"ep\" data-copy-service-computed-style=\"font-family: Google Sans, Arial, sans-serif; font-size: 16px; font-weight: 700; margin: 0px; text-decoration: none; border-bottom: 0px rgb(230, 232, 240);\">Aya Nakamura<!--TgQPHd|||[]--><\/strong> : Artiste francophone au succ\u00e8s international massif.<!--TgQPHd|||[]--><\/span><!--TgQPHd|||[]--><\/li>\n<\/ul>\n<\/div>\n<div class=\"\" data-bfc=\"\" data-ved=\"2ahUKEwi_pIHGi8OWAxX6gv0HHSkmBaAQi4wTegoIAggACAAIExAD\" data-hveid=\"CAIIAAgACBMQAw\" data-copy-service-computed-style=\"font-family: Google Sans, Arial, sans-serif; font-size: 16px; font-weight: 400; margin: 0px; text-decoration: none; border-bottom: 0px rgb(230, 232, 240);\">\n<ul>\n<li class=\"Z1qcYe\" data-sfc-cp=\"\" data-sfc-root=\"ep\" data-hveid=\"CAIIAAgACBMQBA\" data-copy-service-computed-style=\"font-family: Google Sans, Arial, sans-serif; font-size: 16px; font-weight: 400; margin: 0px 0px 12px; text-decoration: none; border-bottom: 0px rgb(230, 232, 240);\"><span class=\"iNqyIf\" data-sfc-cp=\"\" data-sfc-root=\"ep\" data-copy-service-computed-style=\"font-family: Google Sans, Arial, sans-serif; font-size: 16px; font-weight: 400; margin: 0px; text-decoration: none; border-bottom: 0px rgb(230, 232, 240);\"><strong class=\"rQesXe MPyX\" data-sfc-cp=\"\" data-sfc-root=\"ep\" data-copy-service-computed-style=\"font-family: Google Sans, Arial, sans-serif; font-size: 16px; font-weight: 700; margin: 0px; text-decoration: none; border-bottom: 0px rgb(230, 232, 240);\">Ang\u00e8le<!--TgQPHd|||[]--><\/strong> : Chanteuse belge francophone tr\u00e8s aim\u00e9e en France.<!--TgQPHd|||[]--><\/span><!--TgQPHd|||[]--><\/li>\n<\/ul>\n<\/div>\n<div class=\"\" data-bfc=\"\" data-ved=\"2ahUKEwi_pIHGi8OWAxX6gv0HHSkmBaAQi4wTegoIAggACAAIExAF\" data-hveid=\"CAIIAAgACBMQBQ\" data-copy-service-computed-style=\"font-family: Google Sans, Arial, sans-serif; font-size: 16px; font-weight: 400; margin: 0px; text-decoration: none; border-bottom: 0px rgb(230, 232, 240);\">\n<ul>\n<li class=\"Z1qcYe\" data-sfc-cp=\"\" data-sfc-root=\"ep\" data-hveid=\"CAIIAAgACBMQBg\" data-copy-service-computed-style=\"font-family: Google Sans, Arial, sans-serif; font-size: 16px; font-weight: 400; margin: 0px 0px 12px; text-decoration: none; border-bottom: 0px rgb(230, 232, 240);\"><span class=\"iNqyIf\" data-sfc-cp=\"\" data-sfc-root=\"ep\" data-copy-service-computed-style=\"font-family: Google Sans, Arial, sans-serif; font-size: 16px; font-weight: 400; margin: 0px; text-decoration: none; border-bottom: 0px rgb(230, 232, 240);\"><strong class=\"rQesXe MPyX\" data-sfc-cp=\"\" data-sfc-root=\"ep\" data-copy-service-computed-style=\"font-family: Google Sans, Arial, sans-serif; font-size: 16px; font-weight: 700; margin: 0px; text-decoration: none; border-bottom: 0px rgb(230, 232, 240);\">Julien Dor\u00e9<!--TgQPHd|||[]--><\/strong> : Connu pour son style pop, po\u00e9tique et d\u00e9cal\u00e9.<!--TgQPHd|||[]--><\/span><!--TgQPHd|||[]--><\/li>\n<\/ul>\n<\/div>\n<div class=\"\" data-bfc=\"\" data-ved=\"2ahUKEwi_pIHGi8OWAxX6gv0HHSkmBaAQi4wTegoIAggACAAIExAH\" data-hveid=\"CAIIAAgACBMQBw\" data-copy-service-computed-style=\"font-family: Google Sans, Arial, sans-serif; font-size: 16px; font-weight: 400; margin: 0px; text-decoration: none; border-bottom: 0px rgb(230, 232, 240);\">\n<ul>\n<li class=\"Z1qcYe\" data-sfc-cp=\"\" data-sfc-root=\"ep\" data-hveid=\"CAIIAAgACBMQCA\" data-copy-service-computed-style=\"font-family: Google Sans, Arial, sans-serif; font-size: 16px; font-weight: 400; margin: 0px 0px 12px; text-decoration: none; border-bottom: 0px rgb(230, 232, 240);\"><span class=\"iNqyIf\" data-sfc-cp=\"\" data-sfc-root=\"ep\" data-copy-service-computed-style=\"font-family: Google Sans, Arial, sans-serif; font-size: 16px; font-weight: 400; margin: 0px; text-decoration: none; border-bottom: 0px rgb(230, 232, 240);\"><strong class=\"rQesXe MPyX\" data-sfc-cp=\"\" data-sfc-root=\"ep\" data-copy-service-computed-style=\"font-family: Google Sans, Arial, sans-serif; font-size: 16px; font-weight: 700; margin: 0px; text-decoration: none; border-bottom: 0px rgb(230, 232, 240);\">Clara Luciani<!--TgQPHd|||[]--><\/strong> : Figure de la pop fran\u00e7aise actuelle.<\/span><\/li>\n<\/ul>\n<\/div>\n<p>Michel Sardou, Johnny Hallyday, Claude Fran\u00e7ois, Serge Gainsbourg, Alain Souchon, Laurent Voulzy, Daniel Balavoine, Michel Berger, Jean-Jacques Goldman, Renaud, Francis Cabrel, Maxime Le Forestier, Yves Duteil, Julien Clerc, Bernard Lavilliers, Patrick Juvet, Christophe, Nino Ferrer, Eddy Mitchell, Joe Dassin, G\u00e9rard Lenorman, Michel Delpech, Dave, Alain Chamfort, William Sheller, Gilbert Montagn\u00e9, Fran\u00e7ois Val\u00e9ry, Daniel Guichard, Fr\u00e9d\u00e9ric Fran\u00e7ois, Dick Rivers, Christophe Ma\u00e9, Calogero, Marc Lavoine, Florent Pagny, Pascal Obispo, Jean-Louis Aubert, Roch Voisine, Francis Lalanne, Patrick Bruel, \u00c9tienne Daho, Stephan Eicher, Gerald De Palmas, M. Pokora, Kendji Girac, Julien Dor\u00e9, Vianney, Amir, Slimane, Claudio Cap\u00e9o, Gims<\/p>\n<p>Les chanteuses fran\u00e7aises<\/p>\n<p>Sheila, Sylvie Vartan, Mireille Mathieu, Fran\u00e7oise Hardy, France Gall, V\u00e9ronique Sanson, Catherine Lara, Jane Birkin, Mich\u00e8le Torr, Stone, Chantal Goya, Marie Myriam, Corinne Charby, Sabine Paturel, Desireless, Lio, Jeanne Mas, Patricia Kaas, Myl\u00e8ne Farmer, Vanessa Paradis, Elsa, Maurane, Zazie, Axelle Red, Lara Fabian, H\u00e9l\u00e8ne S\u00e9gara, Chim\u00e8ne Badi, Nolwenn Leroy, \u00c9lodie Fr\u00e9g\u00e9, Amel Bent, Jenifer, Olivia Ruiz, Zaz, Shy&rsquo;m, Tal, Louane, Hoshi, Clara Luciani, Ang\u00e8le, Pomme, Juliette Armanet, Santa, Barbara Pravi, Vitaa, Mentissa, Yseult, Iz\u00efa, Suzane, Zaho de Sagazan, Marine.<\/p>\n<p>&nbsp;<\/p>\n","protected":false},"excerpt":{"rendered":"<p>Les chanteurs et chanteuses fran\u00e7ais les plus c\u00e9l\u00e8bres couvrent plusieurs g\u00e9n\u00e9rations, des l\u00e9gendes intemporelles aux&#8230;<\/p>\n","protected":false},"author":1,"featured_media":2726,"comment_status":"open","ping_status":"closed","sticky":false,"template":"","format":"standard","meta":{"_jetpack_newsletter_access":"","_jetpack_dont_email_post_to_subs":false,"_jetpack_newsletter_tier_id":0,"_jetpack_memberships_contains_paywalled_content":false,"_jetpack_feature_clip_id":0,"_jetpack_memberships_contains_paid_content":false,"footnotes":"","jetpack_publicize_message":"","jetpack_publicize_feature_enabled":true,"jetpack_social_post_already_shared":true,"jetpack_social_options":{"image_generator_settings":{"template":"highway","default_image_id":0,"font":"","enabled":false},"version":2},"jetpack_post_was_ever_published":false},"categories":[1503,11],"tags":[1480,1465,1530,1499,1539,1526,1543,1475,427,1509,1513,1092,1476,1486,1538,442,1501,1515,1467,1484,1093,1517,1485,437,1529,1523,1492,1487,1507,1471,1491,1483,1096,431,1494,1478,1482,1502,105,1537,1547,1510,1469,1489,1519,1531,107,1463,1474,1497,1541,1496,1527,1466,1518,1536,1495,1197,1514,1550,1524,1472,1545,1468,1479,1462,1511,1506,1521,1477,1528,1532,1488,1520,865,1196,1540,1470,1490,1516,1542,1464,1504,1534,1500,1493,1512,1548,1505,1535,1522,1508,1498,1544,1481,1546,1473,1549,1533,1525],"class_list":["post-2725","post","type-post","status-publish","format-standard","has-post-thumbnail","hentry","category-chanteur-et-chanteuse","category-musique","tag-alain-chamfort","tag-alain-souchon","tag-amel-bent","tag-amir","tag-angele","tag-axelle-red","tag-barbara-pravi","tag-bernard-lavilliers","tag-calogero","tag-catherine-lara","tag-chantal-goya","tag-chimene-badi","tag-christophe","tag-christophe-mae","tag-clara-luciani","tag-claude-francois","tag-claudio-capeo","tag-corinne-charby","tag-daniel-balavoine","tag-daniel-guichard","tag-dave","tag-desireless","tag-dick-rivers","tag-eddy-mitchell","tag-elodie-frege","tag-elsa","tag-etienne-daho","tag-florent-pagny","tag-france-gall","tag-francis-cabrel","tag-francis-lalanne","tag-francois-valery","tag-francoise-hardy","tag-frederic-francois","tag-gerald-de-palmas","tag-gerard-lenorman","tag-gilbert-montagne","tag-gims","tag-helene-segara","tag-hoshi","tag-izia","tag-jane-birkin","tag-jean-jacques-goldman","tag-jean-louis-aubert","tag-jeanne-mas","tag-jenifer","tag-joe-dassin","tag-johnny-hallyday","tag-julien-clerc","tag-julien-dore","tag-juliette-armanet","tag-kendji-girac","tag-lara-fabian","tag-laurent-voulzy","tag-lio","tag-louane","tag-m-pokora","tag-marc-lavoine","tag-marie-myriam","tag-marine","tag-maurane","tag-maxime-le-forestier","tag-mentissa","tag-michel-berger","tag-michel-delpech","tag-michel-sardou","tag-michele-torr","tag-mireille-mathieu","tag-mylene-farmer","tag-nino-ferrer","tag-nolwenn-leroy","tag-olivia-ruiz","tag-pascal-obispo","tag-patricia-kaas","tag-patrick-bruel","tag-patrick-juvet","tag-pomme","tag-renaud","tag-roch-voisine","tag-sabine-paturel","tag-santa","tag-serge-gainsbourg","tag-sheila","tag-shym","tag-slimane","tag-stephan-eicher","tag-stone","tag-suzane","tag-sylvie-vartan","tag-tal","tag-vanessa-paradis","tag-veronique-sanson","tag-vianney","tag-vitaa","tag-william-sheller","tag-yseult","tag-yves-duteil","tag-zaho-de-sagazan","tag-zaz","tag-zazie"],"jetpack_publicize_connections":[],"jetpack_sharing_enabled":true,"jetpack_featured_media_url":"https:\/\/www.laurensoff.com\/wordpress\/wp-content\/uploads\/2026\/08\/Idoles_60-70.jpg","_links":{"self":[{"href":"https:\/\/www.laurensoff.com\/wordpress\/wp-json\/wp\/v2\/posts\/2725","targetHints":{"allow":["GET"]}}],"collection":[{"href":"https:\/\/www.laurensoff.com\/wordpress\/wp-json\/wp\/v2\/posts"}],"about":[{"href":"https:\/\/www.laurensoff.com\/wordpress\/wp-json\/wp\/v2\/types\/post"}],"author":[{"embeddable":true,"href":"https:\/\/www.laurensoff.com\/wordpress\/wp-json\/wp\/v2\/users\/1"}],"replies":[{"embeddable":true,"href":"https:\/\/www.laurensoff.com\/wordpress\/wp-json\/wp\/v2\/comments?post=2725"}],"version-history":[{"count":1,"href":"https:\/\/www.laurensoff.com\/wordpress\/wp-json\/wp\/v2\/posts\/2725\/revisions"}],"predecessor-version":[{"id":2727,"href":"https:\/\/www.laurensoff.com\/wordpress\/wp-json\/wp\/v2\/posts\/2725\/revisions\/2727"}],"wp:featuredmedia":[{"embeddable":true,"href":"https:\/\/www.laurensoff.com\/wordpress\/wp-json\/wp\/v2\/media\/2726"}],"wp:attachment":[{"href":"https:\/\/www.laurensoff.com\/wordpress\/wp-json\/wp\/v2\/media?parent=2725"}],"wp:term":[{"taxonomy":"category","embeddable":true,"href":"https:\/\/www.laurensoff.com\/wordpress\/wp-json\/wp\/v2\/categories?post=2725"},{"taxonomy":"post_tag","embeddable":true,"href":"https:\/\/www.laurensoff.com\/wordpress\/wp-json\/wp\/v2\/tags?post=2725"}],"curies":[{"name":"wp","href":"https:\/\/api.w.org\/{rel}","templated":true}]}}