{"id":2705,"date":"2026-08-28T07:14:01","date_gmt":"2026-08-28T06:14:01","guid":{"rendered":"https:\/\/www.laurensoff.com\/wordpress\/?p=2705"},"modified":"2026-08-28T07:15:39","modified_gmt":"2026-08-28T06:15:39","slug":"avant-premiere-billie-melody-de-christine-paillard","status":"publish","type":"post","link":"https:\/\/www.laurensoff.com\/wordpress\/avant-premiere-billie-melody-de-christine-paillard\/","title":{"rendered":"Avant-premi\u00e8re  BILLIE MELODY  de Christine Paillard"},"content":{"rendered":"<table role=\"presentation\" border=\"0\" width=\"100%\" cellspacing=\"0\" cellpadding=\"0\" align=\"center\">\n<tbody>\n<tr>\n<td>\n<table role=\"presentation\" border=\"0\" width=\"100%\" cellspacing=\"0\" cellpadding=\"0\">\n<tbody>\n<tr>\n<th valign=\"top\" width=\"100%\">\n<table role=\"presentation\" border=\"0\" width=\"100%\" cellspacing=\"0\" cellpadding=\"0\">\n<tbody>\n<tr>\n<td valign=\"top\">\n<table role=\"presentation\" border=\"0\" width=\"100%\" cellspacing=\"0\" cellpadding=\"0\">\n<tbody>\n<tr>\n<td align=\"left\">\n<div>\n<p>Avant-premi\u00e8re<\/p>\n<p><strong>BILLIE MELODY<\/strong><\/p>\n<p>de Christine Paillard<\/p>\n<\/div>\n<\/td>\n<\/tr>\n<tr>\n<td align=\"left\">\n<table role=\"presentation\" border=\"0\" width=\"100%\" cellspacing=\"0\" cellpadding=\"0\">\n<tbody>\n<tr>\n<td align=\"center\" valign=\"top\">\n<div>\n<p id=\"m_6504926126135497698isPasted\">VENDREDI 28 AO\u00dbT &#8211; 20H45<\/p>\n<p>En pr\u00e9sence de la r\u00e9alisatrice Christine Paillard<\/p>\n<p>et du co-sc\u00e9nariste Chad Chenouga<\/p>\n<p>TARIF 10 \u20ac &#8211; 8 \u20ac accueil autour d&rsquo;un verre d\u00e8s 20h<\/p>\n<\/div>\n<\/td>\n<\/tr>\n<\/tbody>\n<\/table>\n<\/td>\n<\/tr>\n<tr>\n<td align=\"center\">\n<table role=\"presentation\" border=\"0\" width=\"100%\" cellspacing=\"0\" cellpadding=\"0\">\n<tbody>\n<tr>\n<td height=\"0\">\u00ad<\/td>\n<\/tr>\n<\/tbody>\n<\/table>\n<\/td>\n<\/tr>\n<\/tbody>\n<\/table>\n<\/td>\n<\/tr>\n<\/tbody>\n<\/table>\n<\/th>\n<\/tr>\n<\/tbody>\n<\/table>\n<\/td>\n<\/tr>\n<\/tbody>\n<\/table>\n<table role=\"presentation\" border=\"0\" width=\"100%\" cellspacing=\"0\" cellpadding=\"0\" align=\"center\">\n<tbody>\n<tr>\n<td>\n<table role=\"presentation\" border=\"0\" width=\"100%\" cellspacing=\"0\" cellpadding=\"0\">\n<tbody>\n<tr>\n<th valign=\"top\" width=\"50%\">\n<table role=\"presentation\" border=\"0\" width=\"100%\" cellspacing=\"0\" cellpadding=\"0\">\n<tbody>\n<tr>\n<td valign=\"top\">\n<table role=\"presentation\" border=\"0\" width=\"100%\" cellspacing=\"0\" cellpadding=\"0\">\n<tbody>\n<tr>\n<td align=\"center\"><img decoding=\"async\" class=\"CToWUd a6T\" tabindex=\"0\" src=\"https:\/\/ci3.googleusercontent.com\/meips\/ADKq_Na5f4jg1a3Nv-Ddob3vagqd96UPXk1C5GU-S9A-mrdlHTElnlLGLIrN7o1rvhMxAUtpemSVaTlT2Z8CLySUPjSZDjnEHGxRS0hLTcj98cxrcDmbtVIUI4EzuFmZb7IEFVWL8NDlTAWLT8OEO0Xv=s0-d-e1-ft#https:\/\/64hpo.img.ag.d.sendibm3.com\/im\/sh\/qS-aTlpcKp4o.jpg?u=7126MWSP0tEIB8aZPDAPp8xfXKl\" width=\"265\" border=\"0\" data-bit=\"iit\" \/><\/td>\n<\/tr>\n<\/tbody>\n<\/table>\n<\/td>\n<\/tr>\n<\/tbody>\n<\/table>\n<\/th>\n<th valign=\"top\" width=\"50%\">\n<table role=\"presentation\" border=\"0\" width=\"100%\" cellspacing=\"0\" cellpadding=\"0\">\n<tbody>\n<tr>\n<td valign=\"top\">\n<table role=\"presentation\" border=\"0\" width=\"100%\" cellspacing=\"0\" cellpadding=\"0\">\n<tbody>\n<tr>\n<td align=\"left\">\n<div>\n<p><strong>BILLIE MELODY<\/strong> de Christine Paillard<\/p>\n<\/div>\n<\/td>\n<\/tr>\n<tr>\n<td align=\"left\">\n<div>\n<p>Drame Fr. 2026 &#8211; 1h40. Avec Roschdy Zem, Julia Faure, Bonnie Bouriche Troutaud<\/p>\n<p>Suite \u00e0 la perte de son p\u00e8re dans un accident aux circonstances troubles, Billie, 14 ans, d\u00e9m\u00e9nage dans une nouvelle ville avec sa m\u00e8re et son fr\u00e8re. Alors que ces bouleversements accentuent les tensions familiales, elle fait de nouvelles rencontres et se raccroche \u00e0 la musique qui la relie encore \u00e0 son p\u00e8re. Billie se lance alors dans une qu\u00eate qui pourrait aussi bien la sauver que faire voler sa famille en \u00e9clats.<\/p>\n<p>Pr\u00e9sent\u00e9 par Isabelle Masson<\/p>\n<\/div>\n<\/td>\n<\/tr>\n<\/tbody>\n<\/table>\n<\/td>\n<\/tr>\n<\/tbody>\n<\/table>\n<\/th>\n<\/tr>\n<\/tbody>\n<\/table>\n<\/td>\n<\/tr>\n<\/tbody>\n<\/table>\n","protected":false},"excerpt":{"rendered":"<p>Avant-premi\u00e8re BILLIE MELODY de Christine Paillard VENDREDI 28 AO\u00dbT &#8211; 20H45 En pr\u00e9sence de la&#8230;<\/p>\n","protected":false},"author":1,"featured_media":2706,"comment_status":"open","ping_status":"closed","sticky":false,"template":"","format":"standard","meta":{"_jetpack_newsletter_access":"","_jetpack_dont_email_post_to_subs":false,"_jetpack_newsletter_tier_id":0,"_jetpack_memberships_contains_paywalled_content":false,"_jetpack_feature_clip_id":0,"_jetpack_memberships_contains_paid_content":false,"footnotes":"","jetpack_publicize_message":"","jetpack_publicize_feature_enabled":true,"jetpack_social_post_already_shared":true,"jetpack_social_options":{"image_generator_settings":{"template":"highway","default_image_id":0,"font":"","enabled":false},"version":2},"jetpack_post_was_ever_published":false},"categories":[716,5],"tags":[1359],"class_list":["post-2705","post","type-post","status-publish","format-standard","has-post-thumbnail","hentry","category-avant-premiere","category-cinema","tag-avant-premiere"],"jetpack_publicize_connections":[],"jetpack_sharing_enabled":true,"jetpack_featured_media_url":"https:\/\/www.laurensoff.com\/wordpress\/wp-content\/uploads\/2026\/08\/unnamed.jpg","_links":{"self":[{"href":"https:\/\/www.laurensoff.com\/wordpress\/wp-json\/wp\/v2\/posts\/2705","targetHints":{"allow":["GET"]}}],"collection":[{"href":"https:\/\/www.laurensoff.com\/wordpress\/wp-json\/wp\/v2\/posts"}],"about":[{"href":"https:\/\/www.laurensoff.com\/wordpress\/wp-json\/wp\/v2\/types\/post"}],"author":[{"embeddable":true,"href":"https:\/\/www.laurensoff.com\/wordpress\/wp-json\/wp\/v2\/users\/1"}],"replies":[{"embeddable":true,"href":"https:\/\/www.laurensoff.com\/wordpress\/wp-json\/wp\/v2\/comments?post=2705"}],"version-history":[{"count":1,"href":"https:\/\/www.laurensoff.com\/wordpress\/wp-json\/wp\/v2\/posts\/2705\/revisions"}],"predecessor-version":[{"id":2707,"href":"https:\/\/www.laurensoff.com\/wordpress\/wp-json\/wp\/v2\/posts\/2705\/revisions\/2707"}],"wp:featuredmedia":[{"embeddable":true,"href":"https:\/\/www.laurensoff.com\/wordpress\/wp-json\/wp\/v2\/media\/2706"}],"wp:attachment":[{"href":"https:\/\/www.laurensoff.com\/wordpress\/wp-json\/wp\/v2\/media?parent=2705"}],"wp:term":[{"taxonomy":"category","embeddable":true,"href":"https:\/\/www.laurensoff.com\/wordpress\/wp-json\/wp\/v2\/categories?post=2705"},{"taxonomy":"post_tag","embeddable":true,"href":"https:\/\/www.laurensoff.com\/wordpress\/wp-json\/wp\/v2\/tags?post=2705"}],"curies":[{"name":"wp","href":"https:\/\/api.w.org\/{rel}","templated":true}]}}