{"id":2674,"date":"2026-08-26T21:25:09","date_gmt":"2026-08-26T20:25:09","guid":{"rendered":"https:\/\/www.laurensoff.com\/wordpress\/?p=2674"},"modified":"2026-08-26T21:25:09","modified_gmt":"2026-08-26T20:25:09","slug":"jean-patrick-capdevielle-quand-tes-dans-le-desert-1980-mais-en-2026-tu-fais-quoi","status":"publish","type":"post","link":"https:\/\/www.laurensoff.com\/wordpress\/jean-patrick-capdevielle-quand-tes-dans-le-desert-1980-mais-en-2026-tu-fais-quoi\/","title":{"rendered":"Jean-Patrick Capdevielle &#8211; Quand t&rsquo;es dans le d\u00e9sert 1980 mais en 2026 tu fais quoi ?"},"content":{"rendered":"<p><iframe loading=\"lazy\" title=\"Jean-Patrick Capdevielle - Quand t'es dans le d\u00e9sert - 1980\" src=\"https:\/\/www.youtube.com\/embed\/Mkzw7Wop9pU\" width=\"1002\" height=\"726\" frameborder=\"0\" allowfullscreen=\"allowfullscreen\"><\/iframe><\/p>\n<p id=\"p-rc_b871492e2edb99f2-19\" data-path-to-node=\"1\"><span class=\"citation-55 citation-end-55\">Jean-Patrick Capdevielle est une figure atypique du paysage artistique fran\u00e7ais.<\/span> <span class=\"citation-54 citation-end-54\">Avant de marquer le rock des ann\u00e9es 1980, il a suivi un parcours tr\u00e8s \u00e9clectique.<\/span><\/p>\n<p id=\"p-rc_b871492e2edb99f2-20\" data-path-to-node=\"2\"><b data-path-to-node=\"2\" data-index-in-node=\"0\">Des d\u00e9buts entre journalisme, Londres et cin\u00e9ma<\/b><\/p>\n<p id=\"p-rc_b871492e2edb99f2-20\" data-path-to-node=\"2\"><span class=\"citation-53\">Avant la chanson, il travaille comme journaliste (notamment pour <\/span><i data-path-to-node=\"2\" data-index-in-node=\"113\"><span class=\"citation-53\">France-Soir<\/span><\/i><span class=\"citation-53 citation-end-53\">) et voyage \u00e0 Londres dans les ann\u00e9es 1960. Immerg\u00e9 dans le Swinging London, il fr\u00e9quente les Beatles, Jimi Hendrix et se lie d&rsquo;amiti\u00e9 avec Eric Clapton.<\/span> <span class=\"citation-52\">Plus tard, il explore \u00e9galement la production de cin\u00e9ma en cofondant une soci\u00e9t\u00e9 de production avec Paco Rabanne, participant notamment au financement du film <\/span><i data-path-to-node=\"2\" data-index-in-node=\"437\"><span class=\"citation-52\">Salaam Bombay!<\/span><\/i><span class=\"citation-52 citation-end-52\">.<\/span><\/p>\n<p id=\"p-rc_b871492e2edb99f2-21\" data-path-to-node=\"3\"><b data-path-to-node=\"3\" data-index-in-node=\"0\">L&rsquo;explosion musicale des ann\u00e9es 80<\/b><\/p>\n<p id=\"p-rc_b871492e2edb99f2-21\" data-path-to-node=\"3\"><span class=\"citation-51\">En 1979, il publie l&rsquo;album <\/span><i data-path-to-node=\"3\" data-index-in-node=\"62\"><span class=\"citation-51\">Les enfants des t\u00e9n\u00e8bres et les anges de la rue<\/span><\/i><span class=\"citation-51 citation-end-51\">.<\/span> <span class=\"citation-50\">Le titre <\/span><i data-path-to-node=\"3\" data-index-in-node=\"120\"><span class=\"citation-50\">Quand t&rsquo;es dans le d\u00e9sert<\/span><\/i><span class=\"citation-50 citation-end-50\"> devient un immense tube soci\u00e9tal et politique, propulsant sa voix \u00e9raill\u00e9e et son \u00e9criture po\u00e9tique et incisive au sommet des charts.<\/span> <span class=\"citation-49\">Il encha\u00eene durant la d\u00e9cennie plusieurs albums rock \u00e0 succ\u00e8s (<\/span><i data-path-to-node=\"3\" data-index-in-node=\"343\"><span class=\"citation-49\">\/2<\/span><\/i><span class=\"citation-49\">, <\/span><i data-path-to-node=\"3\" data-index-in-node=\"347\"><span class=\"citation-49\">Le long de la jet\u00e9e<\/span><\/i><span class=\"citation-49\">, <\/span><i data-path-to-node=\"3\" data-index-in-node=\"368\"><span class=\"citation-49\">Mauvaises fr\u00e9quentations<\/span><\/i><span class=\"citation-49 citation-end-49\">).<\/span><\/p>\n<p id=\"p-rc_cbde930a158677bb-36\" data-path-to-node=\"1\"><span class=\"citation-88\">\u00c0 la fin des ann\u00e9es 1980, Jean-Patrick Capdevielle s&rsquo;est associ\u00e9 au c\u00e9l\u00e8bre compositeur italien <\/span><b data-path-to-node=\"1\" data-index-in-node=\"96\"><span class=\"citation-88\">Romano Musumarra<\/span><\/b><span class=\"citation-88 citation-end-88\"> (connu pour ses tubes avec Jeanne Mas, Elsa ou St\u00e9phanie de Monaco) pour former un duo de cr\u00e9ation sur mesure pour Linda William&rsquo;.<\/span><\/p>\n<p data-path-to-node=\"2\">Le travail de Jean-Patrick Capdevielle pour elle s&rsquo;est concr\u00e9tis\u00e9 de plusieurs mani\u00e8res :<\/p>\n<ul data-path-to-node=\"3\">\n<li>\n<p id=\"p-rc_cbde930a158677bb-37\" data-path-to-node=\"3,0,0\"><b data-path-to-node=\"3,0,0\" data-index-in-node=\"0\">Le tube <i data-path-to-node=\"3,0,0\" data-index-in-node=\"8\">Traces<\/i> (1988-1989) :<\/b> <span class=\"citation-87 citation-end-87\">Jean-Patrick Capdevielle en a \u00e9crit les paroles (sur une musique de Romano Musumarra).<\/span> <span class=\"citation-86 citation-end-86\">La chanson s&rsquo;est hiss\u00e9e \u00e0 la 21\u1d49 place du Top 50 et est devenue le plus grand succ\u00e8s de la chanteuse.<\/span><\/p>\n<\/li>\n<\/ul>\n<p id=\"p-rc_b871492e2edb99f2-22\" data-path-to-node=\"4\"><b data-path-to-node=\"4\" data-index-in-node=\"0\">Producteur et compositeur de l&rsquo;ombre<\/b><\/p>\n<p id=\"p-rc_b871492e2edb99f2-22\" data-path-to-node=\"4\">Dans les ann\u00e9es 1990, il met son talent d&rsquo;\u00e9criture au service d&rsquo;autres artistes. <span class=\"citation-48\">Il con\u00e7oit, \u00e9crit et r\u00e9alise l&rsquo;album <\/span><i data-path-to-node=\"4\" data-index-in-node=\"155\"><span class=\"citation-48\">Carmine Meo<\/span><\/i><span class=\"citation-48 citation-end-48\"> (1997) pour la soprano Emma Shapplin, interpr\u00e9t\u00e9 en italien du <\/span><span class=\"math-inline\" data-math=\"\\text{XIV}^e\" data-index-in-node=\"230\">$\\text{XIV}^e$<\/span><span class=\"citation-47 citation-end-47\"> si\u00e8cle.<\/span> <span class=\"citation-46 citation-end-46\">Le disque devient un ph\u00e9nom\u00e8ne mondial (39 disques d&rsquo;or et 17 de platine).<\/span> <span class=\"citation-45\">Il r\u00e9cidive en 2001 avec le projet n\u00e9oclassique <\/span><i data-path-to-node=\"4\" data-index-in-node=\"374\"><span class=\"citation-45\">Atylantos<\/span><\/i><span class=\"citation-45 citation-end-45\">.<\/span><\/p>\n<p data-path-to-node=\"6\"><b data-path-to-node=\"6\" data-index-in-node=\"0\">O\u00f9 en est-il aujourd&rsquo;hui ?<\/b><\/p>\n<ul data-path-to-node=\"7\">\n<li>\n<p id=\"p-rc_b871492e2edb99f2-23\" data-path-to-node=\"7,0,0\"><b data-path-to-node=\"7,0,0\" data-index-in-node=\"0\">Retraite musicale officielle (2018) :<\/b> <span class=\"citation-44\">Apr\u00e8s un dernier album studio sorti en 2016 (<\/span><i data-path-to-node=\"7,0,0\" data-index-in-node=\"83\"><span class=\"citation-44\">Bienvenue au Paradis<\/span><\/i><span class=\"citation-44 citation-end-44\">) et une tourn\u00e9e d&rsquo;adieu, Jean-Patrick Capdevielle a officiellement annonc\u00e9 mettre un terme \u00e0 sa carri\u00e8re musicale en 2018.<\/span><\/p>\n<\/li>\n<li>\n<p id=\"p-rc_b871492e2edb99f2-24\" data-path-to-node=\"7,1,0\"><b data-path-to-node=\"7,1,0\" data-index-in-node=\"0\">Reconversion dans les arts plastiques :<\/b> <span class=\"citation-43 citation-end-43\">Il se consacre enti\u00e8rement \u00e0 la peinture expressionniste et symboliste.<\/span> <span class=\"citation-42 citation-end-42\">Install\u00e9 dans ses ateliers, il r\u00e9alise de grandes toiles en technique mixte.<\/span><\/p>\n<\/li>\n<li>\n<p data-path-to-node=\"7,2,0\"><b data-path-to-node=\"7,2,0\" data-index-in-node=\"0\">Aujourd&rsquo;hui :<\/b> Retir\u00e9 de la sc\u00e8ne et des studios d&rsquo;enregistrement, il vit sereinement loin du star-system, concentr\u00e9 sur la cr\u00e9ation picturale et ses \u0153uvres plastiques.<\/p>\n<\/li>\n<\/ul>\n","protected":false},"excerpt":{"rendered":"<p>Jean-Patrick Capdevielle est une figure atypique du paysage artistique fran\u00e7ais. Avant de marquer le rock&#8230;<\/p>\n","protected":false},"author":1,"featured_media":2675,"comment_status":"open","ping_status":"closed","sticky":false,"template":"","format":"standard","meta":{"_jetpack_newsletter_access":"","_jetpack_dont_email_post_to_subs":false,"_jetpack_newsletter_tier_id":0,"_jetpack_memberships_contains_paywalled_content":false,"_jetpack_feature_clip_id":0,"_jetpack_memberships_contains_paid_content":false,"footnotes":"","jetpack_publicize_message":"","jetpack_publicize_feature_enabled":true,"jetpack_social_post_already_shared":true,"jetpack_social_options":{"image_generator_settings":{"template":"highway","default_image_id":0,"font":"","enabled":false},"version":2},"jetpack_post_was_ever_published":false},"categories":[344,1349],"tags":[1350],"class_list":["post-2674","post","type-post","status-publish","format-standard","has-post-thumbnail","hentry","category-artiste","category-jean-patrick-capdevielle","tag-jean-patrick-capdevielle"],"jetpack_publicize_connections":[],"jetpack_sharing_enabled":true,"jetpack_featured_media_url":"https:\/\/www.laurensoff.com\/wordpress\/wp-content\/uploads\/2026\/08\/Capture-decran-2026-08-26-221738.png","_links":{"self":[{"href":"https:\/\/www.laurensoff.com\/wordpress\/wp-json\/wp\/v2\/posts\/2674","targetHints":{"allow":["GET"]}}],"collection":[{"href":"https:\/\/www.laurensoff.com\/wordpress\/wp-json\/wp\/v2\/posts"}],"about":[{"href":"https:\/\/www.laurensoff.com\/wordpress\/wp-json\/wp\/v2\/types\/post"}],"author":[{"embeddable":true,"href":"https:\/\/www.laurensoff.com\/wordpress\/wp-json\/wp\/v2\/users\/1"}],"replies":[{"embeddable":true,"href":"https:\/\/www.laurensoff.com\/wordpress\/wp-json\/wp\/v2\/comments?post=2674"}],"version-history":[{"count":2,"href":"https:\/\/www.laurensoff.com\/wordpress\/wp-json\/wp\/v2\/posts\/2674\/revisions"}],"predecessor-version":[{"id":2677,"href":"https:\/\/www.laurensoff.com\/wordpress\/wp-json\/wp\/v2\/posts\/2674\/revisions\/2677"}],"wp:featuredmedia":[{"embeddable":true,"href":"https:\/\/www.laurensoff.com\/wordpress\/wp-json\/wp\/v2\/media\/2675"}],"wp:attachment":[{"href":"https:\/\/www.laurensoff.com\/wordpress\/wp-json\/wp\/v2\/media?parent=2674"}],"wp:term":[{"taxonomy":"category","embeddable":true,"href":"https:\/\/www.laurensoff.com\/wordpress\/wp-json\/wp\/v2\/categories?post=2674"},{"taxonomy":"post_tag","embeddable":true,"href":"https:\/\/www.laurensoff.com\/wordpress\/wp-json\/wp\/v2\/tags?post=2674"}],"curies":[{"name":"wp","href":"https:\/\/api.w.org\/{rel}","templated":true}]}}