{"id":2668,"date":"2026-08-26T21:12:24","date_gmt":"2026-08-26T20:12:24","guid":{"rendered":"https:\/\/www.laurensoff.com\/wordpress\/?p=2668"},"modified":"2026-08-26T21:12:24","modified_gmt":"2026-08-26T20:12:24","slug":"connaissez-vous-lhistoire-du-theatre-no-daix-en-provence","status":"publish","type":"post","link":"https:\/\/www.laurensoff.com\/wordpress\/connaissez-vous-lhistoire-du-theatre-no-daix-en-provence\/","title":{"rendered":"Connaissez-vous l\u2019histoire du th\u00e9\u00e2tre N\u014d d\u2019Aix-en-Provence ?"},"content":{"rendered":"<div class=\"xdj266r x14z9mp xat24cr x1lziwak x1vvkbs x126k92a\">\n<div dir=\"auto\">Connaissez-vous l\u2019histoire du th\u00e9\u00e2tre N\u014d d\u2019Aix-en-Provence ?<\/div>\n<\/div>\n<div class=\"x14z9mp xat24cr x1lziwak x1vvkbs xtlvy1s x126k92a\">\n<div dir=\"auto\">A Aix-en-Provence se trouve un monument aussi singulier que pr\u00e9cieux : la seule v\u00e9ritable sc\u00e8ne de th\u00e9\u00e2tre N\u014d en cypr\u00e8s du Japon en Europe.<\/div>\n<\/div>\n<div class=\"x14z9mp xat24cr x1lziwak x1vvkbs xtlvy1s x126k92a\">\n<div dir=\"auto\">Ce th\u00e9\u00e2tre provient d\u2019un don \u00e0 la Ville d\u2019Aix-en-Provence, il a \u00e9t\u00e9 offert par Ma\u00eetre Tansh\u016b Kano en 1992, d\u00e9mont\u00e9 de son emplacement originel, d\u00e9plac\u00e9 et remont\u00e9 \u00e0 Aix-en-Provence. Ma\u00eetre Tansh\u016b Kano \u00e9tait ma\u00eetre de N\u014d de l\u2019\u00e9cole Kita, citoyen de la ville de Kumamoto, il est d\u00e9c\u00e9d\u00e9 en 2016.<\/div>\n<\/div>\n<div class=\"x14z9mp xat24cr x1lziwak x1vvkbs xtlvy1s x126k92a\">\n<div dir=\"auto\">Le don de ce th\u00e9\u00e2tre \u00e0 la Ville a \u00e9t\u00e9 le point de d\u00e9part de longues ann\u00e9es d\u2019\u00e9changes culturels et politiques, qui ont \u00e9t\u00e9 scell\u00e9s par un accord de partenariat en 2013. En 2021, la Ville a construit autour du th\u00e9\u00e2tre un jardin japonais aux essences m\u00e9diterran\u00e9ennes, pour servir d\u2019\u00e9crin de verdure au th\u00e9\u00e2tre.<\/div>\n<\/div>\n<div class=\"x14z9mp xat24cr x1lziwak x1vvkbs xtlvy1s x126k92a\">\n<div dir=\"auto\">Le mois dernier s\u2019est produit \u00e0 Kumamoto un important s\u00e9isme de magnitude 7.1. Les mots de vive solidarit\u00e9 que nous avons re\u00e7us de la part des habitants d\u2019Aix-en-Provence \u00e0 l\u2019\u00e9gard de la ville de Kumamoto nous ont fait prendre conscience, une fois encore, de la force des liens d\u2019amiti\u00e9 franco-japonais.<\/div>\n<\/div>\n<div class=\"x14z9mp xat24cr x1lziwak x1vvkbs xtlvy1s x126k92a\">\n<div dir=\"auto\">Dans deux semaines le samedi 5 septembre, le Consulat G\u00e9n\u00e9ral du Japon \u00e0 Marseille organise avec la Ville sur le th\u00e9\u00e2tre une repr\u00e9sentation de Ky\u014dgen, la face comique du th\u00e9\u00e2tre N\u014d, \u00e0 17h, pr\u00e9c\u00e9d\u00e9e d\u2019une conf\u00e9rence sur cette forme th\u00e9\u00e2trale \u00e0 13h30 \u00e0 l\u2019Universit\u00e9 d\u2019Aix-en-Provence.<\/div>\n<\/div>\n<div class=\"x14z9mp xat24cr x1lziwak x1vvkbs xtlvy1s x126k92a\">\n<div dir=\"auto\">Nous vous attendons nombreux !<\/div>\n<div dir=\"auto\"><img loading=\"lazy\" decoding=\"async\" class=\"alignnone  wp-image-2672\" src=\"https:\/\/www.laurensoff.com\/wordpress\/wp-content\/uploads\/2026\/08\/786543108_1474385001393767_2754597718082580524_n.jpg\" alt=\"\" width=\"587\" height=\"733\" srcset=\"https:\/\/www.laurensoff.com\/wordpress\/wp-content\/uploads\/2026\/08\/786543108_1474385001393767_2754597718082580524_n.jpg 1080w, https:\/\/www.laurensoff.com\/wordpress\/wp-content\/uploads\/2026\/08\/786543108_1474385001393767_2754597718082580524_n-240x300.jpg 240w, https:\/\/www.laurensoff.com\/wordpress\/wp-content\/uploads\/2026\/08\/786543108_1474385001393767_2754597718082580524_n-819x1024.jpg 819w, https:\/\/www.laurensoff.com\/wordpress\/wp-content\/uploads\/2026\/08\/786543108_1474385001393767_2754597718082580524_n-768x960.jpg 768w, https:\/\/www.laurensoff.com\/wordpress\/wp-content\/uploads\/2026\/08\/786543108_1474385001393767_2754597718082580524_n-1024x1280.jpg 1024w, https:\/\/www.laurensoff.com\/wordpress\/wp-content\/uploads\/2026\/08\/786543108_1474385001393767_2754597718082580524_n-600x750.jpg 600w\" sizes=\"auto, (max-width: 587px) 100vw, 587px\" \/><\/div>\n<\/div>\n<div class=\"x14z9mp xat24cr x1lziwak x1vvkbs xtlvy1s x126k92a\">\n<div dir=\"auto\"><img loading=\"lazy\" decoding=\"async\" class=\"alignnone  wp-image-2669\" src=\"https:\/\/www.laurensoff.com\/wordpress\/wp-content\/uploads\/2026\/08\/784507108_1474384514727149_4617074431529108824_n.jpg\" alt=\"\" width=\"398\" height=\"298\" srcset=\"https:\/\/www.laurensoff.com\/wordpress\/wp-content\/uploads\/2026\/08\/784507108_1474384514727149_4617074431529108824_n.jpg 2048w, https:\/\/www.laurensoff.com\/wordpress\/wp-content\/uploads\/2026\/08\/784507108_1474384514727149_4617074431529108824_n-300x225.jpg 300w, https:\/\/www.laurensoff.com\/wordpress\/wp-content\/uploads\/2026\/08\/784507108_1474384514727149_4617074431529108824_n-1024x768.jpg 1024w, https:\/\/www.laurensoff.com\/wordpress\/wp-content\/uploads\/2026\/08\/784507108_1474384514727149_4617074431529108824_n-768x576.jpg 768w, https:\/\/www.laurensoff.com\/wordpress\/wp-content\/uploads\/2026\/08\/784507108_1474384514727149_4617074431529108824_n-1536x1152.jpg 1536w, https:\/\/www.laurensoff.com\/wordpress\/wp-content\/uploads\/2026\/08\/784507108_1474384514727149_4617074431529108824_n-600x450.jpg 600w\" sizes=\"auto, (max-width: 398px) 100vw, 398px\" \/><\/div>\n<div dir=\"auto\"><img loading=\"lazy\" decoding=\"async\" class=\"alignnone  wp-image-2670\" src=\"https:\/\/www.laurensoff.com\/wordpress\/wp-content\/uploads\/2026\/08\/786656893_1474384438060490_6240582935804035931_n.jpg\" alt=\"\" width=\"398\" height=\"298\" srcset=\"https:\/\/www.laurensoff.com\/wordpress\/wp-content\/uploads\/2026\/08\/786656893_1474384438060490_6240582935804035931_n.jpg 2048w, https:\/\/www.laurensoff.com\/wordpress\/wp-content\/uploads\/2026\/08\/786656893_1474384438060490_6240582935804035931_n-300x225.jpg 300w, https:\/\/www.laurensoff.com\/wordpress\/wp-content\/uploads\/2026\/08\/786656893_1474384438060490_6240582935804035931_n-1024x768.jpg 1024w, https:\/\/www.laurensoff.com\/wordpress\/wp-content\/uploads\/2026\/08\/786656893_1474384438060490_6240582935804035931_n-768x576.jpg 768w, https:\/\/www.laurensoff.com\/wordpress\/wp-content\/uploads\/2026\/08\/786656893_1474384438060490_6240582935804035931_n-1536x1152.jpg 1536w, https:\/\/www.laurensoff.com\/wordpress\/wp-content\/uploads\/2026\/08\/786656893_1474384438060490_6240582935804035931_n-600x450.jpg 600w\" sizes=\"auto, (max-width: 398px) 100vw, 398px\" \/><\/div>\n<\/div>\n","protected":false},"excerpt":{"rendered":"<p>Connaissez-vous l\u2019histoire du th\u00e9\u00e2tre N\u014d d\u2019Aix-en-Provence ? A Aix-en-Provence se trouve un monument aussi singulier&#8230;<\/p>\n","protected":false},"author":1,"featured_media":2671,"comment_status":"open","ping_status":"closed","sticky":false,"template":"","format":"standard","meta":{"_jetpack_newsletter_access":"","_jetpack_dont_email_post_to_subs":false,"_jetpack_newsletter_tier_id":0,"_jetpack_memberships_contains_paywalled_content":false,"_jetpack_feature_clip_id":0,"_jetpack_memberships_contains_paid_content":false,"footnotes":"","jetpack_publicize_message":"","jetpack_publicize_feature_enabled":true,"jetpack_social_post_already_shared":true,"jetpack_social_options":{"image_generator_settings":{"template":"highway","default_image_id":0,"font":"","enabled":false},"version":2},"jetpack_post_was_ever_published":false},"categories":[741,1343,1342],"tags":[825,1347,1344,1348,1346,1345],"class_list":["post-2668","post","type-post","status-publish","format-standard","has-post-thumbnail","hentry","category-741","category-japon-pays","category-theatre-no","tag-aix-en-provence","tag-amitie-franco-japonais","tag-consulat-general-du-japon-a-marseille","tag-jardin","tag-kumamoto","tag-theatre-no"],"jetpack_publicize_connections":[],"jetpack_sharing_enabled":true,"jetpack_featured_media_url":"https:\/\/www.laurensoff.com\/wordpress\/wp-content\/uploads\/2026\/08\/784197597_1474384408060493_8183043778294710404_n.jpg","_links":{"self":[{"href":"https:\/\/www.laurensoff.com\/wordpress\/wp-json\/wp\/v2\/posts\/2668","targetHints":{"allow":["GET"]}}],"collection":[{"href":"https:\/\/www.laurensoff.com\/wordpress\/wp-json\/wp\/v2\/posts"}],"about":[{"href":"https:\/\/www.laurensoff.com\/wordpress\/wp-json\/wp\/v2\/types\/post"}],"author":[{"embeddable":true,"href":"https:\/\/www.laurensoff.com\/wordpress\/wp-json\/wp\/v2\/users\/1"}],"replies":[{"embeddable":true,"href":"https:\/\/www.laurensoff.com\/wordpress\/wp-json\/wp\/v2\/comments?post=2668"}],"version-history":[{"count":1,"href":"https:\/\/www.laurensoff.com\/wordpress\/wp-json\/wp\/v2\/posts\/2668\/revisions"}],"predecessor-version":[{"id":2673,"href":"https:\/\/www.laurensoff.com\/wordpress\/wp-json\/wp\/v2\/posts\/2668\/revisions\/2673"}],"wp:featuredmedia":[{"embeddable":true,"href":"https:\/\/www.laurensoff.com\/wordpress\/wp-json\/wp\/v2\/media\/2671"}],"wp:attachment":[{"href":"https:\/\/www.laurensoff.com\/wordpress\/wp-json\/wp\/v2\/media?parent=2668"}],"wp:term":[{"taxonomy":"category","embeddable":true,"href":"https:\/\/www.laurensoff.com\/wordpress\/wp-json\/wp\/v2\/categories?post=2668"},{"taxonomy":"post_tag","embeddable":true,"href":"https:\/\/www.laurensoff.com\/wordpress\/wp-json\/wp\/v2\/tags?post=2668"}],"curies":[{"name":"wp","href":"https:\/\/api.w.org\/{rel}","templated":true}]}}