{"id":2650,"date":"2026-08-26T10:40:18","date_gmt":"2026-08-26T09:40:18","guid":{"rendered":"https:\/\/www.laurensoff.com\/wordpress\/?p=2650"},"modified":"2026-08-26T10:58:30","modified_gmt":"2026-08-26T09:58:30","slug":"moby-pionnier-de-la-musique-electronique-et-militant-engage","status":"publish","type":"post","link":"https:\/\/www.laurensoff.com\/wordpress\/moby-pionnier-de-la-musique-electronique-et-militant-engage\/","title":{"rendered":"Moby Pionnier de la musique \u00e9lectronique et militant engag\u00e9"},"content":{"rendered":"<p data-path-to-node=\"2\"><b data-path-to-node=\"2\" data-index-in-node=\"0\">Identit\u00e9 &amp; Origines<\/b><\/p>\n<ul data-path-to-node=\"3\">\n<li>\n<p data-path-to-node=\"3,0,0\"><b data-path-to-node=\"3,0,0\" data-index-in-node=\"0\">Nom r\u00e9el :<\/b> Richard Melville Hall.<\/p>\n<\/li>\n<li>\n<p data-path-to-node=\"3,1,0\"><b data-path-to-node=\"3,1,0\" data-index-in-node=\"0\">\u00c2ge :<\/b> 60 ans (n\u00e9 le 11 septembre 1965).<\/p>\n<\/li>\n<li>\n<p data-path-to-node=\"3,2,0\"><b data-path-to-node=\"3,2,0\" data-index-in-node=\"0\">Origine :<\/b> N\u00e9 dans le quartier de Harlem \u00e0 New York, il a grandi principalement \u00e0 Darien, dans le Connecticut.<\/p>\n<\/li>\n<li>\n<p data-path-to-node=\"3,3,0\"><b data-path-to-node=\"3,3,0\" data-index-in-node=\"0\">L&rsquo;origine du pseudonyme :<\/b> Son surnom \u00ab Moby \u00bb lui a \u00e9t\u00e9 donn\u00e9 par ses parents d\u00e8s son enfance. Il s&rsquo;agit d&rsquo;un hommage direct \u00e0 l&rsquo;\u00e9crivain Herman Melville, auteur du c\u00e9l\u00e8bre roman <i data-path-to-node=\"3,3,0\" data-index-in-node=\"179\">Moby Dick<\/i>, dont il est le descendant (arri\u00e8re-petit-neveu).<\/p>\n<\/li>\n<\/ul>\n<p data-path-to-node=\"5\"><b data-path-to-node=\"5\" data-index-in-node=\"0\">Ses Plus Grands Tubes<\/b> Moby a marqu\u00e9 la fin des ann\u00e9es 1990 et le d\u00e9but des ann\u00e9es 2000 en popularisant l&rsquo;\u00e9lectro aupr\u00e8s du grand public, notamment en fusionnant techno, ambient, gospel et blues.<\/p>\n<ul data-path-to-node=\"6\">\n<li>\n<p data-path-to-node=\"6,0,0\"><b data-path-to-node=\"6,0,0\" data-index-in-node=\"0\">\u00ab\u00a0Porcelain\u00a0\u00bb (1999) :<\/b> Le titre embl\u00e9matique de l&rsquo;album <i data-path-to-node=\"6,0,0\" data-index-in-node=\"54\">Play<\/i>, mondialement connu et r\u00e9utilis\u00e9 dans d&rsquo;innombrables films (dont <i data-path-to-node=\"6,0,0\" data-index-in-node=\"124\">La Plage<\/i>) et publicit\u00e9s.<\/p>\n<\/li>\n<li>\n<p data-path-to-node=\"6,1,0\"><b data-path-to-node=\"6,1,0\" data-index-in-node=\"0\">\u00ab\u00a0Extreme Ways\u00a0\u00bb (2002) :<\/b> Devenu c\u00e9l\u00e8bre pour \u00eatre le th\u00e8me g\u00e9n\u00e9rique de fin de la saga cin\u00e9matographique <i data-path-to-node=\"6,1,0\" data-index-in-node=\"104\">Jason Bourne<\/i>.<\/p>\n<\/li>\n<li>\n<p data-path-to-node=\"6,2,0\"><b data-path-to-node=\"6,2,0\" data-index-in-node=\"0\">\u00ab\u00a0Natural Blues\u00a0\u00bb (1999) :<\/b> Bas\u00e9 sur un \u00e9chantillon vocal de folk\/blues de Vera Hall, accompagnant un clip m\u00e9morable.<\/p>\n<\/li>\n<li>\n<p data-path-to-node=\"6,3,0\"><b data-path-to-node=\"6,3,0\" data-index-in-node=\"0\">\u00ab\u00a0Why Does My Heart Feel So Bad?\u00a0\u00bb (1999) :<\/b> Ballade m\u00e9lancolique port\u00e9e par son c\u00e9l\u00e8bre clip en animation avec le personnage \u00ab Little Idiot \u00bb.<\/p>\n<\/li>\n<li>\n<p data-path-to-node=\"6,4,0\"><b data-path-to-node=\"6,4,0\" data-index-in-node=\"0\">\u00ab\u00a0Go\u00a0\u00bb (1991) :<\/b> Son tout premier succ\u00e8s sur les dancefloors, qui int\u00e8gre le th\u00e8me musical de la s\u00e9rie <i data-path-to-node=\"6,4,0\" data-index-in-node=\"100\">Twin Peaks<\/i> de David Lynch.<\/p>\n<\/li>\n<\/ul>\n<p data-path-to-node=\"8\"><b data-path-to-node=\"8\" data-index-in-node=\"0\">Engagements &amp; Style de Vie<\/b><\/p>\n<ul data-path-to-node=\"9\">\n<li>\n<p data-path-to-node=\"9,0,0\"><b data-path-to-node=\"9,0,0\" data-index-in-node=\"0\">V\u00e9ganisme &amp; Cause animale :<\/b> Moby est v\u00e9gan depuis 1987 et constitue l&rsquo;une des figures publiques les plus engag\u00e9es pour le droit des animaux. Il porte d&rsquo;ailleurs le mot \u00ab VEGAN \u00bb tatou\u00e9 en gros caract\u00e8res sur le cou.<\/p>\n<\/li>\n<li>\n<p data-path-to-node=\"9,1,0\"><b data-path-to-node=\"9,1,0\" data-index-in-node=\"0\">Producteur ind\u00e9pendant :<\/b> Apr\u00e8s un succ\u00e8s commercial plan\u00e9taire au tournant des ann\u00e9es 2000, il a continu\u00e9 \u00e0 publier de nombreux albums ind\u00e9pendants orient\u00e9s vers l&rsquo;ambient, le punk rock ou la musique contemplative, reversant souvent ses b\u00e9n\u00e9fices \u00e0 des associations caritatives.<\/p>\n<\/li>\n<\/ul>\n<p><iframe loading=\"lazy\" title=\"Moby - Go (Official Video)\" src=\"https:\/\/www.youtube.com\/embed\/NLCHARjjrws?list=PLpllqzgq8wPYXdz9y1lqJWy364vi-4vrT\" width=\"640\" height=\"320\" frameborder=\"0\" allowfullscreen=\"allowfullscreen\"><span style=\"display: inline-block; width: 0px; overflow: hidden; line-height: 0;\" data-mce-type=\"bookmark\" class=\"mce_SELRES_start\">\ufeff<\/span><\/iframe><\/p>\n","protected":false},"excerpt":{"rendered":"<p>Identit\u00e9 &amp; Origines Nom r\u00e9el : Richard Melville Hall. \u00c2ge : 60 ans (n\u00e9 le&#8230;<\/p>\n","protected":false},"author":1,"featured_media":2651,"comment_status":"open","ping_status":"closed","sticky":false,"template":"","format":"standard","meta":{"_jetpack_newsletter_access":"","_jetpack_dont_email_post_to_subs":false,"_jetpack_newsletter_tier_id":0,"_jetpack_memberships_contains_paywalled_content":false,"_jetpack_feature_clip_id":0,"_jetpack_memberships_contains_paid_content":false,"footnotes":"","jetpack_publicize_message":"","jetpack_publicize_feature_enabled":true,"jetpack_social_post_already_shared":true,"jetpack_social_options":{"image_generator_settings":{"template":"highway","default_image_id":0,"font":"","enabled":false},"version":2},"jetpack_post_was_ever_published":false},"categories":[640,1326],"tags":[1327],"class_list":["post-2650","post","type-post","status-publish","format-standard","has-post-thumbnail","hentry","category-anecdotes","category-moby","tag-moby"],"jetpack_publicize_connections":[],"jetpack_sharing_enabled":true,"jetpack_featured_media_url":"https:\/\/www.laurensoff.com\/wordpress\/wp-content\/uploads\/2026\/08\/medias_2021_07_moby_60ddd21121067.webp","_links":{"self":[{"href":"https:\/\/www.laurensoff.com\/wordpress\/wp-json\/wp\/v2\/posts\/2650","targetHints":{"allow":["GET"]}}],"collection":[{"href":"https:\/\/www.laurensoff.com\/wordpress\/wp-json\/wp\/v2\/posts"}],"about":[{"href":"https:\/\/www.laurensoff.com\/wordpress\/wp-json\/wp\/v2\/types\/post"}],"author":[{"embeddable":true,"href":"https:\/\/www.laurensoff.com\/wordpress\/wp-json\/wp\/v2\/users\/1"}],"replies":[{"embeddable":true,"href":"https:\/\/www.laurensoff.com\/wordpress\/wp-json\/wp\/v2\/comments?post=2650"}],"version-history":[{"count":2,"href":"https:\/\/www.laurensoff.com\/wordpress\/wp-json\/wp\/v2\/posts\/2650\/revisions"}],"predecessor-version":[{"id":2657,"href":"https:\/\/www.laurensoff.com\/wordpress\/wp-json\/wp\/v2\/posts\/2650\/revisions\/2657"}],"wp:featuredmedia":[{"embeddable":true,"href":"https:\/\/www.laurensoff.com\/wordpress\/wp-json\/wp\/v2\/media\/2651"}],"wp:attachment":[{"href":"https:\/\/www.laurensoff.com\/wordpress\/wp-json\/wp\/v2\/media?parent=2650"}],"wp:term":[{"taxonomy":"category","embeddable":true,"href":"https:\/\/www.laurensoff.com\/wordpress\/wp-json\/wp\/v2\/categories?post=2650"},{"taxonomy":"post_tag","embeddable":true,"href":"https:\/\/www.laurensoff.com\/wordpress\/wp-json\/wp\/v2\/tags?post=2650"}],"curies":[{"name":"wp","href":"https:\/\/api.w.org\/{rel}","templated":true}]}}