{"id":2610,"date":"2026-08-24T09:53:21","date_gmt":"2026-08-24T08:53:21","guid":{"rendered":"https:\/\/www.laurensoff.com\/wordpress\/?p=2610"},"modified":"2026-08-24T10:00:03","modified_gmt":"2026-08-24T09:00:03","slug":"philippe-la-legende-de-la-radio-et-animateur-historique-des-grosses-tetes-est-mort-a-lage-de-96-ans","status":"publish","type":"post","link":"https:\/\/www.laurensoff.com\/wordpress\/philippe-la-legende-de-la-radio-et-animateur-historique-des-grosses-tetes-est-mort-a-lage-de-96-ans\/","title":{"rendered":"Philippe La l\u00e9gende de la radio et animateur historique des \u00ab\u00a0Grosses t\u00eates\u00a0\u00bb, est mort \u00e0 l&rsquo;\u00e2ge de 96 ans"},"content":{"rendered":"<p><strong>RIP <span class=\"x1xsqp64 xiy17q3 x1o6pynw x19co3pv xdj266r xjn30re xat24cr x1hb08if x2b8uid\" data-testid=\"emoji\" data-emoji-size=\"16\"><span class=\"xexx8yu xcaqkgz x18d9i69 xbwkkl7 x3jgonx x1bhl96m\">\ud83d\ude2d<\/span><\/span><span class=\"x1xsqp64 xiy17q3 x1o6pynw x19co3pv xdj266r xjn30re xat24cr x1hb08if x2b8uid\" data-testid=\"emoji\" data-emoji-size=\"16\"><span class=\"xexx8yu xcaqkgz x18d9i69 xbwkkl7 x3jgonx x1bhl96m\">\ud83d\ude2d<\/span><\/span><span class=\"x1xsqp64 xiy17q3 x1o6pynw x19co3pv xdj266r xjn30re xat24cr x1hb08if x2b8uid\" data-testid=\"emoji\" data-emoji-size=\"16\"><span class=\"xexx8yu xcaqkgz x18d9i69 xbwkkl7 x3jgonx x1bhl96m\">\ud83d\ude2d<\/span><\/span>Philippe<\/strong> La l\u00e9gende de la radio et animateur historique des \u00ab\u00a0Grosses t\u00eates\u00a0\u00bb, est mort \u00e0 l&rsquo;\u00e2ge de 96 ans <span class=\"x1xsqp64 xiy17q3 x1o6pynw x19co3pv xdj266r xjn30re xat24cr x1hb08if x2b8uid\" data-testid=\"emoji\" data-emoji-size=\"16\"><span class=\"xexx8yu xcaqkgz x18d9i69 xbwkkl7 x3jgonx x1bhl96m\">\u27a1\ufe0f<\/span><\/span> Le journaliste et animateur radio Philippe Bouvard, p\u00e8re des \u00abGrosses T\u00eates\u00bb, est mort \u00e0 l\u2019\u00e2ge de 96 ans Les Grosses T\u00eates est une \u00e9mission humoristique et culturelle diffus\u00e9e sur RTL, cr\u00e9\u00e9e par Roger Kreicher et Jean Farran, directeur des programmes de RTL en 1977. L&rsquo;\u00e9mission, diffus\u00e9e quotidiennement sur les stations de radio RTL et Bel RTL, est reprise \u00e0 la t\u00e9l\u00e9vision sur Paris Premi\u00e8re. \u00c9mission phare de la station RTL, elle est anim\u00e9e pendant 37 ans par Philippe Bouvard (de 1977 \u00e0 2014), ainsi que par Christophe Dechavanne pendant quelques mois entre fin ao\u00fbt et d\u00e9cembre 2000. L&rsquo;\u00e9mission est anim\u00e9e par Laurent Ruquier depuis la rentr\u00e9e 2014.<\/p>\n<p data-path-to-node=\"0\">Journaliste incontournable, homme de presse, de radio et de t\u00e9l\u00e9vision, <b data-path-to-node=\"0\" data-index-in-node=\"72\">Philippe Bouvard<\/b> est une figure embl\u00e9matique du paysage audiovisuel fran\u00e7ais. C\u00e9l\u00e8bre pour son esprit acerbe, sa r\u00e9partie l\u00e9gendaire et son go\u00fbt du bon mot, il a marqu\u00e9 plusieurs g\u00e9n\u00e9rations avec son \u00e9mission culte, <i data-path-to-node=\"0\" data-index-in-node=\"288\">Les Grosses T\u00eates<\/i>.<\/p>\n<h3 data-path-to-node=\"1\">1. Ses Origines et ses D\u00e9buts<\/h3>\n<ul data-path-to-node=\"2\">\n<li>\n<p data-path-to-node=\"2,0,0\"><b data-path-to-node=\"2,0,0\" data-index-in-node=\"0\">Jeunesse<\/b> : N\u00e9 le 6 d\u00e9cembre 1929 \u00e0 Coulommiers (Seine-et-Marne), il grandit dans un milieu modeste et traverse les ann\u00e9es de guerre entre Paris et la C\u00f4te d&rsquo;Azur.<\/p>\n<\/li>\n<li>\n<p data-path-to-node=\"2,1,0\"><b data-path-to-node=\"2,1,0\" data-index-in-node=\"0\">D\u00e9buts dans la presse<\/b> : Apr\u00e8s un passage \u00e9clair au Centre de formation des journalistes (dont il est renvoy\u00e9 pour \u00ab manque de talent \u00bb), il d\u00e9marre tout en bas de l&rsquo;\u00e9chelle au <i data-path-to-node=\"2,1,0\" data-index-in-node=\"176\">Figaro<\/i> en 1952, gravissant progressivement les \u00e9chelons jusqu&rsquo;\u00e0 diriger le suppl\u00e9ment <i data-path-to-node=\"2,1,0\" data-index-in-node=\"262\">Le Figaro Magazine<\/i>.<\/p>\n<\/li>\n<\/ul>\n<h3 data-path-to-node=\"4\">2. L&rsquo;Apog\u00e9e : <i data-path-to-node=\"4\" data-index-in-node=\"14\">Les Grosses T\u00eates<\/i> et les M\u00e9dias<\/h3>\n<ul data-path-to-node=\"5\">\n<li>\n<p data-path-to-node=\"5,0,0\"><b data-path-to-node=\"5,0,0\" data-index-in-node=\"0\">L&rsquo;\u00e8re RTL (<i data-path-to-node=\"5,0,0\" data-index-in-node=\"11\">Les Grosses T\u00eates<\/i>)<\/b> : En 1977, il lance sur RTL l&rsquo;\u00e9mission <i data-path-to-node=\"5,0,0\" data-index-in-node=\"69\">Les Grosses T\u00eates<\/i>. Entour\u00e9 de soci\u00e9taires c\u00e9l\u00e8bres (Jean Yanne, Olivier de Kersauson, Jacques Martin, Alice Sapritch&#8230;), il transforme ce rendez-vous d&rsquo;humour et de culture g\u00e9n\u00e9rale en un ph\u00e9nom\u00e8ne culturel rassemblant des millions d&rsquo;auditeurs quotidiennement.<\/p>\n<\/li>\n<li>\n<p data-path-to-node=\"5,1,0\"><b data-path-to-node=\"5,1,0\" data-index-in-node=\"0\">Une long\u00e9vit\u00e9 record<\/b> : Il pr\u00e9sente l&rsquo;\u00e9mission pendant pr\u00e8s de 37 ans (avec une br\u00e8ve interruption en 2000-2001) avant de passer le relais \u00e0 Laurent Ruquier en 2014.<\/p>\n<\/li>\n<li>\n<p data-path-to-node=\"5,2,0\"><b data-path-to-node=\"5,2,0\" data-index-in-node=\"0\">T\u00e9l\u00e9vision<\/b> : Il a \u00e9galement anim\u00e9 des \u00e9missions marquantes du petit \u00e9cran, notamment <i data-path-to-node=\"5,2,0\" data-index-in-node=\"85\">Passe-Partout<\/i>, <i data-path-to-node=\"5,2,0\" data-index-in-node=\"100\">Le Petit Th\u00e9\u00e2tre de Bouvard<\/i> (qui a r\u00e9v\u00e9l\u00e9 une pl\u00e9iade de nouveaux talents comme Les Inconnus, Mimie Mathy ou Muriel Robin) et <i data-path-to-node=\"5,2,0\" data-index-in-node=\"226\">Entrez sans frapper<\/i>.<\/p>\n<\/li>\n<\/ul>\n<h3 data-path-to-node=\"7\">3. Ses Passions et son Style de Vie<\/h3>\n<ul data-path-to-node=\"8\">\n<li>\n<p data-path-to-node=\"8,0,0\"><b data-path-to-node=\"8,0,0\" data-index-in-node=\"0\">L&rsquo;\u00e9criture et les livres<\/b> : \u00c9crivain prolifique et boulimique de travail, il a publi\u00e9 plus de 60 ouvrages (essais, romans, recueils de maximes, m\u00e9moires).<\/p>\n<\/li>\n<li>\n<p data-path-to-node=\"8,1,0\"><b data-path-to-node=\"8,1,0\" data-index-in-node=\"0\">Les voitures de collection<\/b> : Grand amateur d&rsquo;automobile, il a poss\u00e9d\u00e9 au cours de sa vie un nombre impressionnant de voitures de luxe et de sport (Ferrari, Rolls-Royce, Porsche).<\/p>\n<\/li>\n<li>\n<p data-path-to-node=\"8,2,0\"><b data-path-to-node=\"8,2,0\" data-index-in-node=\"0\">Les jeux de hasard et la C\u00f4te d&rsquo;Azur<\/b> : Passionn\u00e9 par l&rsquo;ambiance des casinos, la roulette et le poker, il a longtemps partag\u00e9 son temps entre Paris et la r\u00e9gion de Cannes.<\/p>\n<\/li>\n<\/ul>\n<h3 data-path-to-node=\"10\">4. Bilan d&rsquo;une Carri\u00e8re Hors Norme<\/h3>\n<p data-path-to-node=\"11\">Philippe Bouvard incarne un journalisme populaire mais exigeant, fond\u00e9 sur une curiosit\u00e9 insatiable, une discipline de travail exemplaire et un sens aigu de la formule piquante. Avec plus de 60 ans de carri\u00e8re active dans la presse \u00e9crite, la radio et l&rsquo;\u00e9dition, il demeure une r\u00e9f\u00e9rence incontournable du divertissement et de la culture populaire fran\u00e7aise.<\/p>\n<p data-path-to-node=\"0\">Lanc\u00e9 en septembre 1982 sur Antenne 2, <i data-path-to-node=\"0\" data-index-in-node=\"39\">Le Petit Th\u00e9\u00e2tre de Bouvard<\/i> est devenu un tremplin incontournable pour l&rsquo;humour fran\u00e7ais. L&rsquo;\u00e9mission quotidienne de d\u00e9but de soir\u00e9e offrait un espace d&rsquo;expression unique \u00e0 toute une g\u00e9n\u00e9ration de jeunes com\u00e9diens inconnus.<\/p>\n<h3 data-path-to-node=\"1\">L&rsquo;Histoire de l&rsquo;\u00c9mission<\/h3>\n<ul data-path-to-node=\"2\">\n<li>\n<p data-path-to-node=\"2,0,0\"><b data-path-to-node=\"2,0,0\" data-index-in-node=\"0\">Le concept<\/b> : Passionn\u00e9 par le th\u00e9\u00e2tre de boulevard et le format du sketch court, Philippe Bouvard imagine un v\u00e9ritable laboratoire d&rsquo;humour. Chaque soir, de jeunes artistes \u00e9crivent et interpr\u00e8tent des sketchs satiriques sur des sujets d&rsquo;actualit\u00e9 ou de la vie quotidienne.<\/p>\n<\/li>\n<li>\n<p data-path-to-node=\"2,1,0\"><b data-path-to-node=\"2,1,0\" data-index-in-node=\"0\">Le r\u00f4le de Bouvard<\/b> : En ma\u00eetre de c\u00e9r\u00e9monie incisif, confortablement install\u00e9 dans son fauteuil club, il pr\u00e9sente les com\u00e9diens, donne le rythme et commente les prestations avec sa verve habituelle.<\/p>\n<\/li>\n<li>\n<p data-path-to-node=\"2,2,0\"><b data-path-to-node=\"2,2,0\" data-index-in-node=\"0\">La m\u00e9thode<\/b> : L&rsquo;exigence y est tr\u00e8s \u00e9lev\u00e9e. Les tournages s&rsquo;encha\u00eenent \u00e0 un rythme effr\u00e9n\u00e9, imposant aux jeunes artistes d&rsquo;\u00e9crire en permanence de nouveaux textes. Ceux qui ne font pas rire le public ou le patron sont rapidement \u00e9cart\u00e9s.<\/p>\n<\/li>\n<li>\n<p data-path-to-node=\"2,3,0\"><b data-path-to-node=\"2,3,0\" data-index-in-node=\"0\">L&rsquo;\u00e9volution<\/b> : L&rsquo;\u00e9mission rencontre un succ\u00e8s populaire massif avec plusieurs millions de t\u00e9l\u00e9spectateurs par soir. Elle change de nom \u00e0 la fin des ann\u00e9es 1980 pour devenir <i data-path-to-node=\"2,3,0\" data-index-in-node=\"172\">Th\u00e9\u00e2tre de Bouvard<\/i>, avant de s&rsquo;arr\u00eater au d\u00e9but des ann\u00e9es 1990.<\/p>\n<\/li>\n<\/ul>\n<h3 data-path-to-node=\"4\">Les Humoristes et Com\u00e9diens R\u00e9v\u00e9l\u00e9s<\/h3>\n<p data-path-to-node=\"5\">L&rsquo;\u00e9mission a servi de p\u00e9pini\u00e8re de talents sans \u00e9quivalent dans le paysage audiovisuel fran\u00e7ais :<\/p>\n<ul data-path-to-node=\"6\">\n<li>\n<p data-path-to-node=\"6,0,0\"><b data-path-to-node=\"6,0,0\" data-index-in-node=\"0\">Les Inconnus<\/b> : C&rsquo;est dans l&rsquo;\u00e9mission que Didier Bourdon, Bernard Campan, Pascal L\u00e9gitimus et Seymour Brussel font leurs premiers pas collectifs sous le nom de <i data-path-to-node=\"6,0,0\" data-index-in-node=\"159\">T\u00e9l\u00e9maque<\/i>, avant de former le c\u00e9l\u00e8bre trio.<\/p>\n<\/li>\n<li>\n<p data-path-to-node=\"6,1,0\"><b data-path-to-node=\"6,1,0\" data-index-in-node=\"0\">Muriel Robin<\/b> : Arriv\u00e9e en 1983, elle s&rsquo;y produit pendant plusieurs ann\u00e9es et y affine son style d&rsquo;humour incisif avant d&rsquo;entamer une immense carri\u00e8re solo.<\/p>\n<\/li>\n<li>\n<p data-path-to-node=\"6,2,0\"><b data-path-to-node=\"6,2,0\" data-index-in-node=\"0\">Mimie Mathy, Mich\u00e8le Bernier et Isabelle de Botton<\/b> : C&rsquo;est sur le plateau de Bouvard qu&rsquo;elles se rencontrent pour former le fameux trio <i data-path-to-node=\"6,2,0\" data-index-in-node=\"136\">Les Filles<\/i>.<\/p>\n<\/li>\n<li>\n<p data-path-to-node=\"6,3,0\"><b data-path-to-node=\"6,3,0\" data-index-in-node=\"0\">Chevallier et Laspal\u00e8s<\/b> : Philippe Chevallier et R\u00e9gis Laspal\u00e8s y cr\u00e9ent un duo fond\u00e9 sur le quiproquo et l&rsquo;absurde qui fera leur succ\u00e8s pendant des d\u00e9cennies.<\/p>\n<\/li>\n<li>\n<p data-path-to-node=\"6,4,0\"><b data-path-to-node=\"6,4,0\" data-index-in-node=\"0\">Sma\u00efn<\/b> : Il y fait ses premi\u00e8res armes t\u00e9l\u00e9visuelles au milieu des ann\u00e9es 80 avant de devenir l&rsquo;un des pionniers du stand-up \u00e0 la fran\u00e7aise.<\/p>\n<\/li>\n<li>\n<p data-path-to-node=\"6,5,0\"><b data-path-to-node=\"6,5,0\" data-index-in-node=\"0\">Jean-Marie Bigard<\/b> : Rep\u00e9r\u00e9 pour ses talents d&rsquo;auteur et d&rsquo;interpr\u00e8te, il passe par l&rsquo;\u00e9mission avant de remplir les plus grandes salles de France.<\/p>\n<\/li>\n<li>\n<p data-path-to-node=\"6,6,0\"><b data-path-to-node=\"6,6,0\" data-index-in-node=\"0\">Tex, Chantal Ladesou, Didou, Yves Lecoq<\/b> : Tous y ont fait des passages d\u00e9cisifs qui ont lanc\u00e9 ou acc\u00e9l\u00e9r\u00e9 leur carri\u00e8re.<\/p>\n<\/li>\n<\/ul>\n<p><img loading=\"lazy\" decoding=\"async\" class=\"alignnone wp-image-2612\" src=\"https:\/\/www.laurensoff.com\/wordpress\/wp-content\/uploads\/2026\/08\/1109694-philippe-bouvard.jpg\" alt=\"\" width=\"276\" height=\"184\" srcset=\"https:\/\/www.laurensoff.com\/wordpress\/wp-content\/uploads\/2026\/08\/1109694-philippe-bouvard.jpg 770w, https:\/\/www.laurensoff.com\/wordpress\/wp-content\/uploads\/2026\/08\/1109694-philippe-bouvard-300x200.jpg 300w, https:\/\/www.laurensoff.com\/wordpress\/wp-content\/uploads\/2026\/08\/1109694-philippe-bouvard-768x512.jpg 768w, https:\/\/www.laurensoff.com\/wordpress\/wp-content\/uploads\/2026\/08\/1109694-philippe-bouvard-600x400.jpg 600w\" sizes=\"auto, (max-width: 276px) 100vw, 276px\" \/><\/p>\n<p><img loading=\"lazy\" decoding=\"async\" class=\"alignnone wp-image-2614\" src=\"https:\/\/www.laurensoff.com\/wordpress\/wp-content\/uploads\/2026\/08\/cfdf2070-cb97-11dd-969a-6f84225fb886.webp\" alt=\"\" width=\"271\" height=\"149\" srcset=\"https:\/\/www.laurensoff.com\/wordpress\/wp-content\/uploads\/2026\/08\/cfdf2070-cb97-11dd-969a-6f84225fb886.webp 1200w, https:\/\/www.laurensoff.com\/wordpress\/wp-content\/uploads\/2026\/08\/cfdf2070-cb97-11dd-969a-6f84225fb886-300x165.webp 300w, https:\/\/www.laurensoff.com\/wordpress\/wp-content\/uploads\/2026\/08\/cfdf2070-cb97-11dd-969a-6f84225fb886-1024x562.webp 1024w, https:\/\/www.laurensoff.com\/wordpress\/wp-content\/uploads\/2026\/08\/cfdf2070-cb97-11dd-969a-6f84225fb886-768x422.webp 768w, https:\/\/www.laurensoff.com\/wordpress\/wp-content\/uploads\/2026\/08\/cfdf2070-cb97-11dd-969a-6f84225fb886-600x330.webp 600w\" sizes=\"auto, (max-width: 271px) 100vw, 271px\" \/><\/p>\n<p><img loading=\"lazy\" decoding=\"async\" class=\"alignnone wp-image-2615\" src=\"https:\/\/www.laurensoff.com\/wordpress\/wp-content\/uploads\/2026\/08\/images-7.jpg\" alt=\"\" width=\"176\" height=\"314\" srcset=\"https:\/\/www.laurensoff.com\/wordpress\/wp-content\/uploads\/2026\/08\/images-7.jpg 335w, https:\/\/www.laurensoff.com\/wordpress\/wp-content\/uploads\/2026\/08\/images-7-168x300.jpg 168w\" sizes=\"auto, (max-width: 176px) 100vw, 176px\" \/><\/p>\n","protected":false},"excerpt":{"rendered":"<p>RIP \ud83d\ude2d\ud83d\ude2d\ud83d\ude2dPhilippe La l\u00e9gende de la radio et animateur historique des \u00ab\u00a0Grosses t\u00eates\u00a0\u00bb, est mort&#8230;<\/p>\n","protected":false},"author":1,"featured_media":2611,"comment_status":"open","ping_status":"closed","sticky":false,"template":"","format":"standard","meta":{"_jetpack_newsletter_access":"","_jetpack_dont_email_post_to_subs":false,"_jetpack_newsletter_tier_id":0,"_jetpack_memberships_contains_paywalled_content":false,"_jetpack_feature_clip_id":0,"_jetpack_memberships_contains_paid_content":false,"footnotes":"","jetpack_publicize_message":"","jetpack_publicize_feature_enabled":true,"jetpack_social_post_already_shared":true,"jetpack_social_options":{"image_generator_settings":{"template":"highway","default_image_id":0,"font":"","enabled":false},"version":2},"jetpack_post_was_ever_published":false},"categories":[40,1300],"tags":[],"class_list":["post-2610","post","type-post","status-publish","format-standard","has-post-thumbnail","hentry","category-hommage","category-philippe-bouvard"],"jetpack_publicize_connections":[],"jetpack_sharing_enabled":true,"jetpack_featured_media_url":"https:\/\/www.laurensoff.com\/wordpress\/wp-content\/uploads\/2026\/08\/Bouvard-Grosses-tetes.jpg","_links":{"self":[{"href":"https:\/\/www.laurensoff.com\/wordpress\/wp-json\/wp\/v2\/posts\/2610","targetHints":{"allow":["GET"]}}],"collection":[{"href":"https:\/\/www.laurensoff.com\/wordpress\/wp-json\/wp\/v2\/posts"}],"about":[{"href":"https:\/\/www.laurensoff.com\/wordpress\/wp-json\/wp\/v2\/types\/post"}],"author":[{"embeddable":true,"href":"https:\/\/www.laurensoff.com\/wordpress\/wp-json\/wp\/v2\/users\/1"}],"replies":[{"embeddable":true,"href":"https:\/\/www.laurensoff.com\/wordpress\/wp-json\/wp\/v2\/comments?post=2610"}],"version-history":[{"count":2,"href":"https:\/\/www.laurensoff.com\/wordpress\/wp-json\/wp\/v2\/posts\/2610\/revisions"}],"predecessor-version":[{"id":2617,"href":"https:\/\/www.laurensoff.com\/wordpress\/wp-json\/wp\/v2\/posts\/2610\/revisions\/2617"}],"wp:featuredmedia":[{"embeddable":true,"href":"https:\/\/www.laurensoff.com\/wordpress\/wp-json\/wp\/v2\/media\/2611"}],"wp:attachment":[{"href":"https:\/\/www.laurensoff.com\/wordpress\/wp-json\/wp\/v2\/media?parent=2610"}],"wp:term":[{"taxonomy":"category","embeddable":true,"href":"https:\/\/www.laurensoff.com\/wordpress\/wp-json\/wp\/v2\/categories?post=2610"},{"taxonomy":"post_tag","embeddable":true,"href":"https:\/\/www.laurensoff.com\/wordpress\/wp-json\/wp\/v2\/tags?post=2610"}],"curies":[{"name":"wp","href":"https:\/\/api.w.org\/{rel}","templated":true}]}}