{"id":2593,"date":"2026-08-22T21:58:14","date_gmt":"2026-08-22T20:58:14","guid":{"rendered":"https:\/\/www.laurensoff.com\/wordpress\/?p=2593"},"modified":"2026-08-22T22:00:37","modified_gmt":"2026-08-22T21:00:37","slug":"dans-quel-sens-va-la-lune-de-gauche-a-droite-ou-de-droite-a-gauche","status":"publish","type":"post","link":"https:\/\/www.laurensoff.com\/wordpress\/dans-quel-sens-va-la-lune-de-gauche-a-droite-ou-de-droite-a-gauche\/","title":{"rendered":"Dans quel sens va la lune de gauche \u00e0 droite ou de droite \u00e0 gauche"},"content":{"rendered":"<p data-path-to-node=\"0\">Dans l&rsquo;h\u00e9misph\u00e8re nord, si vous regardez vers le sud, la Lune se d\u00e9place <b data-path-to-node=\"0\" data-index-in-node=\"73\">de gauche \u00e0 droite<\/b> au cours de la nuit, exactement comme le Soleil.<\/p>\n<p data-path-to-node=\"1\">Deux mouvements distincts expliquent ce qu&rsquo;on observe :<\/p>\n<p data-path-to-node=\"2\"><b data-path-to-node=\"2\" data-index-in-node=\"0\">1. Le mouvement apparent pendant la nuit (de gauche \u00e0 droite)<\/b><\/p>\n<ul data-path-to-node=\"3\">\n<li>\n<p data-path-to-node=\"3,0,0\"><b data-path-to-node=\"3,0,0\" data-index-in-node=\"0\">Ce qui se passe :<\/b> La Lune se l\u00e8ve \u00e0 l&rsquo;Est (\u00e0 votre gauche) et se couche \u00e0 l&rsquo;Ouest (\u00e0 votre droite).<\/p>\n<\/li>\n<li>\n<p data-path-to-node=\"3,1,0\"><b data-path-to-node=\"3,1,0\" data-index-in-node=\"0\">La cause :<\/b> C&rsquo;est une illusion d&rsquo;optique due \u00e0 la rotation de la Terre sur elle-m\u00eame. La Terre tourne vers l&rsquo;Est, ce qui donne l&rsquo;impression que tous les astres traversent le ciel d&rsquo;Est en Ouest.<\/p>\n<\/li>\n<\/ul>\n<div class=\"attachment-container search-images\"><\/div>\n<p data-path-to-node=\"5\"><b data-path-to-node=\"5\" data-index-in-node=\"0\">2. Le mouvement r\u00e9el sur plusieurs jours (de droite \u00e0 gauche)<\/b><\/p>\n<ul data-path-to-node=\"6\">\n<li>\n<p data-path-to-node=\"6,0,0\"><b data-path-to-node=\"6,0,0\" data-index-in-node=\"0\">Ce qui se passe :<\/b> Si vous notez la position de la Lune chaque soir \u00e0 la m\u00eame heure, vous remarquerez qu&rsquo;elle se d\u00e9cale d&rsquo;environ 13\u00b0 vers l&rsquo;Est par jour (donc vers la gauche).<\/p>\n<\/li>\n<li>\n<p data-path-to-node=\"6,1,0\"><b data-path-to-node=\"6,1,0\" data-index-in-node=\"0\">La cause :<\/b> C&rsquo;est le v\u00e9ritable d\u00e9placement de la Lune sur son orbite autour de la Terre, qu&rsquo;elle effectue d&rsquo;Ouest en Est en 27,3 jours.<\/p>\n<\/li>\n<\/ul>\n<p data-path-to-node=\"7\">Pour une observation \u00e0 l&rsquo;\u0153il nu au fil des heures, c&rsquo;est donc le sens <b data-path-to-node=\"7\" data-index-in-node=\"70\">gauche <span class=\"math-inline\" data-math=\"\\rightarrow\" data-index-in-node=\"77\">$\\rightarrow$<\/span> droite<\/b> qui pr\u00e9vaut.<\/p>\n<p data-path-to-node=\"0\">Pendant une \u00e9clipse solaire, la Lune semble traverser le disque du Soleil <b data-path-to-node=\"0\" data-index-in-node=\"74\">de la droite vers la gauche<\/b> (dans l&rsquo;h\u00e9misph\u00e8re nord, en regardant vers le sud). C&rsquo;est le <b data-path-to-node=\"0\" data-index-in-node=\"163\">mouvement r\u00e9el de la Lune<\/b> sur son orbite qui prend le dessus sur le mouvement apparent de la Terre.<\/p>\n<div class=\"attachment-container search-images\">\n<figure id=\"attachment_2594\" aria-describedby=\"caption-attachment-2594\" style=\"width: 540px\" class=\"wp-caption alignnone\"><img loading=\"lazy\" decoding=\"async\" class=\" wp-image-2594\" src=\"https:\/\/www.laurensoff.com\/wordpress\/wp-content\/uploads\/2026\/08\/732081894_4268257076722167_6988825429561720737_n.jpg\" alt=\"\" width=\"540\" height=\"443\" srcset=\"https:\/\/www.laurensoff.com\/wordpress\/wp-content\/uploads\/2026\/08\/732081894_4268257076722167_6988825429561720737_n.jpg 2048w, https:\/\/www.laurensoff.com\/wordpress\/wp-content\/uploads\/2026\/08\/732081894_4268257076722167_6988825429561720737_n-300x246.jpg 300w, https:\/\/www.laurensoff.com\/wordpress\/wp-content\/uploads\/2026\/08\/732081894_4268257076722167_6988825429561720737_n-1024x839.jpg 1024w, https:\/\/www.laurensoff.com\/wordpress\/wp-content\/uploads\/2026\/08\/732081894_4268257076722167_6988825429561720737_n-768x629.jpg 768w, https:\/\/www.laurensoff.com\/wordpress\/wp-content\/uploads\/2026\/08\/732081894_4268257076722167_6988825429561720737_n-1536x1259.jpg 1536w, https:\/\/www.laurensoff.com\/wordpress\/wp-content\/uploads\/2026\/08\/732081894_4268257076722167_6988825429561720737_n-600x492.jpg 600w\" sizes=\"auto, (max-width: 540px) 100vw, 540px\" \/><figcaption id=\"caption-attachment-2594\" class=\"wp-caption-text\">solar eclipse infographic. Stages of contact of the earth&rsquo;s satellite with the sun. Scheme of the direction of the sun&rsquo;s rays of light through the moon. Phases of solar eclipse on light blue background<\/figcaption><\/figure>\n<\/div>\n<p data-path-to-node=\"3\">Voici ce qui explique ce ph\u00e9nom\u00e8ne :<\/p>\n<ul data-path-to-node=\"4\">\n<li>\n<p data-path-to-node=\"4,0,0\"><b data-path-to-node=\"4,0,0\" data-index-in-node=\"0\">La vitesse en jeu :<\/b> La Lune tourne autour de la Terre d&rsquo;Ouest en Est (donc de droite \u00e0 gauche quand on regarde le Sud) \u00e0 environ <b data-path-to-node=\"4,0,0\" data-index-in-node=\"129\">3 400 km\/h<\/b>.<\/p>\n<\/li>\n<li>\n<p data-path-to-node=\"4,1,0\"><b data-path-to-node=\"4,1,0\" data-index-in-node=\"0\">Le rep\u00e8re visuel :<\/b> En temps normal, la Lune se d\u00e9place de gauche \u00e0 droite parce que la Terre tourne sur elle-m\u00eame encore plus vite que la Lune ne se d\u00e9place. Mais lors d&rsquo;une \u00e9clipse, votre point de r\u00e9f\u00e9rence n&rsquo;est plus le paysage : <b data-path-to-node=\"4,1,0\" data-index-in-node=\"232\">c&rsquo;est le Soleil lui-m\u00eame<\/b>.<\/p>\n<\/li>\n<li>\n<p data-path-to-node=\"4,2,0\"><b data-path-to-node=\"4,2,0\" data-index-in-node=\"0\">Le r\u00e9sultat :<\/b> Le Soleil et la Lune se d\u00e9pla\u00e7ant tous les deux de gauche \u00e0 droite dans le ciel \u00e0 cause de la rotation terrestre, la Lune \u00ab\u00a0double\u00a0\u00bb le Soleil par la droite. Elle \u00ab\u00a0grignote\u00a0\u00bb donc d&rsquo;abord le bord droit du Soleil pour ressortir par le bord gauche.<\/p>\n<\/li>\n<\/ul>\n<p data-path-to-node=\"5\">C&rsquo;est exactement comme lorsque deux voitures roulent c\u00f4te \u00e0 c\u00f4te sur l&rsquo;autoroute : si la voiture de gauche roule plus vite que celle de droite, du point de vue du conducteur de droite, la voiture semble d\u00e9passer par l&rsquo;arri\u00e8re puis glisser vers l&rsquo;avant.<\/p>\n<div class=\"container\">\n<div id=\"model-response-message-contentr_57d7fb482c90a444\" class=\"markdown markdown-main-panel md-content enable-luminous-fast-follows enable-updated-hr-color stronger\" dir=\"ltr\" aria-busy=\"false\" aria-live=\"polite\">\n<p data-path-to-node=\"0\">On ne voit pas la Lune avant qu&rsquo;elle ne touche le Soleil (ni apr\u00e8s en \u00eatre sortie) pour deux raisons physiques simples : la g\u00e9om\u00e9trie de son \u00e9clairage et la puissance de la lumi\u00e8re solaire.<\/p>\n<div class=\"attachment-container search-images\">\n<div class=\"image-container spark-licensed-center hide-from-message-actions ng-star-inserted\" data-full-size-image-uri=\"https:\/\/parlonssciences.ca\/sites\/default\/files\/styles\/width_800px\/public\/webimage-2024_Original_SolarvsLunarEclipse_FR_ResourceBody.png?itok=OWxWYY79\">\n<div class=\"overlay-container hero-overlay-container ng-star-inserted\"><button class=\"image-button ng-star-inserted\"><img loading=\"lazy\" decoding=\"async\" class=\"spark-licensed-square hero-image loaded\" src=\"https:\/\/encrypted-tbn0.gstatic.com\/images?q=tbn:ANd9GcQJRqNWeAQuf9DN9NFIYLGUp6MQ1STMWavVtQs2DiitI_rMhA6HAfwpD7w&amp;s=10\" alt=\"Alignement Terre-Lune-Soleil lors d'une \u00e9clipse, g\u00e9n\u00e9r\u00e9 par IA\" width=\"177\" height=\"177\" \/><\/button><\/p>\n<div class=\"hero-caption-row ng-star-inserted\">\n<div class=\"caption gds-extended-caption hero-caption ng-star-inserted\" aria-hidden=\"true\">Alignement Terre-Lune-Soleil lors d&rsquo;une \u00e9clipse. <span class=\"ng-star-inserted\">Source\u00a0: Parlons sciences<\/span><\/div>\n<\/div>\n<\/div>\n<\/div>\n<\/div>\n<p data-path-to-node=\"3\"><b data-path-to-node=\"3\" data-index-in-node=\"0\">1. La Lune nous pr\u00e9sente sa face cach\u00e9e par le Soleil<\/b> Pour qu&rsquo;une \u00e9clipse solaire se produise, la Lune doit se glisser exactement entre la Terre et le Soleil : c&rsquo;est la phase de <b data-path-to-node=\"3\" data-index-in-node=\"178\">Nouvelle Lune<\/b>.<\/p>\n<ul data-path-to-node=\"4\">\n<li>\n<p data-path-to-node=\"4,0,0\">Le Soleil \u00e9claire la face de la Lune qui est tourn\u00e9e <i data-path-to-node=\"4,0,0\" data-index-in-node=\"53\">vers lui<\/i>.<\/p>\n<\/li>\n<li>\n<p data-path-to-node=\"4,1,0\">La face tourn\u00e9e <i data-path-to-node=\"4,1,0\" data-index-in-node=\"16\">vers la Terre<\/i> se trouve enti\u00e8rement dans l&rsquo;ombre (c&rsquo;est la \u00ab\u00a0Nouvelle Lune\u00a0\u00bb).<\/p>\n<\/li>\n<li>\n<p data-path-to-node=\"4,2,0\">La Lune est donc totalement sombre du c\u00f4t\u00e9 o\u00f9 nous la regardons.<\/p>\n<\/li>\n<\/ul>\n<p data-path-to-node=\"5\"><b data-path-to-node=\"5\" data-index-in-node=\"0\">2. L&rsquo;\u00e9blouissement du ciel diurne<\/b> M\u00eame si la face de la Lune tourn\u00e9e vers nous refl\u00e8te une infime quantit\u00e9 de lumi\u00e8re (la \u00ab\u00a0lumi\u00e8re cendr\u00e9e\u00a0\u00bb), le Soleil brille \u00e0 c\u00f4t\u00e9 avec une puissance telle qu&rsquo;il \u00e9claire l&rsquo;atmosph\u00e8re terrestre. Le ciel est bleu clair et lumineux, ce qui masque compl\u00e8tement la silhouette noire de la Lune.<\/p>\n<p data-path-to-node=\"6\"><b data-path-to-node=\"6\" data-index-in-node=\"0\">Le seul moment o\u00f9 elle devient visible<\/b> La Lune \u00ab\u00a0invisible\u00a0\u00bb devient perceptible uniquement lorsqu&rsquo;elle commence \u00e0 d\u00e9couper le disque solaire. C&rsquo;est \u00e0 cet instant pr\u00e9cis que son ombre se d\u00e9tache en contraste vif sur le fond ultra-lumineux du Soleil.<\/p>\n<p data-path-to-node=\"7\">Lors d&rsquo;une \u00e9clipse <i data-path-to-node=\"7\" data-index-in-node=\"19\">totale<\/i>, pendant les quelques minutes o\u00f9 le Soleil est int\u00e9gralement masqu\u00e9, le ciel s&rsquo;assombrit brutalement : la silhouette noire de la Lune devient alors enfin visible, entour\u00e9e par la couronne solaire brillante.<\/p>\n<\/div>\n<\/div>\n","protected":false},"excerpt":{"rendered":"<p>Dans l&rsquo;h\u00e9misph\u00e8re nord, si vous regardez vers le sud, la Lune se d\u00e9place de gauche&#8230;<\/p>\n","protected":false},"author":1,"featured_media":2595,"comment_status":"open","ping_status":"closed","sticky":false,"template":"","format":"standard","meta":{"_jetpack_newsletter_access":"","_jetpack_dont_email_post_to_subs":false,"_jetpack_newsletter_tier_id":0,"_jetpack_memberships_contains_paywalled_content":false,"_jetpack_feature_clip_id":0,"_jetpack_memberships_contains_paid_content":false,"footnotes":"","jetpack_publicize_message":"","jetpack_publicize_feature_enabled":true,"jetpack_social_post_already_shared":true,"jetpack_social_options":{"image_generator_settings":{"template":"highway","default_image_id":0,"font":"","enabled":false},"version":2},"jetpack_post_was_ever_published":false},"categories":[1077,1161],"tags":[],"class_list":["post-2593","post","type-post","status-publish","format-standard","has-post-thumbnail","hentry","category-astronomie-agenda","category-eclipse-solaire"],"jetpack_publicize_connections":[],"jetpack_sharing_enabled":true,"jetpack_featured_media_url":"https:\/\/www.laurensoff.com\/wordpress\/wp-content\/uploads\/2026\/08\/licensed-image.jpg","_links":{"self":[{"href":"https:\/\/www.laurensoff.com\/wordpress\/wp-json\/wp\/v2\/posts\/2593","targetHints":{"allow":["GET"]}}],"collection":[{"href":"https:\/\/www.laurensoff.com\/wordpress\/wp-json\/wp\/v2\/posts"}],"about":[{"href":"https:\/\/www.laurensoff.com\/wordpress\/wp-json\/wp\/v2\/types\/post"}],"author":[{"embeddable":true,"href":"https:\/\/www.laurensoff.com\/wordpress\/wp-json\/wp\/v2\/users\/1"}],"replies":[{"embeddable":true,"href":"https:\/\/www.laurensoff.com\/wordpress\/wp-json\/wp\/v2\/comments?post=2593"}],"version-history":[{"count":4,"href":"https:\/\/www.laurensoff.com\/wordpress\/wp-json\/wp\/v2\/posts\/2593\/revisions"}],"predecessor-version":[{"id":2599,"href":"https:\/\/www.laurensoff.com\/wordpress\/wp-json\/wp\/v2\/posts\/2593\/revisions\/2599"}],"wp:featuredmedia":[{"embeddable":true,"href":"https:\/\/www.laurensoff.com\/wordpress\/wp-json\/wp\/v2\/media\/2595"}],"wp:attachment":[{"href":"https:\/\/www.laurensoff.com\/wordpress\/wp-json\/wp\/v2\/media?parent=2593"}],"wp:term":[{"taxonomy":"category","embeddable":true,"href":"https:\/\/www.laurensoff.com\/wordpress\/wp-json\/wp\/v2\/categories?post=2593"},{"taxonomy":"post_tag","embeddable":true,"href":"https:\/\/www.laurensoff.com\/wordpress\/wp-json\/wp\/v2\/tags?post=2593"}],"curies":[{"name":"wp","href":"https:\/\/api.w.org\/{rel}","templated":true}]}}