{"id":259,"date":"2025-08-23T15:25:00","date_gmt":"2025-08-23T15:25:00","guid":{"rendered":"https:\/\/www.laurensoff.com\/wordpress\/?p=259"},"modified":"2025-08-23T15:25:00","modified_gmt":"2025-08-23T15:25:00","slug":"formation-ou-stage-audio-video-et-cinema-par-laurens","status":"publish","type":"post","link":"https:\/\/www.laurensoff.com\/wordpress\/formation-ou-stage-audio-video-et-cinema-par-laurens\/","title":{"rendered":"Formation ou stage audio vid\u00e9o et cin\u00e9ma par LAURENS"},"content":{"rendered":"<h2>Proposition de formation vid\u00e9o par TV SUD by LAURENS<\/h2>\n<p>Cette formation est con\u00e7ue pour vous initier aux bases de la cr\u00e9ation vid\u00e9o et cin\u00e9matographique \u00e0 travers des activit\u00e9s pratiques et vari\u00e9es. L&rsquo;objectif est de vous permettre d&rsquo;acqu\u00e9rir des comp\u00e9tences techniques et cr\u00e9atives tout en s&rsquo;amusant.<\/p>\n<h3>Module 1 : Pr\u00e9paration et d\u00e9couverte<\/h3>\n<ul>\n<li><strong>Activit\u00e9 1 : De l&rsquo;id\u00e9e au sc\u00e9nario.<\/strong> Les stagiaires apprennent \u00e0 d\u00e9velopper une id\u00e9e, \u00e0 r\u00e9diger un synopsis, puis \u00e0 \u00e9crire un sc\u00e9nario simple. Sur un logiciel sp\u00e9cialis\u00e9 fourni. Cela peut se faire en groupe pour stimuler la cr\u00e9ativit\u00e9 collective.<\/li>\n<li><strong>Activit\u00e9 2 : Le d\u00e9coupage technique.<\/strong> Apr\u00e8s le sc\u00e9nario, les stagiaires apprennent \u00e0 d\u00e9couper leur film en plans. Ils dessinent un <strong>storyboard<\/strong> pour visualiser chaque sc\u00e8ne, en s&rsquo;exer\u00e7ant sur des types de plans (gros plan, plan large, etc.) et des mouvements de cam\u00e9ra.<\/li>\n<li><strong>Activit\u00e9 3 : Le mat\u00e9riel.<\/strong> Une session pour d\u00e9couvrir et manipuler le mat\u00e9riel de tournage : appareil photo ou cam\u00e9ra, tr\u00e9pied, micros, et \u00e9clairage simple (ring light, projecteurs LED). On insiste sur la prise en main et les r\u00e9glages de base (mise au point, exposition).<\/li>\n<\/ul>\n<h3>Module 2 : Tournage et prise de vue<\/h3>\n<ul>\n<li><strong>Activit\u00e9 1 : Jeu de r\u00f4les sur le plateau.<\/strong> Les stagiaires se r\u00e9partissent les r\u00f4les de l&rsquo;\u00e9quipe de tournage (r\u00e9alisateur, chef op\u00e9rateur, ing\u00e9nieur du son, etc.) et r\u00e9alisent une ou plusieurs sc\u00e8nes courtes. L&rsquo;id\u00e9e est de mettre en pratique ce qu&rsquo;ils ont appris sur le storyboard.<\/li>\n<li><strong>Activit\u00e9 2 : La lumi\u00e8re et le son.<\/strong> Des ateliers pratiques d\u00e9di\u00e9s \u00e0 l&rsquo;\u00e9clairage et \u00e0 la prise de son. Les \u00e9l\u00e8ves exp\u00e9rimentent comment cr\u00e9er une ambiance avec la lumi\u00e8re et comment enregistrer un son clair en utilisant diff\u00e9rents types de microphones.<\/li>\n<li><strong>Activit\u00e9 3 : Le journal de bord.<\/strong> Chaque groupe tient un journal de bord qui documente le processus de cr\u00e9ation de leur film : les d\u00e9fis rencontr\u00e9s, les solutions trouv\u00e9es, et les le\u00e7ons apprises. Cela aide \u00e0 la r\u00e9flexion et \u00e0 l&rsquo;analyse de leur propre travail.<\/li>\n<\/ul>\n<h3>Module 3 : Post-production et diffusion<\/h3>\n<ul>\n<li><strong>Activit\u00e9 1 : Le montage.<\/strong> Initiation \u00e0 un logiciel de montage simple et gratuit (Premi\u00e8re Pro, DaVinci Resolve, iMovie, CapCut). Les \u00e9l\u00e8ves apprennent les bases : couper des clips, les organiser, ajouter de la musique, du son, et du texte.<\/li>\n<li><strong>Activit\u00e9 2 : L&rsquo;\u00e9talonnage et les effets sonores.<\/strong> Une session pour am\u00e9liorer l&rsquo;image (couleurs, contraste) et le son. Les \u00e9l\u00e8ves d\u00e9couvrent l&rsquo;importance du <strong>montage son<\/strong> et de l&rsquo;\u00e9talonnage pour donner une identit\u00e9 visuelle et sonore \u00e0 leur film.<\/li>\n<li><strong>Activit\u00e9 3 : La projection.<\/strong> La formation se termine par une projection du film r\u00e9alis\u00e9 par les stagiaires. C&rsquo;est l&rsquo;occasion de c\u00e9l\u00e9brer leur travail, d&rsquo;obtenir des retours constructifs et de prendre conscience du r\u00e9sultat final.<\/li>\n<\/ul>\n<p>Chaque activit\u00e9 est con\u00e7ue pour \u00eatre \u00e0 la fois ludique et \u00e9ducative, en encourageant la collaboration et la cr\u00e9ativit\u00e9 des \u00e9l\u00e8ves.<\/p>\n<p>Si vous souhaitez plus de d\u00e9tails sur l&rsquo;un de ces modules, n&rsquo;h\u00e9sitez pas \u00e0 contacter LAURENS ! ici <a href=\"mailto:tvfsud@gmail.com?subject=Proposition de formation vid\u00e9o par TV SUD by LAURENS\">tvfsud@gmail.com<\/a><\/p>\n<p><img loading=\"lazy\" decoding=\"async\" class=\"alignnone size-medium wp-image-261\" src=\"https:\/\/www.laurensoff.com\/wordpress\/wp-content\/uploads\/2025\/08\/ce7dcf1c87e3-cineaudiovisuel-300x204.jpg\" alt=\"\" width=\"300\" height=\"204\" srcset=\"https:\/\/www.laurensoff.com\/wordpress\/wp-content\/uploads\/2025\/08\/ce7dcf1c87e3-cineaudiovisuel-300x204.jpg 300w, https:\/\/www.laurensoff.com\/wordpress\/wp-content\/uploads\/2025\/08\/ce7dcf1c87e3-cineaudiovisuel.jpg 600w\" sizes=\"auto, (max-width: 300px) 100vw, 300px\" \/><\/p>\n<p>&nbsp;<\/p>\n","protected":false},"excerpt":{"rendered":"<p>Proposition de formation vid\u00e9o par TV SUD by LAURENS Cette formation est con\u00e7ue pour vous&#8230;<\/p>\n","protected":false},"author":1,"featured_media":260,"comment_status":"open","ping_status":"closed","sticky":false,"template":"","format":"standard","meta":{"_bbp_topic_count":0,"_bbp_reply_count":0,"_bbp_total_topic_count":0,"_bbp_total_reply_count":0,"_bbp_voice_count":0,"_bbp_anonymous_reply_count":0,"_bbp_topic_count_hidden":0,"_bbp_reply_count_hidden":0,"_bbp_forum_subforum_count":0,"_crdt_document":"","_jetpack_memberships_contains_paid_content":false,"footnotes":"","jetpack_publicize_message":"","jetpack_publicize_feature_enabled":true,"jetpack_social_post_already_shared":false,"jetpack_social_options":{"image_generator_settings":{"template":"highway","default_image_id":0,"font":"","enabled":false},"version":2}},"categories":[5,3],"tags":[],"class_list":["post-259","post","type-post","status-publish","format-standard","has-post-thumbnail","hentry","category-cinema","category-film"],"jetpack_publicize_connections":[],"jetpack_featured_media_url":"https:\/\/www.laurensoff.com\/wordpress\/wp-content\/uploads\/2025\/08\/ecole-cinema-audiovisuelle-tournage-paris-etudiants.png","jetpack_sharing_enabled":true,"_links":{"self":[{"href":"https:\/\/www.laurensoff.com\/wordpress\/wp-json\/wp\/v2\/posts\/259","targetHints":{"allow":["GET"]}}],"collection":[{"href":"https:\/\/www.laurensoff.com\/wordpress\/wp-json\/wp\/v2\/posts"}],"about":[{"href":"https:\/\/www.laurensoff.com\/wordpress\/wp-json\/wp\/v2\/types\/post"}],"author":[{"embeddable":true,"href":"https:\/\/www.laurensoff.com\/wordpress\/wp-json\/wp\/v2\/users\/1"}],"replies":[{"embeddable":true,"href":"https:\/\/www.laurensoff.com\/wordpress\/wp-json\/wp\/v2\/comments?post=259"}],"version-history":[{"count":1,"href":"https:\/\/www.laurensoff.com\/wordpress\/wp-json\/wp\/v2\/posts\/259\/revisions"}],"predecessor-version":[{"id":262,"href":"https:\/\/www.laurensoff.com\/wordpress\/wp-json\/wp\/v2\/posts\/259\/revisions\/262"}],"wp:featuredmedia":[{"embeddable":true,"href":"https:\/\/www.laurensoff.com\/wordpress\/wp-json\/wp\/v2\/media\/260"}],"wp:attachment":[{"href":"https:\/\/www.laurensoff.com\/wordpress\/wp-json\/wp\/v2\/media?parent=259"}],"wp:term":[{"taxonomy":"category","embeddable":true,"href":"https:\/\/www.laurensoff.com\/wordpress\/wp-json\/wp\/v2\/categories?post=259"},{"taxonomy":"post_tag","embeddable":true,"href":"https:\/\/www.laurensoff.com\/wordpress\/wp-json\/wp\/v2\/tags?post=259"}],"curies":[{"name":"wp","href":"https:\/\/api.w.org\/{rel}","templated":true}]}}