{"id":2522,"date":"2026-08-16T12:58:30","date_gmt":"2026-08-16T11:58:30","guid":{"rendered":"https:\/\/www.laurensoff.com\/wordpress\/?p=2522"},"modified":"2026-08-17T17:33:20","modified_gmt":"2026-08-17T16:33:20","slug":"spectacle-musique-la-ciotat-lorchestre-almeras-music-live-en-concert-ce-soir-dirige-par-christophe-almera","status":"publish","type":"post","link":"https:\/\/www.laurensoff.com\/wordpress\/spectacle-musique-la-ciotat-lorchestre-almeras-music-live-en-concert-ce-soir-dirige-par-christophe-almera\/","title":{"rendered":"LA CIOTAT \/ L&rsquo;Orchestre Alm\u00e9ras Music Live en Concert ce soir dirig\u00e9 par Christophe Alm\u00e9ra"},"content":{"rendered":"<p>SPECTACLE \/ MUSIQUE \/ LA CIOTAT \/ L&rsquo;<span class=\"xv78j7m\" spellcheck=\"false\">Orchestre Alm\u00e9ras Music Live<\/span> en Concert ce soir dirig\u00e9 par <span class=\"xv78j7m\" spellcheck=\"false\">Christophe Alm\u00e9ras<\/span>, proposera un grand spectacle m\u00ealant musique, chant, danse et animations visuelles. Une revue festive r\u00e9unissant + de 15 artistes sur sc\u00e8ne.<br \/>\nDimanche 16 ao\u00fbt, 21h30, Place de l&rsquo;Escalet, gratuit.<\/p>\n<p><span class=\"x193iq5w xeuugli x13faqbe x1vvkbs x1xmvt09 x1lliihq x1s928wv xhkezso x1gmr53x x1cpjm7i x1fgarty x1943h6x xudqn12 x3x7a5m x6prxxf xvq8zen xo1l8bm xzsf02u x1yc453h\" dir=\"auto\">LA CIOTAT \/ <span class=\"html-span xexx8yu xyri2b x18d9i69 x1c1uobl x1hl2dhg x16tdsg8 x1vvkbs x3nfvp2 x1j61x8r x1fcty0u xdj266r xat24cr xm2jcoa x1mpyi22 xxymvpz xlup9mm x1kky2od\"><img loading=\"lazy\" decoding=\"async\" class=\"xz74otr x15mokao x1ga7v0g x16uus16 xbiv7yw\" src=\"https:\/\/static.xx.fbcdn.net\/images\/emoji.php\/v9\/t7e\/1\/16\/1f3a4.png\" alt=\"\ud83c\udfa4\" width=\"16\" height=\"16\" \/><\/span><span class=\"html-span xexx8yu xyri2b x18d9i69 x1c1uobl x1hl2dhg x16tdsg8 x1vvkbs x3nfvp2 x1j61x8r x1fcty0u xdj266r xat24cr xm2jcoa x1mpyi22 xxymvpz xlup9mm x1kky2od\"><img loading=\"lazy\" decoding=\"async\" class=\"xz74otr x15mokao x1ga7v0g x16uus16 xbiv7yw\" src=\"https:\/\/static.xx.fbcdn.net\/images\/emoji.php\/v9\/tc7\/1\/16\/1f483.png\" alt=\"\ud83d\udc83\" width=\"16\" height=\"16\" \/><\/span><span class=\"html-span xexx8yu xyri2b x18d9i69 x1c1uobl x1hl2dhg x16tdsg8 x1vvkbs x3nfvp2 x1j61x8r x1fcty0u xdj266r xat24cr xm2jcoa x1mpyi22 xxymvpz xlup9mm x1kky2od\"><img loading=\"lazy\" decoding=\"async\" class=\"xz74otr x15mokao x1ga7v0g x16uus16 xbiv7yw\" src=\"https:\/\/static.xx.fbcdn.net\/images\/emoji.php\/v9\/tf4\/1\/16\/2728.png\" alt=\"\u2728\" width=\"16\" height=\"16\" \/><\/span>Le SHOW de Orchestre Alm\u00e9ras <span class=\"html-span xdj266r x14z9mp xat24cr x1lziwak xexx8yu xyri2b x18d9i69 x1c1uobl x1hl2dhg x16tdsg8 x1vvkbs\">#Music<\/span> <span class=\"html-span xdj266r x14z9mp xat24cr x1lziwak xexx8yu xyri2b x18d9i69 x1c1uobl x1hl2dhg x16tdsg8 x1vvkbs\">#Live<\/span> \u00e0 La Ciotat encore un succ\u00e8s pour ce 16 A\u00f4ut 2026 On a rencontr\u00e9 Christophe Alm\u00e9ras, Bastien De Court chanteur, Les danseuses\/chanteuses, on a pos\u00e9 plein de questions. <\/span><\/p>\n<p><a href=\"https:\/\/www.facebook.com\/orchestrealmerasmusiclive\">https:\/\/www.facebook.com\/orchestrealmerasmusiclive<\/a><\/p>\n<p><iframe loading=\"lazy\" title=\"Le SHOW de Orchestre #Alm\u00e9ras #Music #Live \u00e0 La Ciotat encore un succ\u00e8s pour ce 16 Ao\u00fbt 2026\" src=\"https:\/\/www.youtube.com\/embed\/SLp9XenyGoo\" width=\"640\" height=\"320\" frameborder=\"0\" allowfullscreen=\"allowfullscreen\"><span style=\"display: inline-block; width: 0px; overflow: hidden; line-height: 0;\" data-mce-type=\"bookmark\" class=\"mce_SELRES_start\">\ufeff<\/span><span style=\"display: inline-block; width: 0px; overflow: hidden; line-height: 0;\" data-mce-type=\"bookmark\" class=\"mce_SELRES_start\">\ufeff<\/span><\/iframe><\/p>\n","protected":false},"excerpt":{"rendered":"<p>SPECTACLE \/ MUSIQUE \/ LA CIOTAT \/ L&rsquo;Orchestre Alm\u00e9ras Music Live en Concert ce soir&#8230;<\/p>\n","protected":false},"author":1,"featured_media":2523,"comment_status":"open","ping_status":"closed","sticky":false,"template":"","format":"standard","meta":{"_jetpack_newsletter_access":"","_jetpack_dont_email_post_to_subs":false,"_jetpack_newsletter_tier_id":0,"_jetpack_memberships_contains_paywalled_content":false,"_jetpack_feature_clip_id":0,"_jetpack_memberships_contains_paid_content":false,"footnotes":"","jetpack_publicize_message":"","jetpack_publicize_feature_enabled":true,"jetpack_social_post_already_shared":true,"jetpack_social_options":{"image_generator_settings":{"template":"highway","default_image_id":0,"font":"","enabled":false},"version":2},"jetpack_post_was_ever_published":false},"categories":[1250],"tags":[1253,1257,99,1254,37,1251,1252,1255,1258,1256,1259,1260],"class_list":["post-2522","post","type-post","status-publish","format-standard","has-post-thumbnail","hentry","category-orchestre-almeras","tag-almeras","tag-chantiers-navals","tag-concert","tag-feu-dartifice","tag-la-ciotat","tag-live-en-concert","tag-music-live","tag-port-vieux","tag-shipyard","tag-vieux-port","tag-yacht","tag-yachting"],"jetpack_publicize_connections":[],"jetpack_sharing_enabled":true,"jetpack_featured_media_url":"https:\/\/www.laurensoff.com\/wordpress\/wp-content\/uploads\/2026\/08\/ic_large_w900h600q100_almeras-2026.jpg","_links":{"self":[{"href":"https:\/\/www.laurensoff.com\/wordpress\/wp-json\/wp\/v2\/posts\/2522","targetHints":{"allow":["GET"]}}],"collection":[{"href":"https:\/\/www.laurensoff.com\/wordpress\/wp-json\/wp\/v2\/posts"}],"about":[{"href":"https:\/\/www.laurensoff.com\/wordpress\/wp-json\/wp\/v2\/types\/post"}],"author":[{"embeddable":true,"href":"https:\/\/www.laurensoff.com\/wordpress\/wp-json\/wp\/v2\/users\/1"}],"replies":[{"embeddable":true,"href":"https:\/\/www.laurensoff.com\/wordpress\/wp-json\/wp\/v2\/comments?post=2522"}],"version-history":[{"count":4,"href":"https:\/\/www.laurensoff.com\/wordpress\/wp-json\/wp\/v2\/posts\/2522\/revisions"}],"predecessor-version":[{"id":2527,"href":"https:\/\/www.laurensoff.com\/wordpress\/wp-json\/wp\/v2\/posts\/2522\/revisions\/2527"}],"wp:featuredmedia":[{"embeddable":true,"href":"https:\/\/www.laurensoff.com\/wordpress\/wp-json\/wp\/v2\/media\/2523"}],"wp:attachment":[{"href":"https:\/\/www.laurensoff.com\/wordpress\/wp-json\/wp\/v2\/media?parent=2522"}],"wp:term":[{"taxonomy":"category","embeddable":true,"href":"https:\/\/www.laurensoff.com\/wordpress\/wp-json\/wp\/v2\/categories?post=2522"},{"taxonomy":"post_tag","embeddable":true,"href":"https:\/\/www.laurensoff.com\/wordpress\/wp-json\/wp\/v2\/tags?post=2522"}],"curies":[{"name":"wp","href":"https:\/\/api.w.org\/{rel}","templated":true}]}}