{"id":252,"date":"2025-08-23T13:27:23","date_gmt":"2025-08-23T13:27:23","guid":{"rendered":"https:\/\/www.laurensoff.com\/wordpress\/?p=252"},"modified":"2025-08-23T13:29:06","modified_gmt":"2025-08-23T13:29:06","slug":"50-ans-de-lete-indien-et-45-ans-du-depart-de-joe-dassin","status":"publish","type":"post","link":"https:\/\/www.laurensoff.com\/wordpress\/50-ans-de-lete-indien-et-45-ans-du-depart-de-joe-dassin\/","title":{"rendered":"\ud83c\udf82\ud83c\udf7e\ud83c\udf8150 ans de l&rsquo;\u00e9t\u00e9 Indien et 45 ans du d\u00e9part de Joe Dassin"},"content":{"rendered":"<p><iframe loading=\"lazy\" title=\"Joe Dassin - L'\u00e9t\u00e9 indien (1975)\" src=\"https:\/\/www.youtube.com\/embed\/cN-OCHlfRTU\" width=\"938\" height=\"686\" frameborder=\"0\" allowfullscreen=\"allowfullscreen\"><\/iframe><\/p>\n<div class=\"ooz73 u5PNAc\">\n<div>\n<div class=\"ujudUb\">Tu sais, je n&rsquo;ai jamais \u00e9t\u00e9 aussi heureux que ce matin-l\u00e0<br aria-hidden=\"true\" \/>Nous marchions sur une plage un peu comme celle-ci<br aria-hidden=\"true\" \/>C&rsquo;\u00e9tait l&rsquo;automne, un automne o\u00f9 il faisait beau<br aria-hidden=\"true\" \/>Une saison qui n&rsquo;existe que dans le Nord de l&rsquo;Am\u00e9rique<\/div>\n<div class=\"ujudUb\">L\u00e0-bas on l&rsquo;appelle l&rsquo;\u00e9t\u00e9 indien<br aria-hidden=\"true\" \/>Mais c&rsquo;\u00e9tait tout simplement le n\u00f4tre<br aria-hidden=\"true\" \/>Avec ta robe longue tu ressemblais<br aria-hidden=\"true\" \/>\u00c0 une aquarelle de Marie Laurencin<br aria-hidden=\"true\" \/>Et je me souviens, je me souviens tr\u00e8s bien<br aria-hidden=\"true\" \/>De ce que je t&rsquo;ai dit ce matin-l\u00e0<br aria-hidden=\"true\" \/>Il y a un an, y a un si\u00e8cle, y a une \u00e9ternit\u00e9<\/div>\n<div class=\"ujudUb\">On ira o\u00f9 tu voudras, quand tu voudras<br aria-hidden=\"true\" \/>Et l&rsquo;on s&rsquo;aimera encore, lorsque l&rsquo;amour sera mort<br aria-hidden=\"true\" \/>Toute la vie sera pareille \u00e0 ce matin<br aria-hidden=\"true\" \/>Aux couleurs de l&rsquo;\u00e9t\u00e9 indien<\/div>\n<div class=\"ujudUb\">Aujourd&rsquo;hui, je suis tr\u00e8s loin de ce matin d&rsquo;automne<br aria-hidden=\"true\" \/>Mais c&rsquo;est comme si j&rsquo;y \u00e9tais<br aria-hidden=\"true\" \/>Je pense \u00e0 toi<br aria-hidden=\"true\" \/>O\u00f9 es-tu<br aria-hidden=\"true\" \/>Que fais-tu<br aria-hidden=\"true\" \/>Est-ce que j&rsquo;existe encore pour toi<\/div>\n<div class=\"ujudUb\">Je regarde cette vague qui n&rsquo;atteindra jamais la dune<br aria-hidden=\"true\" \/>Tu vois, comme elle, je reviens en arri\u00e8re<br aria-hidden=\"true\" \/>Comme elle je me couche sur le sable<br aria-hidden=\"true\" \/>Et je me souviens<br aria-hidden=\"true\" \/>Je me souviens des mar\u00e9es hautes<br aria-hidden=\"true\" \/>Du soleil et du bonheur qui passaient sur la mer<br aria-hidden=\"true\" \/>Il y a une \u00e9ternit\u00e9, un si\u00e8cle, il y a un an<\/div>\n<div class=\"ujudUb\">On ira o\u00f9 tu voudras, quand tu voudras<br aria-hidden=\"true\" \/>Et on s&rsquo;aimera encore, lorsque l&rsquo;amour sera mort<br aria-hidden=\"true\" \/>Toute la vie sera pareille \u00e0 ce matin<br aria-hidden=\"true\" \/>Aux couleurs de l&rsquo;\u00e9t\u00e9 indien<\/div>\n<div class=\"ujudUb\">On ira o\u00f9 tu voudras, quand tu voudras (on ira, tu voudras)<br aria-hidden=\"true\" \/>Et on s&rsquo;aimera encore, lorsque l&rsquo;amour sera mort (et on s&rsquo;aimera encore)<br aria-hidden=\"true\" \/>Toute la vie sera pareille \u00e0 ce matin (toute la vie, \u00e0 ce matin)<br aria-hidden=\"true\" \/>Aux couleurs de l&rsquo;\u00e9t\u00e9 indien (couleurs, couleurs de l&rsquo;\u00e9t\u00e9 indien)<\/div>\n<div class=\"ujudUb\">On s&rsquo;aimera encore<br aria-hidden=\"true\" \/>Toute la vie (toute la vie)<\/div>\n<div class=\"ujudUb WRZytc\">Ce matin<\/div>\n<\/div>\n<\/div>\n<div class=\"f41I7 ai4HXb j04ED\">Source\u00a0:\u00a0<span class=\"S4TQId\"><a href=\"https:\/\/www.musixmatch.com\/pro\/\" data-ved=\"2ahUKEwjk_KKAhKGPAxWgVKQEHaJOBvwQ5s4FegQIIRAC\">Musixmatch<\/a><\/span><\/div>\n<div class=\"f41I7 ai4HXb\" data-ved=\"2ahUKEwjk_KKAhKGPAxWgVKQEHaJOBvwQycMBKAB6BAghEAM\">\n<div class=\"auw0zb\">Paroliers\u00a0: Salvatore Cutugno \/ Graham Stuart Johnson \/ Vito Pallavicini \/ Pasquale Losito<\/div>\n<div class=\"auw0zb\">Paroles de L&rsquo;\u00c9t\u00e9 indien \u00a9 Curci Edizioni S.r.l., Pianeta Ediz.mus.snc<\/div>\n<\/div>\n","protected":false},"excerpt":{"rendered":"<p>Tu sais, je n&rsquo;ai jamais \u00e9t\u00e9 aussi heureux que ce matin-l\u00e0Nous marchions sur une plage&#8230;<\/p>\n","protected":false},"author":1,"featured_media":253,"comment_status":"open","ping_status":"closed","sticky":false,"template":"","format":"standard","meta":{"_bbp_topic_count":0,"_bbp_reply_count":0,"_bbp_total_topic_count":0,"_bbp_total_reply_count":0,"_bbp_voice_count":0,"_bbp_anonymous_reply_count":0,"_bbp_topic_count_hidden":0,"_bbp_reply_count_hidden":0,"_bbp_forum_subforum_count":0,"_crdt_document":"","_jetpack_memberships_contains_paid_content":false,"footnotes":"","jetpack_publicize_message":"","jetpack_publicize_feature_enabled":true,"jetpack_social_post_already_shared":false,"jetpack_social_options":{"image_generator_settings":{"template":"highway","default_image_id":0,"font":"","enabled":false},"version":2}},"categories":[11],"tags":[111,110,109,108,107,106],"class_list":["post-252","post","type-post","status-publish","format-standard","has-post-thumbnail","hentry","category-musique","tag-45-ans","tag-50-ans","tag-anniversaire","tag-chanson","tag-joe-dassin","tag-lete-indien"],"jetpack_publicize_connections":[],"jetpack_featured_media_url":"https:\/\/www.laurensoff.com\/wordpress\/wp-content\/uploads\/2025\/08\/channels4_profile.jpg","jetpack_sharing_enabled":true,"_links":{"self":[{"href":"https:\/\/www.laurensoff.com\/wordpress\/wp-json\/wp\/v2\/posts\/252","targetHints":{"allow":["GET"]}}],"collection":[{"href":"https:\/\/www.laurensoff.com\/wordpress\/wp-json\/wp\/v2\/posts"}],"about":[{"href":"https:\/\/www.laurensoff.com\/wordpress\/wp-json\/wp\/v2\/types\/post"}],"author":[{"embeddable":true,"href":"https:\/\/www.laurensoff.com\/wordpress\/wp-json\/wp\/v2\/users\/1"}],"replies":[{"embeddable":true,"href":"https:\/\/www.laurensoff.com\/wordpress\/wp-json\/wp\/v2\/comments?post=252"}],"version-history":[{"count":2,"href":"https:\/\/www.laurensoff.com\/wordpress\/wp-json\/wp\/v2\/posts\/252\/revisions"}],"predecessor-version":[{"id":255,"href":"https:\/\/www.laurensoff.com\/wordpress\/wp-json\/wp\/v2\/posts\/252\/revisions\/255"}],"wp:featuredmedia":[{"embeddable":true,"href":"https:\/\/www.laurensoff.com\/wordpress\/wp-json\/wp\/v2\/media\/253"}],"wp:attachment":[{"href":"https:\/\/www.laurensoff.com\/wordpress\/wp-json\/wp\/v2\/media?parent=252"}],"wp:term":[{"taxonomy":"category","embeddable":true,"href":"https:\/\/www.laurensoff.com\/wordpress\/wp-json\/wp\/v2\/categories?post=252"},{"taxonomy":"post_tag","embeddable":true,"href":"https:\/\/www.laurensoff.com\/wordpress\/wp-json\/wp\/v2\/tags?post=252"}],"curies":[{"name":"wp","href":"https:\/\/api.w.org\/{rel}","templated":true}]}}