{"id":2485,"date":"2026-08-14T13:22:45","date_gmt":"2026-08-14T12:22:45","guid":{"rendered":"https:\/\/www.laurensoff.com\/wordpress\/?p=2485"},"modified":"2026-08-14T13:31:59","modified_gmt":"2026-08-14T12:31:59","slug":"saint-cyr-vintage-2026-organise-a-saint-cyr-sur-mer-un-classique-de-fin-dete-dans-le-var","status":"publish","type":"post","link":"https:\/\/www.laurensoff.com\/wordpress\/saint-cyr-vintage-2026-organise-a-saint-cyr-sur-mer-un-classique-de-fin-dete-dans-le-var\/","title":{"rendered":"10\u1d49 \u00e9dition de Saint-Cyr Vintage 22 Aout \u00e0 Saint-Cyr-sur-Mer un classique de fin d&rsquo;\u00e9t\u00e9 dans le Var !"},"content":{"rendered":"<div class=\"container\">\n<div id=\"model-response-message-contentr_5257b8b91e1f55fc\" class=\"markdown markdown-main-panel md-content enable-luminous-fast-follows enable-updated-hr-color stronger\" dir=\"ltr\" aria-busy=\"false\" aria-live=\"polite\">\n<p data-path-to-node=\"0\"><b data-path-to-node=\"0\" data-index-in-node=\"52\">Saint-Cyr Vintage<\/b>, organis\u00e9 \u00e0 <b data-path-to-node=\"0\" data-index-in-node=\"82\">Saint-Cyr-sur-Mer<\/b> (un classique de fin d&rsquo;\u00e9t\u00e9 dans le Var) !<\/p>\n<p data-path-to-node=\"1\">Cette ann\u00e9e, l&rsquo;\u00e9v\u00e9nement a une saveur toute particuli\u00e8re puisqu&rsquo;il marque la <b data-path-to-node=\"1\" data-index-in-node=\"77\">10\u1d49 \u00e9dition<\/b> de la manifestation, organis\u00e9e traditionnellement dans le cadre des c\u00e9l\u00e9brations de la <b data-path-to-node=\"1\" data-index-in-node=\"176\">Lib\u00e9ration de la ville<\/b>.<\/p>\n<h2 data-path-to-node=\"3\">\ud83d\udcc5 Infos pratiques<\/h2>\n<ul data-path-to-node=\"4\">\n<li>\n<p data-path-to-node=\"4,0,0\"><b data-path-to-node=\"4,0,0\" data-index-in-node=\"0\">Date :<\/b> <span class=\"citation-43 citation-end-43\">Samedi 22 ao\u00fbt 2026<\/span><\/p>\n<\/li>\n<li>\n<p data-path-to-node=\"4,1,0\"><b data-path-to-node=\"4,1,0\" data-index-in-node=\"0\"><span class=\"citation-42 citation-end-42\">Horaires :<\/span><\/b> <span class=\"citation-41 citation-end-41\">De 10h00 \u00e0 19h00<\/span><\/p>\n<\/li>\n<li>\n<p data-path-to-node=\"4,2,0\"><b data-path-to-node=\"4,2,0\" data-index-in-node=\"0\"><span class=\"citation-40 citation-end-40\">Lieu :<\/span><\/b> <span class=\"citation-39 citation-end-39\">Centre-ville et Parking Gabriel P\u00e9ri, Saint-Cyr-sur-Mer<\/span><\/p>\n<\/li>\n<li>\n<p data-path-to-node=\"4,3,0\"><b data-path-to-node=\"4,3,0\" data-index-in-node=\"0\"><span class=\"citation-38 citation-end-38\">Acc\u00e8s :<\/span><\/b> <span class=\"citation-37 citation-end-37\">Entr\u00e9e libre<\/span><\/p>\n<div class=\"source-inline-chip-container luminous-sources hide-from-message-actions ng-star-inserted\">\n<div class=\"source-label-container gds-body-s ng-star-inserted\" dir=\"auto\">\n<div class=\"container\">\n<div id=\"model-response-message-contentr_fdfe0164a748c397\" class=\"markdown markdown-main-panel md-content enable-luminous-fast-follows enable-updated-hr-color stronger\" dir=\"ltr\" aria-busy=\"false\" aria-live=\"polite\">\n<p data-path-to-node=\"0\">Voici les liens vers le site officiel ainsi que les canaux de communication et r\u00e9seaux sociaux de la ville de Saint-Cyr-sur-Mer :<\/p>\n<h3 data-path-to-node=\"1\">\ud83c\udf10 Site Internet Officiel<\/h3>\n<ul data-path-to-node=\"2\">\n<li>\n<p data-path-to-node=\"2,0,0\"><b data-path-to-node=\"2,0,0\" data-index-in-node=\"0\"><span class=\"citation-82 citation-end-82\">Site de la Mairie :<\/span><\/b> <a class=\"ng-star-inserted\" href=\"https:\/\/www.saintcyrsurmer.fr\/\" target=\"_blank\" rel=\"noopener\" data-hveid=\"0\" data-ved=\"0CAAQ_4QMahgKEwjz_NnGjKCWAxUAAAAAHQAAAAAQ0AE\"><span class=\"citation-81\">saintcyrsurmer.fr<\/span><\/a><\/p>\n<\/li>\n<li>\n<p data-path-to-node=\"2,1,0\"><b data-path-to-node=\"2,1,0\" data-index-in-node=\"0\">Office de Tourisme :<\/b> <a class=\"ng-star-inserted\" href=\"https:\/\/www.saintcyrsurmer.com\/\" target=\"_blank\" rel=\"noopener\" data-hveid=\"0\" data-ved=\"0CAAQ_4QMahgKEwjz_NnGjKCWAxUAAAAAHQAAAAAQ0gE\">saintcyrsurmer.com<\/a><\/p>\n<\/li>\n<\/ul>\n<h3 data-path-to-node=\"4\">\ud83d\udcf2 R\u00e9seaux Sociaux &amp; Vid\u00e9o<\/h3>\n<ul data-path-to-node=\"5\">\n<li>\n<p data-path-to-node=\"5,0,0\"><b data-path-to-node=\"5,0,0\" data-index-in-node=\"0\"><span class=\"citation-80 citation-end-80\">Facebook :<\/span><\/b> <a class=\"ng-star-inserted\" href=\"https:\/\/www.facebook.com\/villedesaintcyrsurmer\" target=\"_blank\" rel=\"noopener\" data-hveid=\"0\" data-ved=\"0CAAQ_4QMahgKEwjz_NnGjKCWAxUAAAAAHQAAAAAQ0wE\">Ville de Saint Cyr Sur Mer<\/a><\/p>\n<\/li>\n<li>\n<p data-path-to-node=\"5,1,0\"><b data-path-to-node=\"5,1,0\" data-index-in-node=\"0\"><span class=\"citation-79 citation-end-79\">Instagram :<\/span><\/b> <a class=\"ng-star-inserted\" href=\"https:\/\/www.google.com\/search?q=https:\/\/www.instagram.com\/saintcyrsurmer\/\" target=\"_blank\" rel=\"noopener\" data-hveid=\"0\" data-ved=\"0CAAQ_4QMahgKEwjz_NnGjKCWAxUAAAAAHQAAAAAQ1QE\">@saintcyrsurmer<\/a><\/p>\n<\/li>\n<li>\n<p data-path-to-node=\"5,2,0\"><b data-path-to-node=\"5,2,0\" data-index-in-node=\"0\"><span class=\"citation-78 citation-end-78\">YouTube :<\/span><\/b> <a class=\"ng-star-inserted\" href=\"https:\/\/www.google.com\/search?q=https:\/\/www.youtube.com\/%40villedesaintcyrsurmer\" target=\"_blank\" rel=\"noopener\" data-hveid=\"0\" data-ved=\"0CAAQ_4QMahgKEwjz_NnGjKCWAxUAAAAAHQAAAAAQ1wE\"><span class=\"citation-77\">Ville de Saint Cyr Sur Mer<\/span><\/a><\/p>\n<\/li>\n<li>\n<p data-path-to-node=\"5,3,0\"><b data-path-to-node=\"5,3,0\" data-index-in-node=\"0\"><span class=\"citation-76 citation-end-76\">LinkedIn :<\/span><\/b> <a class=\"ng-star-inserted\" href=\"https:\/\/www.google.com\/search?q=https:\/\/www.linkedin.com\/company\/ville-de-saint-cyr-sur-mer\" target=\"_blank\" rel=\"noopener\" data-hveid=\"0\" data-ved=\"0CAAQ_4QMahgKEwjz_NnGjKCWAxUAAAAAHQAAAAAQ2QE\">Ville de Saint-Cyr-sur-Mer<\/a><\/p>\n<\/li>\n<\/ul>\n<\/div>\n<\/div>\n<\/div>\n<\/div>\n<\/li>\n<\/ul>\n<h2 data-path-to-node=\"6\">\ud83c\udfb8 Le programme &amp; les temps forts<\/h2>\n<p data-path-to-node=\"7\">L&rsquo;\u00e9v\u00e9nement replonge le c\u0153ur de la ville dans l&rsquo;ambiance r\u00e9tro des ann\u00e9es 50 et 60 :<\/p>\n<ul data-path-to-node=\"8\">\n<li>\n<p data-path-to-node=\"8,0,0\"><b data-path-to-node=\"8,0,0\" data-index-in-node=\"0\"><span class=\"citation-36 citation-end-36\">Village Vintage &amp; Food Trucks :<\/span><\/b> Stands d&rsquo;objets r\u00e9tro, v\u00eatements d&rsquo;\u00e9poque, accessoires, vinyles et espaces gourmands sur place.<\/p>\n<\/li>\n<li>\n<p data-path-to-node=\"8,1,0\"><b data-path-to-node=\"8,1,0\" data-index-in-node=\"0\"><span class=\"citation-35 citation-end-35\">Exposition &amp; D\u00e9fil\u00e9 de v\u00e9hicules anciens :<\/span><\/b> Pr\u00e9sentation de voitures, motos et m\u00e9caniques d&rsquo;\u00e9poque.<\/p>\n<\/li>\n<li>\n<p data-path-to-node=\"8,2,0\"><b data-path-to-node=\"8,2,0\" data-index-in-node=\"0\"><span class=\"citation-34 citation-end-34\">D\u00e9fil\u00e9 de Pin-ups :<\/span><\/b> Pr\u00e9sentation et concours\/d\u00e9fil\u00e9 en tenues vintage d&rsquo;\u00e9poque.<\/p>\n<\/li>\n<li>\n<p data-path-to-node=\"8,3,0\"><b data-path-to-node=\"8,3,0\" data-index-in-node=\"0\"><span class=\"citation-33 citation-end-33\">Ambiance musicale &amp; Animations :<\/span><\/b> Musique r\u00e9tro en continu, animations de rue et concerts pour rythmer la journ\u00e9e.<\/p>\n<\/li>\n<\/ul>\n<p data-path-to-node=\"9\">N&rsquo;h\u00e9sitez pas \u00e0 jouer le jeu en venant habill\u00e9(e) dans le th\u00e8me vintage pour vous fondre dans l&rsquo;ambiance !<\/p>\n<p data-path-to-node=\"9\"><img loading=\"lazy\" decoding=\"async\" class=\"alignnone  wp-image-2488\" src=\"https:\/\/www.laurensoff.com\/wordpress\/wp-content\/uploads\/2026\/08\/767068685_1475967971240167_4522274491524710637_n.jpg\" alt=\"\" width=\"423\" height=\"598\" srcset=\"https:\/\/www.laurensoff.com\/wordpress\/wp-content\/uploads\/2026\/08\/767068685_1475967971240167_4522274491524710637_n.jpg 1240w, https:\/\/www.laurensoff.com\/wordpress\/wp-content\/uploads\/2026\/08\/767068685_1475967971240167_4522274491524710637_n-212x300.jpg 212w, https:\/\/www.laurensoff.com\/wordpress\/wp-content\/uploads\/2026\/08\/767068685_1475967971240167_4522274491524710637_n-724x1024.jpg 724w, https:\/\/www.laurensoff.com\/wordpress\/wp-content\/uploads\/2026\/08\/767068685_1475967971240167_4522274491524710637_n-768x1086.jpg 768w, https:\/\/www.laurensoff.com\/wordpress\/wp-content\/uploads\/2026\/08\/767068685_1475967971240167_4522274491524710637_n-1086x1536.jpg 1086w, https:\/\/www.laurensoff.com\/wordpress\/wp-content\/uploads\/2026\/08\/767068685_1475967971240167_4522274491524710637_n-1024x1448.jpg 1024w, https:\/\/www.laurensoff.com\/wordpress\/wp-content\/uploads\/2026\/08\/767068685_1475967971240167_4522274491524710637_n-600x849.jpg 600w\" sizes=\"auto, (max-width: 423px) 100vw, 423px\" \/><\/p>\n<p data-path-to-node=\"9\">\n<\/div>\n<\/div>\n","protected":false},"excerpt":{"rendered":"<p>Saint-Cyr Vintage, organis\u00e9 \u00e0 Saint-Cyr-sur-Mer (un classique de fin d&rsquo;\u00e9t\u00e9 dans le Var) ! Cette&#8230;<\/p>\n","protected":false},"author":1,"featured_media":2493,"comment_status":"open","ping_status":"closed","sticky":false,"template":"","format":"standard","meta":{"_jetpack_newsletter_access":"","_jetpack_dont_email_post_to_subs":false,"_jetpack_newsletter_tier_id":0,"_jetpack_memberships_contains_paywalled_content":false,"_jetpack_feature_clip_id":0,"_jetpack_memberships_contains_paid_content":false,"footnotes":"","jetpack_publicize_message":"","jetpack_publicize_feature_enabled":true,"jetpack_social_post_already_shared":true,"jetpack_social_options":{"image_generator_settings":{"template":"highway","default_image_id":0,"font":"","enabled":false},"version":2},"jetpack_post_was_ever_published":false},"categories":[1228],"tags":[486,89,1229],"class_list":["post-2485","post","type-post","status-publish","format-standard","has-post-thumbnail","hentry","category-vintage","tag-486","tag-saint-cyr-sur-mer","tag-vintage"],"jetpack_publicize_connections":[],"jetpack_sharing_enabled":true,"jetpack_featured_media_url":"https:\/\/www.laurensoff.com\/wordpress\/wp-content\/uploads\/2026\/08\/sgsgfsg.jpg","_links":{"self":[{"href":"https:\/\/www.laurensoff.com\/wordpress\/wp-json\/wp\/v2\/posts\/2485","targetHints":{"allow":["GET"]}}],"collection":[{"href":"https:\/\/www.laurensoff.com\/wordpress\/wp-json\/wp\/v2\/posts"}],"about":[{"href":"https:\/\/www.laurensoff.com\/wordpress\/wp-json\/wp\/v2\/types\/post"}],"author":[{"embeddable":true,"href":"https:\/\/www.laurensoff.com\/wordpress\/wp-json\/wp\/v2\/users\/1"}],"replies":[{"embeddable":true,"href":"https:\/\/www.laurensoff.com\/wordpress\/wp-json\/wp\/v2\/comments?post=2485"}],"version-history":[{"count":5,"href":"https:\/\/www.laurensoff.com\/wordpress\/wp-json\/wp\/v2\/posts\/2485\/revisions"}],"predecessor-version":[{"id":2494,"href":"https:\/\/www.laurensoff.com\/wordpress\/wp-json\/wp\/v2\/posts\/2485\/revisions\/2494"}],"wp:featuredmedia":[{"embeddable":true,"href":"https:\/\/www.laurensoff.com\/wordpress\/wp-json\/wp\/v2\/media\/2493"}],"wp:attachment":[{"href":"https:\/\/www.laurensoff.com\/wordpress\/wp-json\/wp\/v2\/media?parent=2485"}],"wp:term":[{"taxonomy":"category","embeddable":true,"href":"https:\/\/www.laurensoff.com\/wordpress\/wp-json\/wp\/v2\/categories?post=2485"},{"taxonomy":"post_tag","embeddable":true,"href":"https:\/\/www.laurensoff.com\/wordpress\/wp-json\/wp\/v2\/tags?post=2485"}],"curies":[{"name":"wp","href":"https:\/\/api.w.org\/{rel}","templated":true}]}}