{"id":2482,"date":"2026-08-14T13:15:05","date_gmt":"2026-08-14T12:15:05","guid":{"rendered":"https:\/\/www.laurensoff.com\/wordpress\/?p=2482"},"modified":"2026-08-14T13:15:05","modified_gmt":"2026-08-14T12:15:05","slug":"les-ceyrestines-gypsy-live-a-ceyreste-le-14-aout","status":"publish","type":"post","link":"https:\/\/www.laurensoff.com\/wordpress\/les-ceyrestines-gypsy-live-a-ceyreste-le-14-aout\/","title":{"rendered":"Les Ceyrestines Gypsy live, \u00e0 Ceyreste le 14 ao\u00fbt"},"content":{"rendered":"<div class=\"my-[16px]\">\n<h1 class=\"rev-heading-3xl-black rev-reset-css rev-layout-align-left font-slab\">Les Ceyrestines Gypsy live, une soir\u00e9e musicale tzigane organis\u00e9e \u00e0 Ceyreste le 14\u00a0ao\u00fbt<\/h1>\n<\/div>\n<div>\n<div>\n<div class=\"flex flex-col gap-3 pb-[4px]\">\n<h2 class=\"rev-heading-xl-extrabold rev-reset-css rev-layout-align-left font-slab\">Vendredi 14\u00a0ao\u00fbt, le comit\u00e9 des f\u00eates de Ceyreste invite petits et grands \u00e0 vibrer au rythme des musiques gitanes et tsiganes avec sa soir\u00e9e Les Ceyrestines Gypsy live.<\/h2>\n<div id=\"ob-article-body\">\n<div class=\"body-text\">\n<p>Le week-end de l\u2019Assomption approche \u00e0 grand pas et votre programme n\u2019est pas encore concoct\u00e9\u00a0? Vous pouvez d\u2019ores et d\u00e9j\u00e0 r\u00e9server votre vendredi 14\u00a0ao\u00fbt. Le comit\u00e9 des f\u00eates de Ceyreste organise Les Ceyrestines Gypsy live. Une soir\u00e9e estivale aux couleurs du soleil qui fera vibrer la place de la mairie au rythme de la musique tzigane.<\/p>\n<p>Amateur de musique gypsy, curieux de d\u00e9couvrir cet univers, vacanciers ou locaux \u00e0 la recherche d\u2019une soir\u00e9e d\u2019\u00e9t\u00e9\u2026 Ce rendez-vous gratuit est ouvert \u00e0 tous. Au programme\u00a0? Une animation musicale tout au long de la soir\u00e9e, des food-trucks pour se restaurer sur place au fil des heures, et le fameux concert en live du groupe Gypsy, \u00e0 21h30.<\/p>\n<h2>Les mineurs doivent \u00eatre accompagn\u00e9s d\u2019un repr\u00e9sentant l\u00e9gal<\/h2>\n<\/div>\n<p>Infos \u00a9 La Provence<\/p>\n<\/div>\n<\/div>\n<\/div>\n<\/div>\n","protected":false},"excerpt":{"rendered":"<p>Les Ceyrestines Gypsy live, une soir\u00e9e musicale tzigane organis\u00e9e \u00e0 Ceyreste le 14\u00a0ao\u00fbt Vendredi 14\u00a0ao\u00fbt,&#8230;<\/p>\n","protected":false},"author":1,"featured_media":2483,"comment_status":"open","ping_status":"closed","sticky":false,"template":"","format":"standard","meta":{"_jetpack_newsletter_access":"","_jetpack_dont_email_post_to_subs":false,"_jetpack_newsletter_tier_id":0,"_jetpack_memberships_contains_paywalled_content":false,"_jetpack_feature_clip_id":0,"_jetpack_memberships_contains_paid_content":false,"footnotes":"","jetpack_publicize_message":"","jetpack_publicize_feature_enabled":true,"jetpack_social_post_already_shared":true,"jetpack_social_options":{"image_generator_settings":{"template":"highway","default_image_id":0,"font":"","enabled":false},"version":2},"jetpack_post_was_ever_published":false},"categories":[741,372],"tags":[1227],"class_list":["post-2482","post","type-post","status-publish","format-standard","has-post-thumbnail","hentry","category-741","category-ceyreste","tag-les-ceyrestines"],"jetpack_publicize_connections":[],"jetpack_sharing_enabled":true,"jetpack_featured_media_url":"https:\/\/www.laurensoff.com\/wordpress\/wp-content\/uploads\/2026\/08\/763861510_4526058467677159_5740936206244382025_n.jpg","_links":{"self":[{"href":"https:\/\/www.laurensoff.com\/wordpress\/wp-json\/wp\/v2\/posts\/2482","targetHints":{"allow":["GET"]}}],"collection":[{"href":"https:\/\/www.laurensoff.com\/wordpress\/wp-json\/wp\/v2\/posts"}],"about":[{"href":"https:\/\/www.laurensoff.com\/wordpress\/wp-json\/wp\/v2\/types\/post"}],"author":[{"embeddable":true,"href":"https:\/\/www.laurensoff.com\/wordpress\/wp-json\/wp\/v2\/users\/1"}],"replies":[{"embeddable":true,"href":"https:\/\/www.laurensoff.com\/wordpress\/wp-json\/wp\/v2\/comments?post=2482"}],"version-history":[{"count":1,"href":"https:\/\/www.laurensoff.com\/wordpress\/wp-json\/wp\/v2\/posts\/2482\/revisions"}],"predecessor-version":[{"id":2484,"href":"https:\/\/www.laurensoff.com\/wordpress\/wp-json\/wp\/v2\/posts\/2482\/revisions\/2484"}],"wp:featuredmedia":[{"embeddable":true,"href":"https:\/\/www.laurensoff.com\/wordpress\/wp-json\/wp\/v2\/media\/2483"}],"wp:attachment":[{"href":"https:\/\/www.laurensoff.com\/wordpress\/wp-json\/wp\/v2\/media?parent=2482"}],"wp:term":[{"taxonomy":"category","embeddable":true,"href":"https:\/\/www.laurensoff.com\/wordpress\/wp-json\/wp\/v2\/categories?post=2482"},{"taxonomy":"post_tag","embeddable":true,"href":"https:\/\/www.laurensoff.com\/wordpress\/wp-json\/wp\/v2\/tags?post=2482"}],"curies":[{"name":"wp","href":"https:\/\/api.w.org\/{rel}","templated":true}]}}