{"id":239,"date":"2025-08-22T12:39:12","date_gmt":"2025-08-22T12:39:12","guid":{"rendered":"https:\/\/www.laurensoff.com\/wordpress\/?p=239"},"modified":"2025-08-22T12:39:12","modified_gmt":"2025-08-22T12:39:12","slug":"hommage-a-mozart-pour-louverture-de-la-saison-symphonique-de-lopera-de-toulon","status":"publish","type":"post","link":"https:\/\/www.laurensoff.com\/wordpress\/hommage-a-mozart-pour-louverture-de-la-saison-symphonique-de-lopera-de-toulon\/","title":{"rendered":"Hommage \u00e0 Mozart pour l\u2019ouverture de la saison symphonique de l\u2019Op\u00e9ra de Toulon"},"content":{"rendered":"<p><b>Hommage \u00e0 Mozart pour l\u2019ouverture de la saison symphonique de l\u2019Op\u00e9ra de Toulon<\/b><\/p>\n<p><b>Mercredi 17 septembre 2025 &#8211; 20h<\/b><\/p>\n<p><b>Palais Neptune &#8211; Toulon<\/b><\/p>\n<p><img loading=\"lazy\" decoding=\"async\" class=\"alignnone size-medium wp-image-240\" src=\"https:\/\/www.laurensoff.com\/wordpress\/wp-content\/uploads\/2025\/08\/unnamed-1-300x224.jpg\" alt=\"\" width=\"300\" height=\"224\" srcset=\"https:\/\/www.laurensoff.com\/wordpress\/wp-content\/uploads\/2025\/08\/unnamed-1-300x224.jpg 300w, https:\/\/www.laurensoff.com\/wordpress\/wp-content\/uploads\/2025\/08\/unnamed-1-1024x763.jpg 1024w, https:\/\/www.laurensoff.com\/wordpress\/wp-content\/uploads\/2025\/08\/unnamed-1-768x573.jpg 768w, https:\/\/www.laurensoff.com\/wordpress\/wp-content\/uploads\/2025\/08\/unnamed-1-1536x1145.jpg 1536w, https:\/\/www.laurensoff.com\/wordpress\/wp-content\/uploads\/2025\/08\/unnamed-1-600x447.jpg 600w, https:\/\/www.laurensoff.com\/wordpress\/wp-content\/uploads\/2025\/08\/unnamed-1.jpg 1910w\" sizes=\"auto, (max-width: 300px) 100vw, 300px\" \/><\/p>\n<p>Le clarinettiste fran\u00e7ais <b>Pierre G\u00e9nisson<\/b> interpr\u00e8tera le plus c\u00e9l\u00e8bre des concertos jamais \u00e9crit pour son instrument, l\u2019ultime concerto de Mozart.<\/p>\n<p>Suivra l\u2019une des symphonies les plus jou\u00e9es du compositeur, la <i>Symphonie n\u00b036<\/i> dite \u00ab<i> Linz <\/i>\u00bb.<\/p>\n<p>Des \u0153uvres de musique sacr\u00e9e compl\u00e8teront le programme.<\/p>\n<p><b>L\u2019Orchestre et le Ch\u0153ur de l\u2019Op\u00e9ra de Toulon<\/b> seront plac\u00e9s sous la direction du chef autrichien<b> Christoph Koncz<\/b>, directeur musical de l\u2019Orchestre national de Mulhouse, grand sp\u00e9cialiste du r\u00e9pertoire mozartien.<\/p>\n<div>\n<p><i>Direction musicale<\/i> Christoph Koncz<\/p>\n<p><i>Clarinette<\/i> Pierre G\u00e9nisson<\/p>\n<p>Orchestre et Ch\u0153ur de l&rsquo;Op\u00e9ra de Toulon<\/p>\n<p>&nbsp;<\/p>\n<p>Wolfgang Amadeus Mozart<\/p>\n<p><i>Kyrie, K. 323 &amp; 341<\/i><\/p>\n<p><i>Sancta Maria, K.273<\/i><\/p>\n<p><i>Misericordias domini, K. 222<\/i><\/p>\n<p><i>Ave verum corpus, K. 618<\/i><\/p>\n<p><i>Concerto pour clarinette, K. 622<\/i><\/p>\n<p><i>Symphonie n\u00b036, K. 425 \u00ab Linz \u00bb<\/i><\/p>\n<p>&nbsp;<\/p>\n<p>&nbsp;<\/p>\n<p>&nbsp;<\/p>\n<p>Tarifs de 5 \u00e0 32\u20ac<\/p>\n<p>Lieu de la repr\u00e9sentation :<\/p>\n<p>Auditorium du Palais Neptune &#8211; Place Besagne &#8211; 83000 Toulon<\/p>\n<\/div>\n","protected":false},"excerpt":{"rendered":"<p>Hommage \u00e0 Mozart pour l\u2019ouverture de la saison symphonique de l\u2019Op\u00e9ra de Toulon Mercredi 17&#8230;<\/p>\n","protected":false},"author":1,"featured_media":240,"comment_status":"open","ping_status":"closed","sticky":false,"template":"","format":"standard","meta":{"_bbp_topic_count":0,"_bbp_reply_count":0,"_bbp_total_topic_count":0,"_bbp_total_reply_count":0,"_bbp_voice_count":0,"_bbp_anonymous_reply_count":0,"_bbp_topic_count_hidden":0,"_bbp_reply_count_hidden":0,"_bbp_forum_subforum_count":0,"_crdt_document":"","_jetpack_memberships_contains_paid_content":false,"footnotes":"","jetpack_publicize_message":"","jetpack_publicize_feature_enabled":true,"jetpack_social_post_already_shared":false,"jetpack_social_options":{"image_generator_settings":{"template":"highway","default_image_id":0,"font":"","enabled":false},"version":2}},"categories":[11],"tags":[98,99,97,100,96],"class_list":["post-239","post","type-post","status-publish","format-standard","has-post-thumbnail","hentry","category-musique","tag-classique","tag-concert","tag-mozart","tag-palais-neptune","tag-toulon"],"jetpack_publicize_connections":[],"jetpack_featured_media_url":"https:\/\/www.laurensoff.com\/wordpress\/wp-content\/uploads\/2025\/08\/unnamed-1.jpg","jetpack_sharing_enabled":true,"_links":{"self":[{"href":"https:\/\/www.laurensoff.com\/wordpress\/wp-json\/wp\/v2\/posts\/239","targetHints":{"allow":["GET"]}}],"collection":[{"href":"https:\/\/www.laurensoff.com\/wordpress\/wp-json\/wp\/v2\/posts"}],"about":[{"href":"https:\/\/www.laurensoff.com\/wordpress\/wp-json\/wp\/v2\/types\/post"}],"author":[{"embeddable":true,"href":"https:\/\/www.laurensoff.com\/wordpress\/wp-json\/wp\/v2\/users\/1"}],"replies":[{"embeddable":true,"href":"https:\/\/www.laurensoff.com\/wordpress\/wp-json\/wp\/v2\/comments?post=239"}],"version-history":[{"count":1,"href":"https:\/\/www.laurensoff.com\/wordpress\/wp-json\/wp\/v2\/posts\/239\/revisions"}],"predecessor-version":[{"id":241,"href":"https:\/\/www.laurensoff.com\/wordpress\/wp-json\/wp\/v2\/posts\/239\/revisions\/241"}],"wp:featuredmedia":[{"embeddable":true,"href":"https:\/\/www.laurensoff.com\/wordpress\/wp-json\/wp\/v2\/media\/240"}],"wp:attachment":[{"href":"https:\/\/www.laurensoff.com\/wordpress\/wp-json\/wp\/v2\/media?parent=239"}],"wp:term":[{"taxonomy":"category","embeddable":true,"href":"https:\/\/www.laurensoff.com\/wordpress\/wp-json\/wp\/v2\/categories?post=239"},{"taxonomy":"post_tag","embeddable":true,"href":"https:\/\/www.laurensoff.com\/wordpress\/wp-json\/wp\/v2\/tags?post=239"}],"curies":[{"name":"wp","href":"https:\/\/api.w.org\/{rel}","templated":true}]}}