{"id":2377,"date":"2026-08-12T11:31:46","date_gmt":"2026-08-12T10:31:46","guid":{"rendered":"https:\/\/www.laurensoff.com\/wordpress\/?p=2377"},"modified":"2026-08-12T11:49:14","modified_gmt":"2026-08-12T10:49:14","slug":"patrick-juvet-un-des-rares-artistes-deurope-continentale-a-avoir-conquis-les-charts-internationaux-a-la-fin-des-annees-1970","status":"publish","type":"post","link":"https:\/\/www.laurensoff.com\/wordpress\/patrick-juvet-un-des-rares-artistes-deurope-continentale-a-avoir-conquis-les-charts-internationaux-a-la-fin-des-annees-1970\/","title":{"rendered":"Patrick Juvet un des rares artistes d&rsquo;Europe continentale \u00e0 avoir conquis les charts internationaux \u00e0 la fin des ann\u00e9es 1970."},"content":{"rendered":"<p data-path-to-node=\"0\"><b data-path-to-node=\"0\" data-index-in-node=\"0\">Patrick Juvet<\/b> restera l&rsquo;une des figures les plus flamboyantes de la chanson francophone et l&rsquo;un des rares artistes d&rsquo;Europe continentale \u00e0 avoir conquis les charts internationaux \u00e0 la fin des ann\u00e9es 1970.<\/p>\n<h3 data-path-to-node=\"1\">D\u00e9buts et envol\u00e9e pop (1970\u20131976)<\/h3>\n<p data-path-to-node=\"2\">N\u00e9 en Suisse, form\u00e9 au piano classique, Patrick Juvet commence sa carri\u00e8re au d\u00e9but des ann\u00e9es 1970 apr\u00e8s un passage par le mannequinat. Rep\u00e9r\u00e9 par le producteur Eddie Barclay, il s&rsquo;impose tr\u00e8s vite sur la sc\u00e8ne francophone avec un style pop romantique et un physique de jeune premier :<\/p>\n<ul data-path-to-node=\"3\">\n<li>\n<p data-path-to-node=\"3,0,0\"><b data-path-to-node=\"3,0,0\" data-index-in-node=\"0\">1973 :<\/b> Il repr\u00e9sente la Suisse \u00e0 l&rsquo;Eurovision avec la ballade <i data-path-to-node=\"3,0,0\" data-index-in-node=\"62\">Je vais me marier, Marie<\/i> (12\u1d49 place), ce qui lance v\u00e9ritablement sa carri\u00e8re en France et dans les pays francophones.<\/p>\n<\/li>\n<li>\n<p data-path-to-node=\"3,1,0\"><b data-path-to-node=\"3,1,0\" data-index-in-node=\"0\">1973\u20131975 :<\/b> Il encha\u00eene les tubes m\u00e9lancoliques comme <i data-path-to-node=\"3,1,0\" data-index-in-node=\"54\">Sonia<\/i>, <i data-path-to-node=\"3,1,0\" data-index-in-node=\"61\">Toujours du feu<\/i> et <i data-path-to-node=\"3,1,0\" data-index-in-node=\"80\">Rappelle-toi minette<\/i>.<\/p>\n<\/li>\n<li>\n<p data-path-to-node=\"3,2,0\"><b data-path-to-node=\"3,2,0\" data-index-in-node=\"0\">Rencontre cl\u00e9 avec Jean-Michel Jarre :<\/b> Patrick Juvet collabore avec un tout jeune parolier encore inconnu du grand public, Jean-Michel Jarre. Ensemble, ils signent l&rsquo;album <i data-path-to-node=\"3,2,0\" data-index-in-node=\"172\">Love<\/i> (1973) puis le chef-d&rsquo;\u0153uvre <i data-path-to-node=\"3,2,0\" data-index-in-node=\"205\">Paris by Night<\/i> (1977).<\/p>\n<\/li>\n<\/ul>\n<h3 data-path-to-node=\"5\">L&rsquo;apog\u00e9e disco et la conqu\u00eate internationale (1977\u20131979)<\/h3>\n<p data-path-to-node=\"6\">Au milieu des ann\u00e9es 70, captiv\u00e9 par le son qui \u00e9merge des clubs new-yorkais, Patrick Juvet prend le virage du disco. C&rsquo;est ce choix audacieux qui le transforme en superstar internationale.<\/p>\n<ul data-path-to-node=\"7\">\n<li>\n<p data-path-to-node=\"7,0,0\"><b data-path-to-node=\"7,0,0\" data-index-in-node=\"0\">O\u00f9 sont les femmes ? (1977) :<\/b> Compos\u00e9 par Juvet et \u00e9crit par Jean-Michel Jarre, ce titre r\u00e9volutionne le paysage musical francophone. M\u00e9langeant des synth\u00e9tiseurs pr\u00e9-techno, une rythmique disco effr\u00e9n\u00e9e et un texte po\u00e9tique, le morceau devient un raz-de-mar\u00e9e en Europe et franchit les fronti\u00e8res jusqu&rsquo;en Am\u00e9rique latine.<\/p>\n<\/li>\n<li>\n<p data-path-to-node=\"7,1,0\"><b data-path-to-node=\"7,1,0\" data-index-in-node=\"0\">La collaboration avec Jacques Morali et Henri Belolo :<\/b> Pour s&rsquo;implanter aux \u00c9tats-Unis, Juvet fait \u00e9quipe avec les c\u00e9l\u00e8bres producteurs fran\u00e7ais install\u00e9s \u00e0 New York, cr\u00e9ateurs des Village People.<\/p>\n<\/li>\n<li>\n<p data-path-to-node=\"7,2,0\"><b data-path-to-node=\"7,2,0\" data-index-in-node=\"0\">I Love America (1978) :<\/b> Enregistr\u00e9 aux studios Sigma Sound \u00e0 Philadelphie, le titre devient un hit plantaire instantan\u00e9. Cantonnant les premi\u00e8res places des classements dance aux \u00c9tats-Unis (n\u00b02 du <i data-path-to-node=\"7,2,0\" data-index-in-node=\"200\">Billboard Disco Chart<\/i>), le single se classe dans le top 20 dans plus de 15 pays (Royaume-Uni, Italie, Espagne, Mexique, Australie&#8230;). Patrick Juvet se produit alors dans les plus grands clubs du monde, dont le mythique <b data-path-to-node=\"7,2,0\" data-index-in-node=\"420\">Studio 54<\/b> \u00e0 New York.<\/p>\n<\/li>\n<li>\n<p data-path-to-node=\"7,3,0\"><b data-path-to-node=\"7,3,0\" data-index-in-node=\"0\">Swiss Kiss et Lady Night (1979) :<\/b> Dans la foul\u00e9e de <i data-path-to-node=\"7,3,0\" data-index-in-node=\"52\">I Love America<\/i>, il sort l&rsquo;album <i data-path-to-node=\"7,3,0\" data-index-in-node=\"84\">Lady Night<\/i> et le single <i data-path-to-node=\"7,3,0\" data-index-in-node=\"108\">Swiss Kiss<\/i>, confirmant son statut d&rsquo;ic\u00f4ne mondiale de la sc\u00e8ne disco et remplissant les plus grandes salles.<\/p>\n<\/li>\n<\/ul>\n<p><img loading=\"lazy\" decoding=\"async\" class=\"alignnone wp-image-2379\" src=\"https:\/\/www.laurensoff.com\/wordpress\/wp-content\/uploads\/2026\/08\/61aQuGA3ctL._UF8941000_QL80_.jpg\" alt=\"\" width=\"334\" height=\"334\" srcset=\"https:\/\/www.laurensoff.com\/wordpress\/wp-content\/uploads\/2026\/08\/61aQuGA3ctL._UF8941000_QL80_.jpg 894w, https:\/\/www.laurensoff.com\/wordpress\/wp-content\/uploads\/2026\/08\/61aQuGA3ctL._UF8941000_QL80_-300x300.jpg 300w, https:\/\/www.laurensoff.com\/wordpress\/wp-content\/uploads\/2026\/08\/61aQuGA3ctL._UF8941000_QL80_-150x150.jpg 150w, https:\/\/www.laurensoff.com\/wordpress\/wp-content\/uploads\/2026\/08\/61aQuGA3ctL._UF8941000_QL80_-768x769.jpg 768w, https:\/\/www.laurensoff.com\/wordpress\/wp-content\/uploads\/2026\/08\/61aQuGA3ctL._UF8941000_QL80_-600x601.jpg 600w, https:\/\/www.laurensoff.com\/wordpress\/wp-content\/uploads\/2026\/08\/61aQuGA3ctL._UF8941000_QL80_-100x100.jpg 100w\" sizes=\"auto, (max-width: 334px) 100vw, 334px\" \/><\/p>\n<p><iframe loading=\"lazy\" title=\"Patrick Juvet - Les bleus au coeur (1978)\" src=\"https:\/\/www.youtube.com\/embed\/xLcVQeoD_cw?list=RDKBALW2ME3tk\" width=\"400\" height=\"294\" frameborder=\"0\" allowfullscreen=\"allowfullscreen\"><span style=\"display: inline-block; width: 0px; overflow: hidden; line-height: 0;\" data-mce-type=\"bookmark\" class=\"mce_SELRES_start\">\ufeff<\/span><\/iframe><\/p>\n<h3 data-path-to-node=\"9\">L&rsquo;apr\u00e8s-disco et la suite de carri\u00e8re<\/h3>\n<p data-path-to-node=\"10\">Au d\u00e9but des ann\u00e9es 1980, avec le d\u00e9clin brutal de la vague disco et le choc de la disparition de proches collaborateurs, sa carri\u00e8re conna\u00eet un passage \u00e0 vide. Il s&rsquo;installe un temps \u00e0 Los Angeles puis \u00e0 Londres, continuant \u00e0 composer :<\/p>\n<ul data-path-to-node=\"11\">\n<li>\n<p data-path-to-node=\"11,0,0\"><b data-path-to-node=\"11,0,0\" data-index-in-node=\"0\">1982 :<\/b> Sortie de l&rsquo;album <i data-path-to-node=\"11,0,0\" data-index-in-node=\"25\">R\u00eaves immoraux<\/i>, marqu\u00e9 par des sonorit\u00e9s plus rock et synth-pop.<\/p>\n<\/li>\n<li>\n<p data-path-to-node=\"11,1,0\"><b data-path-to-node=\"11,1,0\" data-index-in-node=\"0\">1991 :<\/b> Il revient avec l&rsquo;album <i data-path-to-node=\"11,1,0\" data-index-in-node=\"31\">Solitudes<\/i>, comprenant des collaborations avec Luc Plamondon et Marc Lavoine.<\/p>\n<\/li>\n<li>\n<p data-path-to-node=\"11,2,0\"><b data-path-to-node=\"11,2,0\" data-index-in-node=\"0\">Ann\u00e9es 2000\u20132010 :<\/b> Patrick Juvet retrouve une grande proximit\u00e9 avec le public gr\u00e2ce aux tourn\u00e9es nostalgiques comme <i data-path-to-node=\"11,2,0\" data-index-in-node=\"116\">\u00c2ge Tendre et T\u00eates de Bois<\/i>, o\u00f9 il interpr\u00e8te ses plus grands succ\u00e8s devant des milliers de spectateurs \u00e0 chaque date.<\/p>\n<\/li>\n<\/ul>\n<p data-path-to-node=\"12\">Il s&rsquo;est \u00e9teint en avril 2021 \u00e0 l&rsquo;\u00e2ge de 70 ans, laissant derri\u00e8re lui l&rsquo;image d&rsquo;un m\u00e9lodiste d&rsquo;exception, d&rsquo;un pianiste hors pair et d&rsquo;un artiste pionnier qui a su faire danser le monde entier.<\/p>\n<div class=\"dWikiImg\"><img decoding=\"async\" src=\"https:\/\/i.scdn.co\/image\/ab67616d00001e0252bfe1b88e7b40a78a207cd0\" alt=\"Patrick Juvet\" \/><\/div>\n<div class=\"dWikiInfo\">Patrick Juvet est un chanteur-auteur-compositeur suisse, n\u00e9 le 21 ao\u00fbt 1950 \u00e0 Montreux (Suisse) et mort le 1er avril 2021 \u00e0 Barcelone (Espagne). Bri\u00e8vement mannequin, il conna\u00eet le succ\u00e8s en tant que chanteur dans les ann\u00e9es 1970 avec des titres de vari\u00e9t\u00e9 fran\u00e7aise puis de disco, dont O\u00f9 sont les femmes ? (1977) ou encore I Love America (1978) qui parvient \u00e0 se classer dans plusieurs pays europ\u00e9ens.<\/div>\n<p><iframe loading=\"lazy\" title=\"Hommage \u00e0 Patrick Juvet - Lady Night (1979)\" src=\"https:\/\/www.youtube.com\/embed\/bP22vvlUJeI\" width=\"400\" height=\"300\" frameborder=\"0\" allowfullscreen=\"allowfullscreen\"><\/iframe><\/p>\n<p><strong>Vous avez aim\u00e9 la vid\u00e9o ?<\/strong><br \/>\n\u2665 Pouce bleu \u2713 Abonnez-vous \u270e Commentez la vid\u00e9o<br \/>\n<a href=\"https:\/\/www.youtube.com\/channel\/UCWIF_FnvXdB9pn5oQ5t1-Eg?sub_confirmation=1\">https:\/\/www.youtube.com\/channel\/UCWIF_FnvXdB9pn5oQ5t1-Eg?sub_confirmation=1<\/a><\/p>\n<p><em><strong>Avez vous pens\u00e9 \u00e0 soutenir votre cha\u00eene TV SUD<\/strong><\/em><br \/>\n<a href=\"https:\/\/www.youtube.com\/channel\/UCWIF_FnvXdB9pn5oQ5t1-Eg\/join\">https:\/\/www.youtube.com\/channel\/UCWIF_FnvXdB9pn5oQ5t1-Eg\/join<\/a><\/p>\n<p><em><strong>Vous pouvez m\u00eame aller sur la boutique de TV SUD<\/strong><\/em><br \/>\n<a href=\"https:\/\/www.laurensoff.com\/wordpress\/boutique\/\">https:\/\/www.laurensoff.com\/wordpress\/boutique\/<\/a><\/p>\n<p><strong>Merci les amis ! TV SUD 13 83 06<\/strong><br \/>\nTV SUD Production 1er M\u00e9dia R\u00e9gion Sud depuis 2017. Informations culture soci\u00e9t\u00e9 association concert spectacle People VIP ITW Interviews cin\u00e9ma &amp; t\u00e9l\u00e9vision. Interviews portraits culturels (Arts &amp; Cultures, Musiques actuelles &amp; Spectacles vivants, Divertissements) Pop Culture..<br \/>\nOn a des projets d\u2019\u00e9missions culturelles<br \/>\nRejoignez TV SUD.<\/p>\n","protected":false},"excerpt":{"rendered":"<p>Patrick Juvet restera l&rsquo;une des figures les plus flamboyantes de la chanson francophone et l&rsquo;un&#8230;<\/p>\n","protected":false},"author":1,"featured_media":2378,"comment_status":"open","ping_status":"closed","sticky":false,"template":"","format":"standard","meta":{"_jetpack_newsletter_access":"","_jetpack_dont_email_post_to_subs":false,"_jetpack_newsletter_tier_id":0,"_jetpack_memberships_contains_paywalled_content":false,"_jetpack_feature_clip_id":0,"_jetpack_memberships_contains_paid_content":false,"footnotes":"","jetpack_publicize_message":"","jetpack_publicize_feature_enabled":true,"jetpack_social_post_already_shared":true,"jetpack_social_options":{"image_generator_settings":{"template":"highway","default_image_id":0,"font":"","enabled":false},"version":2},"jetpack_post_was_ever_published":false},"categories":[344,40,1195],"tags":[1200,1199,1202,1204,1198,1197,1203,1196,1201],"class_list":["post-2377","post","type-post","status-publish","format-standard","has-post-thumbnail","hentry","category-artiste","category-hommage","category-patrick-juvet","tag-i-love-america","tag-jacques-morali","tag-jean-michel-jarre","tag-lady-night","tag-luc-plamondon","tag-marc-lavoine","tag-ou-sont-les-femmes","tag-patrick-juvet","tag-studio-54"],"jetpack_publicize_connections":[],"jetpack_sharing_enabled":true,"jetpack_featured_media_url":"https:\/\/www.laurensoff.com\/wordpress\/wp-content\/uploads\/2026\/08\/dfaegae.jpg","_links":{"self":[{"href":"https:\/\/www.laurensoff.com\/wordpress\/wp-json\/wp\/v2\/posts\/2377","targetHints":{"allow":["GET"]}}],"collection":[{"href":"https:\/\/www.laurensoff.com\/wordpress\/wp-json\/wp\/v2\/posts"}],"about":[{"href":"https:\/\/www.laurensoff.com\/wordpress\/wp-json\/wp\/v2\/types\/post"}],"author":[{"embeddable":true,"href":"https:\/\/www.laurensoff.com\/wordpress\/wp-json\/wp\/v2\/users\/1"}],"replies":[{"embeddable":true,"href":"https:\/\/www.laurensoff.com\/wordpress\/wp-json\/wp\/v2\/comments?post=2377"}],"version-history":[{"count":4,"href":"https:\/\/www.laurensoff.com\/wordpress\/wp-json\/wp\/v2\/posts\/2377\/revisions"}],"predecessor-version":[{"id":2383,"href":"https:\/\/www.laurensoff.com\/wordpress\/wp-json\/wp\/v2\/posts\/2377\/revisions\/2383"}],"wp:featuredmedia":[{"embeddable":true,"href":"https:\/\/www.laurensoff.com\/wordpress\/wp-json\/wp\/v2\/media\/2378"}],"wp:attachment":[{"href":"https:\/\/www.laurensoff.com\/wordpress\/wp-json\/wp\/v2\/media?parent=2377"}],"wp:term":[{"taxonomy":"category","embeddable":true,"href":"https:\/\/www.laurensoff.com\/wordpress\/wp-json\/wp\/v2\/categories?post=2377"},{"taxonomy":"post_tag","embeddable":true,"href":"https:\/\/www.laurensoff.com\/wordpress\/wp-json\/wp\/v2\/tags?post=2377"}],"curies":[{"name":"wp","href":"https:\/\/api.w.org\/{rel}","templated":true}]}}