{"id":2367,"date":"2026-08-12T10:58:37","date_gmt":"2026-08-12T09:58:37","guid":{"rendered":"https:\/\/www.laurensoff.com\/wordpress\/?p=2367"},"modified":"2026-08-12T11:51:03","modified_gmt":"2026-08-12T10:51:03","slug":"la-climatisation-moderne-electrique-a-ete-inventee-en-1902-pour-resoudre-un-probleme-industriel","status":"publish","type":"post","link":"https:\/\/www.laurensoff.com\/wordpress\/la-climatisation-moderne-electrique-a-ete-inventee-en-1902-pour-resoudre-un-probleme-industriel\/","title":{"rendered":"La climatisation moderne \u00e9lectrique a \u00e9t\u00e9 invent\u00e9e en 1902 pour r\u00e9soudre un probl\u00e8me industriel"},"content":{"rendered":"<h3 data-path-to-node=\"1\">Les origines et l&rsquo;invention moderne<\/h3>\n<ol start=\"1\" data-path-to-node=\"2\">\n<li>\n<p data-path-to-node=\"2,0,0\"><b data-path-to-node=\"2,0,0\" data-index-in-node=\"0\">L&rsquo;ann\u00e9e et l&rsquo;inventeur<\/b> : La climatisation moderne (\u00e9lectrique) a pas \u00e9t\u00e9 invent\u00e9e en <b data-path-to-node=\"2,0,0\" data-index-in-node=\"101\">1902<\/b>. Son inventeur est effectivement <b data-path-to-node=\"2,0,0\" data-index-in-node=\"139\">Willis Haviland Carrier<\/b>, un ing\u00e9nieur am\u00e9ricain de 25 ans. Il travaillait alors pour la soci\u00e9t\u00e9 <i data-path-to-node=\"2,0,0\" data-index-in-node=\"235\">Buffalo Forge Company<\/i>.<\/p>\n<\/li>\n<li>\n<p data-path-to-node=\"2,1,0\"><b data-path-to-node=\"2,1,0\" data-index-in-node=\"0\">Le besoin d&rsquo;origine<\/b> : Carrier n&rsquo;a pas invent\u00e9 la climatisation pour le confort humain, mais pour r\u00e9soudre un probl\u00e8me industriel ! Une imprimerie de Brooklyn (<i data-path-to-node=\"2,1,0\" data-index-in-node=\"159\">Sackett &amp; Wilhelms<\/i>) souffrait de l&rsquo;humidit\u00e9 estivale, qui faisait gondoler le papier et g\u00e2chait l&rsquo;alignement des encres. Carrier a con\u00e7u une machine capable de refroidir l&rsquo;air, mais surtout de <b data-path-to-node=\"2,1,0\" data-index-in-node=\"352\">contr\u00f4ler l&rsquo;humidit\u00e9<\/b>.<\/p>\n<\/li>\n<li>\n<p data-path-to-node=\"2,2,0\"><b data-path-to-node=\"2,2,0\" data-index-in-node=\"0\">Comparaison avec l&rsquo;automobile<\/b> :<\/p>\n<ul data-path-to-node=\"2,2,1\">\n<li>\n<p data-path-to-node=\"2,2,1,0,0\"><b data-path-to-node=\"2,2,1,0,0\" data-index-in-node=\"0\">Climatisation moderne<\/b> : 1902.<\/p>\n<\/li>\n<li>\n<p data-path-to-node=\"2,2,1,1,0\"><b data-path-to-node=\"2,2,1,1,0\" data-index-in-node=\"0\">Ford Mod\u00e8le T<\/b> : 1908 (d\u00e9but de la production en s\u00e9rie).<\/p>\n<\/li>\n<\/ul>\n<p data-path-to-node=\"2,2,2\">1 point exacte : <b data-path-to-node=\"2,2,2\" data-index-in-node=\"40\">la climatisation moderne a bien \u00e9t\u00e9 invent\u00e9e avant la Ford T !<\/b><\/p>\n<\/li>\n<\/ol>\n<p data-path-to-node=\"3\">En revanche, l&rsquo;automobile elle-m\u00eame est un peu plus ancienne : la premi\u00e8re voiture \u00e0 essence (la <i data-path-to-node=\"3\" data-index-in-node=\"97\">Benz Patent-Motorwagen<\/i>) date de 1886, et les premi\u00e8res automobiles circulaient d\u00e9j\u00e0 dans les ann\u00e9es 1890.<\/p>\n<h3 data-path-to-node=\"5\">Du laboratoire au confort domestique<\/h3>\n<ul data-path-to-node=\"6\">\n<li>\n<p data-path-to-node=\"6,0,0\"><b data-path-to-node=\"6,0,0\" data-index-in-node=\"0\">1915<\/b> : Willis Carrier fonde la <i data-path-to-node=\"6,0,0\" data-index-in-node=\"31\">Carrier Engineering Corporation<\/i> avec d&rsquo;autres ing\u00e9nieurs. La marque <b data-path-to-node=\"6,0,0\" data-index-in-node=\"99\">Carrier<\/b> est toujours l&rsquo;un des leaders mondiaux aujourd&rsquo;hui.<\/p>\n<\/li>\n<li>\n<p data-path-to-node=\"6,1,0\"><b data-path-to-node=\"6,1,0\" data-index-in-node=\"0\">Ann\u00e9es 1920<\/b> : La climatisation s&rsquo;installe dans les cin\u00e9mas, grands magasins et th\u00e9\u00e2tres aux \u00c9tats-Unis. C&rsquo;est l\u00e0 que le grand public d\u00e9couvre le confort de l&rsquo;air frais en \u00e9t\u00e9 (ce qui a d&rsquo;ailleurs donn\u00e9 naissance au concept des \u00ab\u00a0blockbusters\u00a0\u00bb estivaux au cin\u00e9ma).<\/p>\n<\/li>\n<li>\n<p data-path-to-node=\"6,2,0\"><b data-path-to-node=\"6,2,0\" data-index-in-node=\"0\">1939<\/b> : Packard devient le premier constructeur automobile \u00e0 proposer une option de climatisation dans une voiture.<\/p>\n<\/li>\n<\/ul>\n<h3 data-path-to-node=\"8\">Le fonctionnement en bref<\/h3>\n<p data-path-to-node=\"9\">Une climatisation fonctionne exactement sur le m\u00eame principe qu&rsquo;un r\u00e9frig\u00e9rateur : elle ne \u00ab\u00a0cr\u00e9e\u00a0\u00bb pas de froid, elle <b data-path-to-node=\"9\" data-index-in-node=\"117\">extrait la chaleur<\/b> de l&rsquo;int\u00e9rieur pour la rejeter \u00e0 l&rsquo;ext\u00e9rieur gr\u00e2ce \u00e0 un fluide frigorig\u00e8ne qui circule dans un circuit ferm\u00e9 (\u00e9vaporation et condensation).<\/p>\n<p data-path-to-node=\"0\">Les premi\u00e8res installations de climatisation au tout d\u00e9but du XXe si\u00e8cle n&rsquo;avaient rien \u00e0 voir avec les unit\u00e9s discr\u00e8tes qu&rsquo;on accroche aujourd&rsquo;hui au mur : c&rsquo;\u00e9taient de v\u00e9ritables <b data-path-to-node=\"0\" data-index-in-node=\"181\">machines industrielles monumentales<\/b>.<\/p>\n<div class=\"attachment-container search-images\"><\/div>\n<h3 data-path-to-node=\"3\">\u00c0 quoi ressemblait cette premi\u00e8re installation en 1902 ?<\/h3>\n<ol start=\"1\" data-path-to-node=\"4\">\n<li>\n<p data-path-to-node=\"4,0,0\"><b data-path-to-node=\"4,0,0\" data-index-in-node=\"0\">Une taille impressionnante<\/b> :<\/p>\n<p data-path-to-node=\"4,0,0\">Le syst\u00e8me install\u00e9 par Willis Carrier dans l&rsquo;imprimerie <i data-path-to-node=\"4,0,0\" data-index-in-node=\"86\">Sackett &amp; Wilhelms<\/i> \u00e0 Brooklyn occupait une salle enti\u00e8re. Il pesait plusieurs tonnes et n\u00e9cessitait des conduits massifs en m\u00e9tal pour distribuer l&rsquo;air.<\/p>\n<\/li>\n<li>\n<p data-path-to-node=\"4,1,0\"><b data-path-to-node=\"4,1,0\" data-index-in-node=\"0\">La composition du syst\u00e8me<\/b> :<\/p>\n<ul data-path-to-node=\"4,1,1\">\n<li>\n<p data-path-to-node=\"4,1,1,0,0\">Des <b data-path-to-node=\"4,1,1,0,0\" data-index-in-node=\"4\">serpentins en fonte<\/b> \u00e0 travers lesquels circulait de l&rsquo;eau froide provenant d&rsquo;un puits (ou refroidie par de la de la vapeur d&rsquo;ammoniac).<\/p>\n<\/li>\n<li>\n<p data-path-to-node=\"4,1,1,1,0\">Des <b data-path-to-node=\"4,1,1,1,0\" data-index-in-node=\"4\">ventilateurs industriels m\u00e9caniques<\/b> mus par des courroies et des poulies pour propulser l&rsquo;air ambiant \u00e0 travers les serpentins.<\/p>\n<\/li>\n<li>\n<p data-path-to-node=\"4,1,1,2,0\">Un syst\u00e8me de conduits m\u00e9talliques imposants fix\u00e9s au plafond des ateliers pour acheminer l&rsquo;air rafra\u00eechi et d\u00e9shumidifi\u00e9 jusqu&rsquo;aux presses d&rsquo;imprimerie.<\/p>\n<\/li>\n<\/ul>\n<\/li>\n<li>\n<p data-path-to-node=\"4,2,0\"><b data-path-to-node=\"4,2,0\" data-index-in-node=\"0\">L&rsquo;aspect esth\u00e9tique<\/b> :<\/p>\n<p data-path-to-node=\"4,2,0\">L&rsquo;installation ressemblait davantage \u00e0 une salle des machines de navire ou \u00e0 une centrale \u00e0 vapeur qu&rsquo;\u00e0 un appareil \u00e9lectrom\u00e9nager.<\/p>\n<\/li>\n<\/ol>\n<h3 data-path-to-node=\"6\">L&rsquo;\u00e9volution vers l&rsquo;usage individuel<\/h3>\n<p data-path-to-node=\"7\">Il a fallu attendre les ann\u00e9es <b data-path-to-node=\"7\" data-index-in-node=\"31\">1920 et 1930<\/b> pour que la technologie se miniature gr\u00e2ce \u00e0 l&rsquo;invention de nouveaux fluides frigorig\u00e8nes (comme le fr\u00e9on) et de compresseurs plus petits. En 1931, H.H. Schultz et J.Q. Sherman ont brevet\u00e9 le premier climatiseur individuel \u00e0 placer sur le rebord d&rsquo;une fen\u00eatre, pr\u00e9curseur des appareils modernes.<\/p>\n<p><strong>Vous avez aim\u00e9 la vid\u00e9o ?<\/strong><br \/>\n\u2665 Pouce bleu \u2713 Abonnez-vous \u270e Commentez la vid\u00e9o<br \/>\n<a href=\"https:\/\/www.youtube.com\/channel\/UCWIF_FnvXdB9pn5oQ5t1-Eg?sub_confirmation=1\">https:\/\/www.youtube.com\/channel\/UCWIF_FnvXdB9pn5oQ5t1-Eg?sub_confirmation=1<\/a><\/p>\n<p><em><strong>Avez vous pens\u00e9 \u00e0 soutenir votre cha\u00eene TV SUD<\/strong><\/em><br \/>\n<a href=\"https:\/\/www.youtube.com\/channel\/UCWIF_FnvXdB9pn5oQ5t1-Eg\/join\">https:\/\/www.youtube.com\/channel\/UCWIF_FnvXdB9pn5oQ5t1-Eg\/join<\/a><\/p>\n<p><em><strong>Vous pouvez m\u00eame aller sur la boutique de TV SUD<\/strong><\/em><br \/>\n<a href=\"https:\/\/www.laurensoff.com\/wordpress\/boutique\/\">https:\/\/www.laurensoff.com\/wordpress\/boutique\/<\/a><\/p>\n<p><strong>Merci les amis ! TV SUD 13 83 06<\/strong><br \/>\nTV SUD Production 1er M\u00e9dia R\u00e9gion Sud depuis 2017. Informations culture soci\u00e9t\u00e9 association concert spectacle People VIP ITW Interviews cin\u00e9ma &amp; t\u00e9l\u00e9vision. Interviews portraits culturels (Arts &amp; Cultures, Musiques actuelles &amp; Spectacles vivants, Divertissements) Pop Culture..<br \/>\nOn a des projets d\u2019\u00e9missions culturelles<br \/>\nRejoignez TV SUD.<\/p>\n","protected":false},"excerpt":{"rendered":"<p>Les origines et l&rsquo;invention moderne L&rsquo;ann\u00e9e et l&rsquo;inventeur : La climatisation moderne (\u00e9lectrique) a pas&#8230;<\/p>\n","protected":false},"author":1,"featured_media":2368,"comment_status":"open","ping_status":"closed","sticky":false,"template":"","format":"standard","meta":{"_jetpack_newsletter_access":"","_jetpack_dont_email_post_to_subs":false,"_jetpack_newsletter_tier_id":0,"_jetpack_memberships_contains_paywalled_content":false,"_jetpack_feature_clip_id":0,"_jetpack_memberships_contains_paid_content":false,"footnotes":"","jetpack_publicize_message":"","jetpack_publicize_feature_enabled":true,"jetpack_social_post_already_shared":true,"jetpack_social_options":{"image_generator_settings":{"template":"highway","default_image_id":0,"font":"","enabled":false},"version":2},"jetpack_post_was_ever_published":false},"categories":[1169,1170],"tags":[1173,1175,1179,1172,1177,1178,1180,1181,1176,1171,1182,1174,1183],"class_list":["post-2367","post","type-post","status-publish","format-standard","has-post-thumbnail","hentry","category-climatisation","category-la-climatisation","tag-1173","tag-1920-et-1930","tag-appareil-electromenager","tag-clim","tag-climatiseur-individuel","tag-compresseurs","tag-deshumidifie","tag-eau-froide","tag-fluides-frigorigenes","tag-la-climatisation","tag-vapeur","tag-ventilateurs","tag-willis-carrier"],"jetpack_publicize_connections":[],"jetpack_sharing_enabled":true,"jetpack_featured_media_url":"https:\/\/www.laurensoff.com\/wordpress\/wp-content\/uploads\/2026\/08\/images-2.jpg","_links":{"self":[{"href":"https:\/\/www.laurensoff.com\/wordpress\/wp-json\/wp\/v2\/posts\/2367","targetHints":{"allow":["GET"]}}],"collection":[{"href":"https:\/\/www.laurensoff.com\/wordpress\/wp-json\/wp\/v2\/posts"}],"about":[{"href":"https:\/\/www.laurensoff.com\/wordpress\/wp-json\/wp\/v2\/types\/post"}],"author":[{"embeddable":true,"href":"https:\/\/www.laurensoff.com\/wordpress\/wp-json\/wp\/v2\/users\/1"}],"replies":[{"embeddable":true,"href":"https:\/\/www.laurensoff.com\/wordpress\/wp-json\/wp\/v2\/comments?post=2367"}],"version-history":[{"count":4,"href":"https:\/\/www.laurensoff.com\/wordpress\/wp-json\/wp\/v2\/posts\/2367\/revisions"}],"predecessor-version":[{"id":2385,"href":"https:\/\/www.laurensoff.com\/wordpress\/wp-json\/wp\/v2\/posts\/2367\/revisions\/2385"}],"wp:featuredmedia":[{"embeddable":true,"href":"https:\/\/www.laurensoff.com\/wordpress\/wp-json\/wp\/v2\/media\/2368"}],"wp:attachment":[{"href":"https:\/\/www.laurensoff.com\/wordpress\/wp-json\/wp\/v2\/media?parent=2367"}],"wp:term":[{"taxonomy":"category","embeddable":true,"href":"https:\/\/www.laurensoff.com\/wordpress\/wp-json\/wp\/v2\/categories?post=2367"},{"taxonomy":"post_tag","embeddable":true,"href":"https:\/\/www.laurensoff.com\/wordpress\/wp-json\/wp\/v2\/tags?post=2367"}],"curies":[{"name":"wp","href":"https:\/\/api.w.org\/{rel}","templated":true}]}}