{"id":2364,"date":"2026-08-11T17:19:08","date_gmt":"2026-08-11T16:19:08","guid":{"rendered":"https:\/\/www.laurensoff.com\/wordpress\/?p=2364"},"modified":"2026-08-11T17:19:08","modified_gmt":"2026-08-11T16:19:08","slug":"sacre-paris-a-saint-cyr-sur-mer-au-theatre-verdure-a-la-rambla-la-troupe-a-presente-son-grand-show-estival","status":"publish","type":"post","link":"https:\/\/www.laurensoff.com\/wordpress\/sacre-paris-a-saint-cyr-sur-mer-au-theatre-verdure-a-la-rambla-la-troupe-a-presente-son-grand-show-estival\/","title":{"rendered":"Sacr\u00e9 Paris \u00e0 Saint-Cyr-sur-Mer au th\u00e9\u00e2tre Verdure \u00e0 La Rambla, la troupe a pr\u00e9sent\u00e9 son grand show estival"},"content":{"rendered":"<div class=\"container\">\n<div id=\"model-response-message-contentr_47a5a3fc685a6110\" class=\"markdown markdown-main-panel md-content enable-luminous-fast-follows enable-updated-hr-color stronger\" dir=\"ltr\" aria-busy=\"false\" aria-live=\"polite\">\n<p data-path-to-node=\"0\">La revue cabaret <b data-path-to-node=\"0\" data-index-in-node=\"17\">\u00ab Sacr\u00e9 Paris \u00bb<\/b> est un spectacle itin\u00e9rant de tradition cabaret fran\u00e7aise.<\/p>\n<p data-path-to-node=\"1\">Hier soir, \u00e0 Saint-Cyr-sur-Mer au th\u00e9\u00e2tre Verdure ) La Rambla, la troupe a pr\u00e9sent\u00e9 son grand show estival, marqu\u00e9 par son esth\u00e9tique visuelle tr\u00e8s travaill\u00e9e et son rythme soutenu.<\/p>\n<div class=\"attachment-container search-images\">\n<div class=\"image-container spark-licensed-center hide-from-message-actions ng-star-inserted\" data-full-size-image-uri=\"https:\/\/idolls-spectacles.fr\/wp-content\/uploads\/2024\/03\/photo-sacre-paris-1.jpg\">\n<div><iframe loading=\"lazy\" title=\"\ud83d\udc83Le cabaret Sacr\u00e9 Paris Show \u00e0 Saint-Cyr-sur-Mer, des costumes somptueux et une \u00e9nergie fantastique\" src=\"https:\/\/www.youtube.com\/embed\/m1lU88Wyijw\" width=\"640\" height=\"320\" frameborder=\"0\" allowfullscreen=\"allowfullscreen\"><span style=\"display: inline-block; width: 0px; overflow: hidden; line-height: 0;\" data-mce-type=\"bookmark\" class=\"mce_SELRES_start\">\ufeff<\/span><span style=\"display: inline-block; width: 0px; overflow: hidden; line-height: 0;\" data-mce-type=\"bookmark\" class=\"mce_SELRES_start\">\ufeff<\/span><\/iframe><\/div>\n<h3 class=\"overlay-container hero-overlay-container ng-star-inserted\"><strong>Ce qui caract\u00e9rise la compagnie Sacr\u00e9 Paris<\/strong><\/h3>\n<\/div>\n<\/div>\n<ul data-path-to-node=\"5\">\n<li>\n<p data-path-to-node=\"5,0,0\"><b data-path-to-node=\"5,0,0\" data-index-in-node=\"0\">L&rsquo;univers visuel et les costumes :<\/b> La marque de fabrique du spectacle repose sur le fastueux vestiaire traditionnel des cabarets parisiens : strass, paillettes, corsets d&rsquo;inspiration belle \u00e9poque, boas et grandes coiffes \u00e0 plumes (maboules et structures \u00e0 plumes de plusieurs kilos).<\/p>\n<\/li>\n<li>\n<p data-path-to-node=\"5,1,0\"><b data-path-to-node=\"5,1,0\" data-index-in-node=\"0\">Le r\u00e9pertoire et les tableaux :<\/b> Le show r\u00e9invente les grands classiques de la revue parisienne :<\/p>\n<ul data-path-to-node=\"5,1,1\">\n<li>\n<p data-path-to-node=\"5,1,1,0,0\">Le traditionnel <b data-path-to-node=\"5,1,1,0,0\" data-index-in-node=\"16\">French Cancan<\/b> rythm\u00e9 et acrobatique.<\/p>\n<\/li>\n<li>\n<p data-path-to-node=\"5,1,1,1,0\">Des tableaux chant\u00e9s en direct reprenant les grands succ\u00e8s de la chanson fran\u00e7aise et internationale.<\/p>\n<\/li>\n<li>\n<p data-path-to-node=\"5,1,1,2,0\">Des num\u00e9ros de danses th\u00e9matiques (jazz, charleston, tableaux contemporains ou plumes blanches).<\/p>\n<\/li>\n<\/ul>\n<\/li>\n<li>\n<p data-path-to-node=\"5,2,0\"><b data-path-to-node=\"5,2,0\" data-index-in-node=\"0\">Une troupe polyvalente :<\/b> Compos\u00e9e de danseuses et danseurs professionnels, chanteurs et parfois artistes de vari\u00e9t\u00e9 ou circassiens selon les configurations de tourn\u00e9e.<\/p>\n<\/li>\n<li>\n<p data-path-to-node=\"5,3,0\"><b data-path-to-node=\"5,3,0\" data-index-in-node=\"0\">Format itin\u00e9rant :<\/b> En dehors de leurs repr\u00e9sentations estivales en plein air sur la C\u00f4te d&rsquo;Azur et dans le Var, la compagnie se produit \u00e9galement en format d\u00e9ambulation (parades th\u00e9matiques) ainsi que dans des galas et d\u00eeners-spectacles tout au long de l&rsquo;ann\u00e9e.<\/p>\n<\/li>\n<\/ul>\n<\/div>\n<\/div>\n","protected":false},"excerpt":{"rendered":"<p>La revue cabaret \u00ab Sacr\u00e9 Paris \u00bb est un spectacle itin\u00e9rant de tradition cabaret fran\u00e7aise&#8230;.<\/p>\n","protected":false},"author":1,"featured_media":2365,"comment_status":"open","ping_status":"closed","sticky":false,"template":"","format":"standard","meta":{"_jetpack_newsletter_access":"","_jetpack_dont_email_post_to_subs":false,"_jetpack_newsletter_tier_id":0,"_jetpack_memberships_contains_paywalled_content":false,"_jetpack_feature_clip_id":0,"_jetpack_memberships_contains_paid_content":false,"footnotes":"","jetpack_publicize_message":"","jetpack_publicize_feature_enabled":true,"jetpack_social_post_already_shared":true,"jetpack_social_options":{"image_generator_settings":{"template":"highway","default_image_id":0,"font":"","enabled":false},"version":2},"jetpack_post_was_ever_published":false},"categories":[1166,257,1167,1052],"tags":[],"class_list":["post-2364","post","type-post","status-publish","format-standard","has-post-thumbnail","hentry","category-sacre-paris-cabaret","category-saint-cyr-sur-mer","category-spectacle-agenda","category-var-saint-cyr-sur-mer"],"jetpack_publicize_connections":[],"jetpack_sharing_enabled":true,"jetpack_featured_media_url":"https:\/\/www.laurensoff.com\/wordpress\/wp-content\/uploads\/2026\/08\/mant-e1786465134723.jpg","_links":{"self":[{"href":"https:\/\/www.laurensoff.com\/wordpress\/wp-json\/wp\/v2\/posts\/2364","targetHints":{"allow":["GET"]}}],"collection":[{"href":"https:\/\/www.laurensoff.com\/wordpress\/wp-json\/wp\/v2\/posts"}],"about":[{"href":"https:\/\/www.laurensoff.com\/wordpress\/wp-json\/wp\/v2\/types\/post"}],"author":[{"embeddable":true,"href":"https:\/\/www.laurensoff.com\/wordpress\/wp-json\/wp\/v2\/users\/1"}],"replies":[{"embeddable":true,"href":"https:\/\/www.laurensoff.com\/wordpress\/wp-json\/wp\/v2\/comments?post=2364"}],"version-history":[{"count":1,"href":"https:\/\/www.laurensoff.com\/wordpress\/wp-json\/wp\/v2\/posts\/2364\/revisions"}],"predecessor-version":[{"id":2366,"href":"https:\/\/www.laurensoff.com\/wordpress\/wp-json\/wp\/v2\/posts\/2364\/revisions\/2366"}],"wp:featuredmedia":[{"embeddable":true,"href":"https:\/\/www.laurensoff.com\/wordpress\/wp-json\/wp\/v2\/media\/2365"}],"wp:attachment":[{"href":"https:\/\/www.laurensoff.com\/wordpress\/wp-json\/wp\/v2\/media?parent=2364"}],"wp:term":[{"taxonomy":"category","embeddable":true,"href":"https:\/\/www.laurensoff.com\/wordpress\/wp-json\/wp\/v2\/categories?post=2364"},{"taxonomy":"post_tag","embeddable":true,"href":"https:\/\/www.laurensoff.com\/wordpress\/wp-json\/wp\/v2\/tags?post=2364"}],"curies":[{"name":"wp","href":"https:\/\/api.w.org\/{rel}","templated":true}]}}