{"id":2360,"date":"2026-08-11T16:18:38","date_gmt":"2026-08-11T15:18:38","guid":{"rendered":"https:\/\/www.laurensoff.com\/wordpress\/?p=2360"},"modified":"2026-08-21T16:56:31","modified_gmt":"2026-08-21T15:56:31","slug":"rentree-scolaire-2026-2027-dans-la-region-provence-alpes-cote-dazur-region-sud","status":"publish","type":"post","link":"https:\/\/www.laurensoff.com\/wordpress\/rentree-scolaire-2026-2027-dans-la-region-provence-alpes-cote-dazur-region-sud\/","title":{"rendered":"Rentr\u00e9e scolaire 2026-2027 dans la r\u00e9gion Provence-Alpes-C\u00f4te d&rsquo;Azur (R\u00e9gion Sud)"},"content":{"rendered":"<p id=\"p-rc_b4b7cef1aaa5056a-24\" data-path-to-node=\"0\"><span class=\"citation-35 citation-end-35\">Voici un point d&rsquo;\u00e9tape sur la rentr\u00e9e scolaire 2026-2027 dans la r\u00e9gion Provence-Alpes-C\u00f4te d&rsquo;Azur (R\u00e9gion Sud), qui regroupe les acad\u00e9mies d&rsquo;Aix-Marseille et de Nice.<\/span><\/p>\n<h2 data-path-to-node=\"2\">1. Dates cl\u00e9s du calendrier (Zone B)<\/h2>\n<ul data-path-to-node=\"3\">\n<li>\n<p id=\"p-rc_b4b7cef1aaa5056a-25\" data-path-to-node=\"3,0,0\"><b data-path-to-node=\"3,0,0\" data-index-in-node=\"0\"><span class=\"citation-34 citation-end-34\">Pr\u00e9rentr\u00e9e des enseignants :<\/span><\/b> <span class=\"citation-33 citation-end-33\">Lundi 31 ao\u00fbt 2026.<\/span><\/p>\n<\/li>\n<li>\n<p id=\"p-rc_b4b7cef1aaa5056a-26\" data-path-to-node=\"3,1,0\"><b data-path-to-node=\"3,1,0\" data-index-in-node=\"0\"><span class=\"citation-32 citation-end-32\">Rentr\u00e9e des \u00e9l\u00e8ves :<\/span><\/b> <span class=\"citation-31 citation-end-31\">Mardi 1er septembre 2026.<\/span><\/p>\n<\/li>\n<li>\n<p id=\"p-rc_b4b7cef1aaa5056a-27\" data-path-to-node=\"3,2,0\"><b data-path-to-node=\"3,2,0\" data-index-in-node=\"0\"><span class=\"citation-30 citation-end-30\">Premi\u00e8res vacances (Toussaint) :<\/span><\/b> <span class=\"citation-29 citation-end-29\">Du samedi 17 octobre au lundi 2 novembre 2026.<\/span><\/p>\n<\/li>\n<\/ul>\n<h2 data-path-to-node=\"5\">2. Orientations p\u00e9dagogiques et acad\u00e9miques<\/h2>\n<p data-path-to-node=\"6\">Pour cette rentr\u00e9e 2026, la consigne nationale et acad\u00e9mique s&rsquo;articule autour du mot d&rsquo;ordre <b data-path-to-node=\"6\" data-index-in-node=\"94\">\u00ab Instruire et prot\u00e9ger \u00bb<\/b> :<\/p>\n<ul data-path-to-node=\"7\">\n<li>\n<p id=\"p-rc_b4b7cef1aaa5056a-28\" data-path-to-node=\"7,0,0\"><b data-path-to-node=\"7,0,0\" data-index-in-node=\"0\"><span class=\"citation-28 citation-end-28\">Pas de r\u00e9forme structurelle majeure :<\/span><\/b> <span class=\"citation-27 citation-end-27\">L&rsquo;ann\u00e9e s&rsquo;inscrit dans la consolidation des dispositifs existants (ma\u00eetrise des savoirs fondamentaux, suivi renforc\u00e9 de l&rsquo;entr\u00e9e en 6\u1d49 et s\u00e9curit\u00e9 au sein des \u00e9tablissements).<\/span><\/p>\n<\/li>\n<li>\n<p data-path-to-node=\"7,1,0\"><b data-path-to-node=\"7,1,0\" data-index-in-node=\"0\">Gestion des fournitures :<\/b> Les acad\u00e9mies d&rsquo;Aix-Marseille et de Nice ont renouvel\u00e9 leurs consignes pour des listes de fournitures mesur\u00e9es afin de limiter l&rsquo;impact financier sur les familles.<\/p>\n<\/li>\n<\/ul>\n<h2 data-path-to-node=\"9\">3. Dispositifs phares de la R\u00e9gion Sud pour les lyc\u00e9ens<\/h2>\n<p data-path-to-node=\"10\">La R\u00e9gion Sud maintient et reconduit ses engagements \u00e0 destination des lyc\u00e9ens pour l&rsquo;ann\u00e9e 2026-2027 :<\/p>\n<ul data-path-to-node=\"11\">\n<li>\n<p data-path-to-node=\"11,0,0\"><b data-path-to-node=\"11,0,0\" data-index-in-node=\"0\">Transports (Pass ZOU!) :<\/b> Acc\u00e8s illimit\u00e9 aux bus et trains r\u00e9gionaux du r\u00e9seau ZOU! pour les jeunes de la r\u00e9gion \u00e0 tarif pr\u00e9f\u00e9rentiel.<\/p>\n<\/li>\n<li>\n<p data-path-to-node=\"11,1,0\"><b data-path-to-node=\"11,1,0\" data-index-in-node=\"0\">Pouvoir d&rsquo;achat &amp; Culture (e-PASS JEUNES) :<\/b> Cr\u00e9dit allou\u00e9 aux jeunes de 15 \u00e0 25 ans scolaris\u00e9s en PACA pour l&rsquo;achat de livres, places de cin\u00e9ma, spectacles et pratiques sportives.<\/p>\n<\/li>\n<li>\n<p data-path-to-node=\"11,2,0\"><b data-path-to-node=\"11,2,0\" data-index-in-node=\"0\">Manuels et \u00e9quipements num\u00e9riques :<\/b> Gratuit\u00e9 des manuels scolaires et poursuite de la distribution\/maintenance des ordinateurs portables pour les lyc\u00e9ens.<\/p>\n<\/li>\n<li>\n<p data-path-to-node=\"11,3,0\"><b data-path-to-node=\"11,3,0\" data-index-in-node=\"0\">S\u00e9curit\u00e9 et r\u00e9novation des lyc\u00e9es :<\/b> Poursuite des travaux de modernisation thermique des \u00e9tablissements et renforcement de la s\u00e9curisation des abords des lyc\u00e9es.<\/p>\n<\/li>\n<li>\n<p data-path-to-node=\"0\">Les deux dispositifs majeurs de la R\u00e9gion Sud (Provence-Alpes-C\u00f4te d&rsquo;Azur) pour la rentr\u00e9e 2026-2027 s&rsquo;adressent directement aux \u00e9l\u00e8ves, lyc\u00e9ens et \u00e9tudiants de la r\u00e9gion.<\/p>\n<h2 id=\"p-rc_5ccb0a7c5c9b6039-63\" data-path-to-node=\"2\"><span class=\"citation-118 citation-end-118\">1. Le PASS ZOU !<\/span> <span class=\"citation-117 citation-end-117\">\u00c9tudes (Transport)<\/span><\/h2>\n<p id=\"p-rc_5ccb0a7c5c9b6039-64\" data-path-to-node=\"3\"><span class=\"citation-116\">Le <\/span><b data-path-to-node=\"3\" data-index-in-node=\"3\"><span class=\"citation-116 citation-end-116\">PASS ZOU !<\/span> <span class=\"citation-115\">\u00c9tudes<\/span><\/b><span class=\"citation-115 citation-end-115\"> permet des d\u00e9placements illimit\u00e9s sur l&rsquo;ensemble du r\u00e9seau de bus et trains r\u00e9gionaux ZOU !<\/span> <span class=\"citation-114 citation-end-114\">(hors r\u00e9seaux urbains de m\u00e9tropole, TGV et Intercit\u00e9s) du 1er septembre 2026 au 31 ao\u00fbt 2027.<\/span><\/p>\n<h3 data-path-to-node=\"4\">Conditions d&rsquo;\u00e9ligibilit\u00e9<\/h3>\n<ul data-path-to-node=\"5\">\n<li>\n<p id=\"p-rc_5ccb0a7c5c9b6039-65\" data-path-to-node=\"5,0,0\"><b data-path-to-node=\"5,0,0\" data-index-in-node=\"0\"><span class=\"citation-113 citation-end-113\">\u00c2ge :<\/span><\/b> <span class=\"citation-112 citation-end-112\">De 3 \u00e0 25 ans.<\/span><\/p>\n<\/li>\n<li>\n<p id=\"p-rc_5ccb0a7c5c9b6039-66\" data-path-to-node=\"5,1,0\"><b data-path-to-node=\"5,1,0\" data-index-in-node=\"0\"><span class=\"citation-111 citation-end-111\">Statut :<\/span><\/b> \u00c9l\u00e8ves, \u00e9tudiants, apprentis, stagiaires de la formation professionnelle ou volontaires du Service Civique scolaris\u00e9s ou domicili\u00e9s en r\u00e9gion PACA.<\/p>\n<\/li>\n<\/ul>\n<h3 id=\"p-rc_5ccb0a7c5c9b6039-67\" data-path-to-node=\"6\"><span class=\"citation-110 citation-end-110\">Tarifs<\/span><\/h3>\n<ul data-path-to-node=\"7\">\n<li>\n<p id=\"p-rc_5ccb0a7c5c9b6039-68\" data-path-to-node=\"7,0,0\"><b data-path-to-node=\"7,0,0\" data-index-in-node=\"0\">Tarif plein :<\/b> <b data-path-to-node=\"7,0,0\" data-index-in-node=\"14\"><span class=\"citation-109\">90 \u20ac \/ an<\/span><\/b><span class=\"citation-109 citation-end-109\">.<\/span><\/p>\n<\/li>\n<li>\n<p id=\"p-rc_5ccb0a7c5c9b6039-69\" data-path-to-node=\"7,1,0\"><b data-path-to-node=\"7,1,0\" data-index-in-node=\"0\">Tarif r\u00e9duit (50 %) :<\/b> <b data-path-to-node=\"7,1,0\" data-index-in-node=\"22\"><span class=\"citation-108\">45 \u20ac \/ an<\/span><\/b><span class=\"citation-108 citation-end-108\"> :<\/span><\/p>\n<ul data-path-to-node=\"7,1,1\">\n<li>\n<p id=\"p-rc_5ccb0a7c5c9b6039-70\" data-path-to-node=\"7,1,1,0,0\"><span class=\"citation-107\">Pour les familles dont le quotient familial (CAF\/MSA) est inf\u00e9rieur ou \u00e9gal \u00e0 <\/span><b data-path-to-node=\"7,1,1,0,0\" data-index-in-node=\"78\"><span class=\"citation-107\">800 \u20ac\/mois<\/span><\/b><span class=\"citation-107 citation-end-107\">.<\/span><\/p>\n<\/li>\n<li>\n<p id=\"p-rc_5ccb0a7c5c9b6039-71\" data-path-to-node=\"7,1,1,1,0\"><span class=\"citation-106\">\u00c0 partir du <\/span><b data-path-to-node=\"7,1,1,1,0\" data-index-in-node=\"12\"><span class=\"citation-106\">3\u1d49 enfant<\/span><\/b><span class=\"citation-106 citation-end-106\"> titulaire d&rsquo;un PASS ZOU !<\/span> <span class=\"citation-105 citation-end-105\">dans le m\u00eame foyer.<\/span><\/p>\n<\/li>\n<\/ul>\n<\/li>\n<li>\n<p data-path-to-node=\"7,2,0\"><i data-path-to-node=\"7,2,0\" data-index-in-node=\"0\">Facilit\u00e9 de paiement :<\/i> Possibilit\u00e9 de r\u00e9gler en 3 fois sans frais.<\/p>\n<\/li>\n<\/ul>\n<h3 id=\"p-rc_5ccb0a7c5c9b6039-72\" data-path-to-node=\"8\"><span class=\"citation-104 citation-end-104\">D\u00e9marches d&rsquo;inscription<\/span><\/h3>\n<ol start=\"1\" data-path-to-node=\"9\">\n<li>\n<p id=\"p-rc_5ccb0a7c5c9b6039-73\" data-path-to-node=\"9,0,0\"><span class=\"citation-103\">Rendez-vous sur le site officiel <\/span><a class=\"ng-star-inserted\" href=\"https:\/\/zou.maregionsud.fr\" target=\"_blank\" rel=\"noopener\" data-hveid=\"0\" data-ved=\"0CAAQ_4QMahgKEwiW9LT17ZiWAxUAAAAAHQAAAAAQsAI\"><span class=\"citation-103\">zou.maregionsud.fr<\/span><\/a><span class=\"citation-103 citation-end-103\">.<\/span><\/p>\n<\/li>\n<li>\n<p id=\"p-rc_5ccb0a7c5c9b6039-74\" data-path-to-node=\"9,1,0\"><b data-path-to-node=\"9,1,0\" data-index-in-node=\"0\"><span class=\"citation-102 citation-end-102\">Cr\u00e9ation de compte :<\/span><\/b> Cr\u00e9ez votre espace transport (obligatoire, la souscription doit \u00eatre faite par une personne majeure pour un mineur).<\/p>\n<\/li>\n<li>\n<p id=\"p-rc_5ccb0a7c5c9b6039-75\" data-path-to-node=\"9,2,0\"><b data-path-to-node=\"9,2,0\" data-index-in-node=\"0\"><span class=\"citation-101 citation-end-101\">Pi\u00e8ces justificatives \u00e0 fournir :<\/span><\/b><\/p>\n<ul data-path-to-node=\"9,2,1\">\n<li>\n<p id=\"p-rc_5ccb0a7c5c9b6039-76\" data-path-to-node=\"9,2,1,0,0\"><span class=\"citation-100 citation-end-100\">Photo d&rsquo;identit\u00e9 r\u00e9cente de l&rsquo;\u00e9l\u00e8ve.<\/span><\/p>\n<\/li>\n<li>\n<p id=\"p-rc_5ccb0a7c5c9b6039-77\" data-path-to-node=\"9,2,1,1,0\"><span class=\"citation-99 citation-end-99\">Pi\u00e8ce d&rsquo;identit\u00e9.<\/span><\/p>\n<\/li>\n<li>\n<p id=\"p-rc_5ccb0a7c5c9b6039-78\" data-path-to-node=\"9,2,1,2,0\"><span class=\"citation-98 citation-end-98\">Justificatif de scolarit\u00e9 ou d&rsquo;apprentissage pour l&rsquo;ann\u00e9e 2026-2027.<\/span><\/p>\n<\/li>\n<li>\n<p id=\"p-rc_5ccb0a7c5c9b6039-79\" data-path-to-node=\"9,2,1,3,0\"><span class=\"citation-97 citation-end-97\">Attestation de quotient familial de moins de 3 mois (en cas de demande de tarif r\u00e9duit).<\/span><\/p>\n<\/li>\n<\/ul>\n<\/li>\n<li>\n<p id=\"p-rc_5ccb0a7c5c9b6039-80\" data-path-to-node=\"9,3,0\"><b data-path-to-node=\"9,3,0\" data-index-in-node=\"0\"><span class=\"citation-96 citation-end-96\">Validation et paiement :<\/span><\/b> Le pr\u00e9l\u00e8vement ou r\u00e8glement s&rsquo;effectue apr\u00e8s instruction et validation du dossier par les services r\u00e9gionaux. <span class=\"citation-95 citation-end-95\">La carte est valable 10 ans et se recharge automatiquement chaque ann\u00e9e une fois le renouvellement valid\u00e9.<\/span><\/p>\n<\/li>\n<\/ol>\n<h2 data-path-to-node=\"11\">2. L\u2019e-PASS JEUNES (Culture &amp; Sport)<\/h2>\n<p data-path-to-node=\"12\">L\u2019<b data-path-to-node=\"12\" data-index-in-node=\"2\">e-PASS JEUNES<\/b> est un cr\u00e9dit d&rsquo;un montant total de <b data-path-to-node=\"12\" data-index-in-node=\"52\">80 \u20ac<\/b> sous forme de coupons d\u00e9mat\u00e9rialis\u00e9s utilisables aupr\u00e8s d&rsquo;un r\u00e9seau de partenaires r\u00e9gionaux (librairies, cin\u00e9mas, th\u00e9\u00e2tres, clubs sportifs, etc.).<\/p>\n<h3 data-path-to-node=\"13\">R\u00e9partition du cr\u00e9dit (80 \u20ac)<\/h3>\n<ul data-path-to-node=\"14\">\n<li>\n<p id=\"p-rc_5ccb0a7c5c9b6039-81\" data-path-to-node=\"14,0,0\"><b data-path-to-node=\"14,0,0\" data-index-in-node=\"0\"><span class=\"citation-94 citation-end-94\">28 \u20ac<\/span><\/b> <span class=\"citation-93 citation-end-93\">pour l&rsquo;achat de livres.<\/span><\/p>\n<\/li>\n<li>\n<p id=\"p-rc_5ccb0a7c5c9b6039-82\" data-path-to-node=\"14,1,0\"><b data-path-to-node=\"14,1,0\" data-index-in-node=\"0\"><span class=\"citation-92 citation-end-92\">20 \u20ac<\/span><\/b> pour une licence ou pratique sportive.<\/p>\n<\/li>\n<li>\n<p id=\"p-rc_5ccb0a7c5c9b6039-83\" data-path-to-node=\"14,2,0\"><b data-path-to-node=\"14,2,0\" data-index-in-node=\"0\"><span class=\"citation-91 citation-end-91\">12 \u20ac<\/span><\/b> pour des places de cin\u00e9ma.<\/p>\n<\/li>\n<li>\n<p id=\"p-rc_5ccb0a7c5c9b6039-84\" data-path-to-node=\"14,3,0\"><b data-path-to-node=\"14,3,0\" data-index-in-node=\"0\"><span class=\"citation-90 citation-end-90\">10 \u20ac<\/span><\/b> pour des spectacles ou concerts.<\/p>\n<\/li>\n<li>\n<p id=\"p-rc_5ccb0a7c5c9b6039-85\" data-path-to-node=\"14,4,0\"><b data-path-to-node=\"14,4,0\" data-index-in-node=\"0\"><span class=\"citation-89 citation-end-89\">10 \u20ac<\/span><\/b> <span class=\"citation-88 citation-end-88\">pour une sortie scolaire.<\/span><\/p>\n<\/li>\n<\/ul>\n<h3 data-path-to-node=\"15\">Conditions d&rsquo;\u00e9ligibilit\u00e9<\/h3>\n<ul data-path-to-node=\"16\">\n<li>\n<p id=\"p-rc_5ccb0a7c5c9b6039-86\" data-path-to-node=\"16,0,0\"><b data-path-to-node=\"16,0,0\" data-index-in-node=\"0\">Public concern\u00e9 :<\/b> <span class=\"citation-87\">Jeunes de <\/span><b data-path-to-node=\"16,0,0\" data-index-in-node=\"28\"><span class=\"citation-87\">15 \u00e0 25 ans<\/span><\/b><span class=\"citation-87 citation-end-87\"> scolaris\u00e9s en PACA (lyc\u00e9ens, apprentis, \u00e9tudiants en BTS\/CPGE en lyc\u00e9e, \u00e9l\u00e8ves en MFR\/IME, stagiaires de la formation professionnelle, \u00e9l\u00e8ves du sanitaire et social).<\/span><\/p>\n<\/li>\n<\/ul>\n<h3 data-path-to-node=\"17\">D\u00e9marches d&rsquo;obtention<\/h3>\n<ol start=\"1\" data-path-to-node=\"18\">\n<li>\n<p id=\"p-rc_5ccb0a7c5c9b6039-87\" data-path-to-node=\"18,0,0\"><span class=\"citation-86\">Rendez-vous sur la plateforme <\/span><a class=\"ng-star-inserted\" href=\"https:\/\/e-passjeunes.maregionsud.fr\" target=\"_blank\" rel=\"noopener\" data-hveid=\"0\" data-ved=\"0CAAQ_4QMahgKEwiW9LT17ZiWAxUAAAAAHQAAAAAQvwI\"><span class=\"citation-86\">e-passjeunes.maregionsud.fr<\/span><\/a><span class=\"citation-86\"> ou t\u00e9l\u00e9chargez l&rsquo;application mobile <\/span><b data-path-to-node=\"18,0,0\" data-index-in-node=\"94\"><span class=\"citation-86\">e-PASS JEUNES<\/span><\/b><span class=\"citation-86 citation-end-86\">.<\/span><\/p>\n<\/li>\n<li>\n<p data-path-to-node=\"18,1,0\"><b data-path-to-node=\"18,1,0\" data-index-in-node=\"0\">Cr\u00e9ation du profil :<\/b><\/p>\n<ul data-path-to-node=\"18,1,1\">\n<li>\n<p id=\"p-rc_5ccb0a7c5c9b6039-88\" data-path-to-node=\"18,1,1,0,0\"><span class=\"citation-85\">Si vous \u00eates lyc\u00e9en, vous pouvez directement vous identifier via votre compte <\/span><b data-path-to-node=\"18,1,1,0,0\" data-index-in-node=\"78\"><span class=\"citation-85\">ENT Atrium<\/span><\/b><span class=\"citation-85 citation-end-85\">.<\/span><\/p>\n<\/li>\n<li>\n<p id=\"p-rc_5ccb0a7c5c9b6039-89\" data-path-to-node=\"18,1,1,1,0\"><span class=\"citation-84 citation-end-84\">Sinon, cr\u00e9ez votre compte en joignant un justificatif de scolarit\u00e9\/statut et une pi\u00e8ce d&rsquo;identit\u00e9.<\/span><\/p>\n<\/li>\n<\/ul>\n<\/li>\n<li>\n<p id=\"p-rc_5ccb0a7c5c9b6039-90\" data-path-to-node=\"18,2,0\"><b data-path-to-node=\"18,2,0\" data-index-in-node=\"0\"><span class=\"citation-83 citation-end-83\">Validation :<\/span><\/b> Une fois le compte valid\u00e9 par l&rsquo;\u00e9tablissement ou la R\u00e9gion, le solde de 80 \u20ac est cr\u00e9dit\u00e9 sur l&rsquo;application.<\/p>\n<\/li>\n<li>\n<p id=\"p-rc_5ccb0a7c5c9b6039-91\" data-path-to-node=\"18,3,0\"><b data-path-to-node=\"18,3,0\" data-index-in-node=\"0\"><span class=\"citation-82 citation-end-82\">Utilisation :<\/span><\/b> Les paiements chez les commer\u00e7ants et partenaires affili\u00e9s s&rsquo;effectuent par simple scan de QR code depuis l&rsquo;application.<\/p>\n<\/li>\n<li>\n<p id=\"p-rc_a059c34f2b094124-42\" data-path-to-node=\"0\"><span class=\"citation-191\">La rentr\u00e9e scolaire 2026-2027 s&rsquo;organise selon les modalit\u00e9s et le calendrier de la <\/span><b data-path-to-node=\"0\" data-index-in-node=\"84\"><span class=\"citation-191\">Zone B<\/span><\/b><span class=\"citation-191 citation-end-191\"> (acad\u00e9mies d&rsquo;Aix-Marseille et de Nice).<\/span><\/p>\n<p data-path-to-node=\"2\"><b data-path-to-node=\"2\" data-index-in-node=\"0\">1. Calendrier et rep\u00e8res cl\u00e9s<\/b><\/p>\n<ul data-path-to-node=\"3\">\n<li>\n<p id=\"p-rc_a059c34f2b094124-43\" data-path-to-node=\"3,0,0\"><b data-path-to-node=\"3,0,0\" data-index-in-node=\"0\"><span class=\"citation-190 citation-end-190\">Rentr\u00e9e des enseignants :<\/span><\/b> <span class=\"citation-189 citation-end-189\">Lundi 31 ao\u00fbt 2026.<\/span><\/p>\n<\/li>\n<li>\n<p id=\"p-rc_a059c34f2b094124-44\" data-path-to-node=\"3,1,0\"><b data-path-to-node=\"3,1,0\" data-index-in-node=\"0\"><span class=\"citation-188 citation-end-188\">Rentr\u00e9e des \u00e9l\u00e8ves :<\/span><\/b> <span class=\"citation-187 citation-end-187\">Mardi 1er septembre 2026.<\/span><\/p>\n<\/li>\n<li>\n<p id=\"p-rc_a059c34f2b094124-45\" data-path-to-node=\"3,2,0\"><b data-path-to-node=\"3,2,0\" data-index-in-node=\"0\"><span class=\"citation-186 citation-end-186\">Vacances de la Toussaint :<\/span><\/b> <span class=\"citation-185 citation-end-185\">Du samedi 17 octobre au lundi 2 novembre 2026.<\/span><\/p>\n<\/li>\n<li>\n<p id=\"p-rc_a059c34f2b094124-46\" data-path-to-node=\"3,3,0\"><b data-path-to-node=\"3,3,0\" data-index-in-node=\"0\"><span class=\"citation-184 citation-end-184\">Aide \u00e0 la rentr\u00e9e (ARS) :<\/span><\/b> L&rsquo;Allocation de Rentr\u00e9e Scolaire est vers\u00e9e vers la mi-ao\u00fbt pour les familles \u00e9ligibles.<\/p>\n<\/li>\n<li>\n<div class=\"otQkpb\" role=\"heading\" aria-level=\"3\" data-animation-nesting=\"\" data-sfc-cp=\"\" data-wiz-attrbind=\"aria-level=TvgKNc_v\/fLk2Md\" data-sfc-root=\"ep\" data-copy-service-computed-style=\"font-family: Google Sans, Arial, sans-serif; font-size: 24px; font-weight: 500; margin: 24px 0px 12px; text-decoration: none; border-bottom: 0px rgb(238, 240, 255);\">Dates importantes<!--TgQPHd|||[]--><\/div>\n<div class=\"\" data-bfc=\"\" data-ved=\"2ahUKEwib9e28irKWAxXPVqQEHWJ0MkgQi4wTegoIAggACAAIDRAB\" data-hveid=\"CAIIAAgACA0QAQ\" data-copy-service-computed-style=\"font-family: Google Sans, Arial, sans-serif; font-size: 16px; font-weight: 400; margin: 0px; text-decoration: none; border-bottom: 0px rgb(230, 232, 240);\">\n<ul>\n<li class=\"Z1qcYe\" data-sfc-cp=\"\" data-sfc-root=\"ep\" data-hveid=\"CAIIAAgACA0QAg\" data-copy-service-computed-style=\"font-family: Google Sans, Arial, sans-serif; font-size: 16px; font-weight: 400; margin: 0px 0px 12px; text-decoration: none; border-bottom: 0px rgb(230, 232, 240);\"><span class=\"iNqyIf\" data-sfc-cp=\"\" data-sfc-root=\"ep\" data-copy-service-computed-style=\"font-family: Google Sans, Arial, sans-serif; font-size: 16px; font-weight: 400; margin: 0px; text-decoration: none; border-bottom: 0px rgb(230, 232, 240);\">Rentr\u00e9e des enseignants : lundi 31 ao\u00fbt 2026<!--TgQPHd|||[]--><\/span><!--TgQPHd|||[]--><\/li>\n<\/ul>\n<\/div>\n<div class=\"\" data-bfc=\"\" data-ved=\"2ahUKEwib9e28irKWAxXPVqQEHWJ0MkgQi4wTegoIAggACAAIDRAD\" data-hveid=\"CAIIAAgACA0QAw\" data-copy-service-computed-style=\"font-family: Google Sans, Arial, sans-serif; font-size: 16px; font-weight: 400; margin: 0px; text-decoration: none; border-bottom: 0px rgb(230, 232, 240);\">\n<ul>\n<li class=\"Z1qcYe\" data-sfc-cp=\"\" data-sfc-root=\"ep\" data-hveid=\"CAIIAAgACA0QBA\" data-copy-service-computed-style=\"font-family: Google Sans, Arial, sans-serif; font-size: 16px; font-weight: 400; margin: 0px 0px 12px; text-decoration: none; border-bottom: 0px rgb(230, 232, 240);\"><span class=\"iNqyIf\" data-sfc-cp=\"\" data-sfc-root=\"ep\" data-copy-service-computed-style=\"font-family: Google Sans, Arial, sans-serif; font-size: 16px; font-weight: 400; margin: 0px; text-decoration: none; border-bottom: 0px rgb(230, 232, 240);\">Rentr\u00e9e des \u00e9l\u00e8ves : mardi 1er septembre 2026<!--TgQPHd|||[]--><\/span><!--TgQPHd|||[]--><\/li>\n<\/ul>\n<\/div>\n<div class=\"\" data-bfc=\"\" data-ved=\"2ahUKEwib9e28irKWAxXPVqQEHWJ0MkgQi4wTegoIAggACAAIDRAF\" data-hveid=\"CAIIAAgACA0QBQ\" data-copy-service-computed-style=\"font-family: Google Sans, Arial, sans-serif; font-size: 16px; font-weight: 400; margin: 0px; text-decoration: none; border-bottom: 0px rgb(230, 232, 240);\">\n<ul>\n<li class=\"Z1qcYe\" data-sfc-cp=\"\" data-sfc-root=\"ep\" data-hveid=\"CAIIAAgACA0QBg\" data-copy-service-computed-style=\"font-family: Google Sans, Arial, sans-serif; font-size: 16px; font-weight: 400; margin: 0px 0px 12px; text-decoration: none; border-bottom: 0px rgb(230, 232, 240);\"><span class=\"iNqyIf\" data-sfc-cp=\"\" data-sfc-root=\"ep\" data-copy-service-computed-style=\"font-family: Google Sans, Arial, sans-serif; font-size: 16px; font-weight: 400; margin: 0px; text-decoration: none; border-bottom: 0px rgb(230, 232, 240);\">Toussaint : du 17 octobre au 2 novembre 2026<!--TgQPHd|||[]--><\/span><!--TgQPHd|||[]--><\/li>\n<\/ul>\n<\/div>\n<div class=\"\" data-bfc=\"\" data-ved=\"2ahUKEwib9e28irKWAxXPVqQEHWJ0MkgQi4wTegoIAggACAAIDRAH\" data-hveid=\"CAIIAAgACA0QBw\" data-copy-service-computed-style=\"font-family: Google Sans, Arial, sans-serif; font-size: 16px; font-weight: 400; margin: 0px; text-decoration: none; border-bottom: 0px rgb(230, 232, 240);\">\n<ul>\n<li class=\"Z1qcYe\" data-sfc-cp=\"\" data-sfc-root=\"ep\" data-hveid=\"CAIIAAgACA0QCA\" data-copy-service-computed-style=\"font-family: Google Sans, Arial, sans-serif; font-size: 16px; font-weight: 400; margin: 0px 0px 12px; text-decoration: none; border-bottom: 0px rgb(230, 232, 240);\"><span class=\"iNqyIf\" data-sfc-cp=\"\" data-sfc-root=\"ep\" data-copy-service-computed-style=\"font-family: Google Sans, Arial, sans-serif; font-size: 16px; font-weight: 400; margin: 0px; text-decoration: none; border-bottom: 0px rgb(230, 232, 240);\">No\u00ebl : du 19 d\u00e9cembre 2026 au 4 janvier 2027<!--TgQPHd|||[]--><\/span><!--TgQPHd|||[]--><\/li>\n<\/ul>\n<\/div>\n<div class=\"\" data-bfc=\"\" data-ved=\"2ahUKEwib9e28irKWAxXPVqQEHWJ0MkgQi4wTegoIAggACAAIDRAJ\" data-hveid=\"CAIIAAgACA0QCQ\" data-copy-service-computed-style=\"font-family: Google Sans, Arial, sans-serif; font-size: 16px; font-weight: 400; margin: 0px; text-decoration: none; border-bottom: 0px rgb(230, 232, 240);\">\n<ul>\n<li class=\"Z1qcYe\" data-sfc-cp=\"\" data-sfc-root=\"ep\" data-hveid=\"CAIIAAgACA0QCg\" data-copy-service-computed-style=\"font-family: Google Sans, Arial, sans-serif; font-size: 16px; font-weight: 400; margin: 0px 0px 12px; text-decoration: none; border-bottom: 0px rgb(230, 232, 240);\"><span class=\"iNqyIf\" data-sfc-cp=\"\" data-sfc-root=\"ep\" data-copy-service-computed-style=\"font-family: Google Sans, Arial, sans-serif; font-size: 16px; font-weight: 400; margin: 0px; text-decoration: none; border-bottom: 0px rgb(230, 232, 240);\">Hiver : du 20 f\u00e9vrier au 8 mars 2027<!--TgQPHd|||[]--><\/span><!--TgQPHd|||[]--><\/li>\n<\/ul>\n<\/div>\n<div class=\"\" data-bfc=\"\" data-ved=\"2ahUKEwib9e28irKWAxXPVqQEHWJ0MkgQi4wTegoIAggACAAIDRAL\" data-hveid=\"CAIIAAgACA0QCw\" data-copy-service-computed-style=\"font-family: Google Sans, Arial, sans-serif; font-size: 16px; font-weight: 400; margin: 0px; text-decoration: none; border-bottom: 0px rgb(230, 232, 240);\">\n<ul>\n<li class=\"Z1qcYe\" data-sfc-cp=\"\" data-sfc-root=\"ep\" data-hveid=\"CAIIAAgACA0QDA\" data-copy-service-computed-style=\"font-family: Google Sans, Arial, sans-serif; font-size: 16px; font-weight: 400; margin: 0px 0px 12px; text-decoration: none; border-bottom: 0px rgb(230, 232, 240);\"><span class=\"iNqyIf\" data-sfc-cp=\"\" data-sfc-root=\"ep\" data-copy-service-computed-style=\"font-family: Google Sans, Arial, sans-serif; font-size: 16px; font-weight: 400; margin: 0px; text-decoration: none; border-bottom: 0px rgb(230, 232, 240);\">Printemps : du 17 avril au 3 mai 2027<!--TgQPHd|||[]--><\/span><!--TgQPHd|||[]--><\/li>\n<\/ul>\n<\/div>\n<div class=\"\" data-bfc=\"\" data-ved=\"2ahUKEwib9e28irKWAxXPVqQEHWJ0MkgQi4wTegoIAggACAAIDRAN\" data-hveid=\"CAIIAAgACA0QDQ\" data-copy-service-computed-style=\"font-family: Google Sans, Arial, sans-serif; font-size: 16px; font-weight: 400; margin: 0px; text-decoration: none; border-bottom: 0px rgb(230, 232, 240);\">\n<ul>\n<li class=\"Z1qcYe\" data-sfc-cp=\"\" data-sfc-root=\"ep\" data-hveid=\"CAIIAAgACA0QDg\" data-copy-service-computed-style=\"font-family: Google Sans, Arial, sans-serif; font-size: 16px; font-weight: 400; margin: 0px 0px 12px; text-decoration: none; border-bottom: 0px rgb(230, 232, 240);\"><span class=\"iNqyIf\" data-sfc-cp=\"\" data-sfc-root=\"ep\" data-copy-service-computed-style=\"font-family: Google Sans, Arial, sans-serif; font-size: 16px; font-weight: 400; margin: 0px; text-decoration: none; border-bottom: 0px rgb(230, 232, 240);\">\u00c9t\u00e9 : samedi 3 juillet 2027<\/span><\/li>\n<\/ul>\n<\/div>\n<\/li>\n<\/ul>\n<p data-path-to-node=\"5\"><b data-path-to-node=\"5\" data-index-in-node=\"0\">2. Initiatves locales dans la r\u00e9gion<\/b><\/p>\n<ul data-path-to-node=\"6\">\n<li>\n<p id=\"p-rc_a059c34f2b094124-47\" data-path-to-node=\"6,0,0\"><b data-path-to-node=\"6,0,0\" data-index-in-node=\"0\">Marseille (\u00c9coles primaires) :<\/b> <span class=\"citation-183 citation-end-183\">La municipalit\u00e9 poursuit la gratuit\u00e9 du kit complet de fournitures scolaires (cahiers, trousse, petit mat\u00e9riel) distribu\u00e9 directement aux \u00e9l\u00e8ves en classe.<\/span><\/p>\n<\/li>\n<li>\n<p id=\"p-rc_a059c34f2b094124-48\" data-path-to-node=\"6,1,0\"><b data-path-to-node=\"6,1,0\" data-index-in-node=\"0\">Bouches-du-Rh\u00f4ne (Coll\u00e8ges) :<\/b> <span class=\"citation-182\">Le D\u00e9partement offre le <\/span><b data-path-to-node=\"6,1,0\" data-index-in-node=\"54\"><span class=\"citation-182\">Kit Coll\u00e9gien<\/span><\/b><span class=\"citation-182 citation-end-182\"> distribuant un pack complet de fournitures \u00e0 la rentr\u00e9e (calculatrice scientifique Texas Instruments, compas, cahiers, stylos, r\u00e8gle).<\/span><\/p>\n<\/li>\n<li>\n<p data-path-to-node=\"6,2,0\"><b data-path-to-node=\"6,2,0\" data-index-in-node=\"0\">R\u00e9gion Sud \/ PACA (Lyc\u00e9es) :<\/b><\/p>\n<ul data-path-to-node=\"6,2,1\">\n<li>\n<p data-path-to-node=\"6,2,1,0,0\"><b data-path-to-node=\"6,2,1,0,0\" data-index-in-node=\"0\">Pass ZOU! :<\/b> Abonnement de transport \u00e0 tarif pr\u00e9f\u00e9rentiel pour les jeunes (trains r\u00e9gionaux et bus ZOU!).<\/p>\n<\/li>\n<li>\n<p data-path-to-node=\"6,2,1,1,0\"><b data-path-to-node=\"6,2,1,1,0\" data-index-in-node=\"0\">Pass Culture \/ ePASS JEUNES :<\/b> Cr\u00e9dits d&rsquo;acc\u00e8s aux livres, cin\u00e9mas, spectacles et sorties culturelles pour les lyc\u00e9ens et apprentis.<\/p>\n<\/li>\n<li>\n<p data-path-to-node=\"6,2,1,2,0\"><b data-path-to-node=\"6,2,1,2,0\" data-index-in-node=\"0\">Manuels scolaires :<\/b> Prise en charge ou mise \u00e0 disposition des manuels\/ressources num\u00e9riques selon les \u00e9tablissements.<\/p>\n<\/li>\n<\/ul>\n<\/li>\n<\/ul>\n<p data-path-to-node=\"8\"><b data-path-to-node=\"8\" data-index-in-node=\"0\">3. Fournitures scolaires selon le niveau<\/b><\/p>\n<p data-path-to-node=\"9\">Le minist\u00e8re de l&rsquo;\u00c9ducation nationale recommande de privil\u00e9gier des produits r\u00e9utilisables et recyclables.<\/p>\n<p id=\"p-rc_a059c34f2b094124-49\" data-path-to-node=\"10\"><b data-path-to-node=\"10\" data-index-in-node=\"0\"><span class=\"citation-181 citation-end-181\">\u00c9cole Maternelle<\/span><\/b><\/p>\n<ul data-path-to-node=\"11\">\n<li>\n<p id=\"p-rc_a059c34f2b094124-50\" data-path-to-node=\"11,0,0\"><span class=\"citation-180 citation-end-180\">Sac \u00e0 dos l\u00e9ger ou cartable adapt\u00e9 (sans roulettes de pr\u00e9f\u00e9rence).<\/span><\/p>\n<\/li>\n<li>\n<p data-path-to-node=\"11,1,0\">Tenue de rechange \u00e9tiquet\u00e9e au nom de l&rsquo;enfant.<\/p>\n<\/li>\n<li>\n<p id=\"p-rc_a059c34f2b094124-51\" data-path-to-node=\"11,2,0\"><span class=\"citation-179 citation-end-179\">Gourde, bo\u00eete de mouchoirs, doudou (si demand\u00e9).<\/span><\/p>\n<\/li>\n<\/ul>\n<p id=\"p-rc_a059c34f2b094124-52\" data-path-to-node=\"12\"><b data-path-to-node=\"12\" data-index-in-node=\"0\"><span class=\"citation-178 citation-end-178\">\u00c9cole \u00c9l\u00e9mentaire (CP \u00e0 CM2)<\/span><\/b><\/p>\n<ul data-path-to-node=\"13\">\n<li>\n<p id=\"p-rc_a059c34f2b094124-53\" data-path-to-node=\"13,0,0\"><b data-path-to-node=\"13,0,0\" data-index-in-node=\"0\"><span class=\"citation-177 citation-end-177\">Cartable :<\/span><\/b> Format 35-38 cm permettant d&rsquo;ins\u00e9rer des cahiers 24&#215;32 cm \u00e0 plat.<\/p>\n<\/li>\n<li>\n<p id=\"p-rc_a059c34f2b094124-54\" data-path-to-node=\"13,1,0\"><b data-path-to-node=\"13,1,0\" data-index-in-node=\"0\">\u00c9criture &amp; Dessin :<\/b> <span class=\"citation-176 citation-end-176\">Crayons \u00e0 papier HB, stylos bille (bleu, rouge, vert, noir) ou stylo plume (d\u00e8s le CE2\/CM1), gomme, taille-crayon \u00e0 r\u00e9servoir, b\u00e2tons de colle, crayons de couleur et feutres.<\/span><\/p>\n<\/li>\n<li>\n<p id=\"p-rc_a059c34f2b094124-55\" data-path-to-node=\"13,2,0\"><b data-path-to-node=\"13,2,0\" data-index-in-node=\"0\"><span class=\"citation-175 citation-end-175\">Cahiers &amp; Classeurs :<\/span><\/b> <span class=\"citation-174 citation-end-174\">Cahiers grand format 24&#215;32 cm (grands carreaux Sey\u00e8s), prot\u00e8ge-cahiers, trousse.<\/span><\/p>\n<\/li>\n<li>\n<p id=\"p-rc_a059c34f2b094124-56\" data-path-to-node=\"13,3,0\"><b data-path-to-node=\"13,3,0\" data-index-in-node=\"0\"><span class=\"citation-173 citation-end-173\">G\u00e9om\u00e9trie :<\/span><\/b> <span class=\"citation-172 citation-end-172\">R\u00e8gle incassable 30 cm, \u00e9querre, compas (d\u00e8s le CM1).<\/span><\/p>\n<\/li>\n<li>\n<p id=\"p-rc_a059c34f2b094124-57\" data-path-to-node=\"13,4,0\"><b data-path-to-node=\"13,4,0\" data-index-in-node=\"0\"><span class=\"citation-171 citation-end-171\">Divers :<\/span><\/b> <span class=\"citation-170 citation-end-170\">Ardoise effa\u00e7able avec feutres, ciseaux \u00e0 bouts ronds, agenda ou cahier de texte.<\/span><\/p>\n<\/li>\n<\/ul>\n<p id=\"p-rc_a059c34f2b094124-58\" data-path-to-node=\"14\"><b data-path-to-node=\"14\" data-index-in-node=\"0\"><span class=\"citation-169 citation-end-169\">Coll\u00e8ge (6e \u00e0 3e)<\/span><\/b><\/p>\n<ul data-path-to-node=\"15\">\n<li>\n<p id=\"p-rc_a059c34f2b094124-59\" data-path-to-node=\"15,0,0\"><b data-path-to-node=\"15,0,0\" data-index-in-node=\"0\"><span class=\"citation-168 citation-end-168\">Organisation :<\/span><\/b> <span class=\"citation-167 citation-end-167\">Agenda scolaire, cahiers 24&#215;32 cm (96 pages), classeurs A4 avec intercalaires, pochettes plastiques transparentes et copies simples\/doubles perfor\u00e9es.<\/span><\/p>\n<\/li>\n<li>\n<p id=\"p-rc_a059c34f2b094124-60\" data-path-to-node=\"15,1,0\"><b data-path-to-node=\"15,1,0\" data-index-in-node=\"0\">Mat\u00e9riel de pr\u00e9cision :<\/b> <span class=\"citation-166 citation-end-166\">R\u00e8gle plate 30 cm, \u00e9querre, rapporteur transparent, compas de pr\u00e9cision.<\/span><\/p>\n<\/li>\n<li>\n<p data-path-to-node=\"15,2,0\"><b data-path-to-node=\"15,2,0\" data-index-in-node=\"0\">Mat\u00e9riel sp\u00e9cifique :<\/b> Calculatrice scientifique type Coll\u00e8ge (souvent fournie en 6e dans certains d\u00e9partements). Trousse compl\u00e8te avec surligneurs et correcteur.<\/p>\n<\/li>\n<li>\n<p id=\"p-rc_a059c34f2b094124-61\" data-path-to-node=\"15,3,0\"><b data-path-to-node=\"15,3,0\" data-index-in-node=\"0\"><span class=\"citation-165 citation-end-165\">\u00c9quipement :<\/span><\/b> <span class=\"citation-164 citation-end-164\">Cadenas pour le casier, cl\u00e9 USB (selon les options).<\/span><\/p>\n<\/li>\n<\/ul>\n<p id=\"p-rc_a059c34f2b094124-62\" data-path-to-node=\"16\"><b data-path-to-node=\"16\" data-index-in-node=\"0\"><span class=\"citation-163 citation-end-163\">Lyc\u00e9e (Seconde \u00e0 Terminale)<\/span><\/b><\/p>\n<ul data-path-to-node=\"17\">\n<li>\n<p data-path-to-node=\"17,0,0\"><b data-path-to-node=\"17,0,0\" data-index-in-node=\"0\">Prise de notes :<\/b> Trieurs \u00e0 soufflets ou classeurs l\u00e9gers pour la journ\u00e9e, gros stocks de copies simples\/doubles A4.<\/p>\n<\/li>\n<li>\n<p id=\"p-rc_a059c34f2b094124-63\" data-path-to-node=\"17,1,0\"><b data-path-to-node=\"17,1,0\" data-index-in-node=\"0\"><span class=\"citation-162 citation-end-162\">Sciences :<\/span><\/b> Calculatrice graphique programmable dot\u00e9e du <b data-path-to-node=\"17,1,0\" data-index-in-node=\"56\">mode examen<\/b> (wait &amp; see la pr\u00e9conisation de l&rsquo;enseignant de math\u00e9matiques avant achat), blouse en coton pour la physique-chimie.<\/p>\n<\/li>\n<li>\n<p id=\"p-rc_a059c34f2b094124-64\" data-path-to-node=\"17,2,0\"><b data-path-to-node=\"17,2,0\" data-index-in-node=\"0\"><span class=\"citation-161 citation-end-161\">Num\u00e9rique :<\/span><\/b> <span class=\"citation-160 citation-end-160\">Ordinateur portable ou tablette selon les besoins de la fili\u00e8re et la dotation r\u00e9gionale.<\/span><\/p>\n<\/li>\n<\/ul>\n<p data-path-to-node=\"18\"><i data-path-to-node=\"18\" data-index-in-node=\"0\">Conseil : V\u00e9rifiez l&rsquo;inventaire des fournitures de l&rsquo;ann\u00e9e pr\u00e9c\u00e9dente (compas, r\u00e8gle, ciseaux) pour \u00e9viter les doublons inutiles avant de faire les achats.<\/i><\/p>\n<\/li>\n<\/ol>\n<\/li>\n<\/ul>\n<p><img loading=\"lazy\" decoding=\"async\" class=\"alignnone wp-image-2362\" src=\"https:\/\/www.laurensoff.com\/wordpress\/wp-content\/uploads\/2026\/08\/P1100034.MP4.00_00_33_00.Still001-1.jpg\" alt=\"\" width=\"473\" height=\"182\" srcset=\"https:\/\/www.laurensoff.com\/wordpress\/wp-content\/uploads\/2026\/08\/P1100034.MP4.00_00_33_00.Still001-1.jpg 1024w, https:\/\/www.laurensoff.com\/wordpress\/wp-content\/uploads\/2026\/08\/P1100034.MP4.00_00_33_00.Still001-1-300x115.jpg 300w, https:\/\/www.laurensoff.com\/wordpress\/wp-content\/uploads\/2026\/08\/P1100034.MP4.00_00_33_00.Still001-1-768x296.jpg 768w, https:\/\/www.laurensoff.com\/wordpress\/wp-content\/uploads\/2026\/08\/P1100034.MP4.00_00_33_00.Still001-1-600x231.jpg 600w\" sizes=\"auto, (max-width: 473px) 100vw, 473px\" \/><\/p>\n","protected":false},"excerpt":{"rendered":"<p>Voici un point d&rsquo;\u00e9tape sur la rentr\u00e9e scolaire 2026-2027 dans la r\u00e9gion Provence-Alpes-C\u00f4te d&rsquo;Azur (R\u00e9gion&#8230;<\/p>\n","protected":false},"author":1,"featured_media":2361,"comment_status":"open","ping_status":"closed","sticky":false,"template":"","format":"standard","meta":{"_jetpack_newsletter_access":"","_jetpack_dont_email_post_to_subs":false,"_jetpack_newsletter_tier_id":0,"_jetpack_memberships_contains_paywalled_content":false,"_jetpack_feature_clip_id":0,"_jetpack_memberships_contains_paid_content":false,"footnotes":"","jetpack_publicize_message":"","jetpack_publicize_feature_enabled":true,"jetpack_social_post_already_shared":true,"jetpack_social_options":{"image_generator_settings":{"template":"highway","default_image_id":0,"font":"","enabled":false},"version":2},"jetpack_post_was_ever_published":false},"categories":[1165,1164],"tags":[],"class_list":["post-2360","post","type-post","status-publish","format-standard","has-post-thumbnail","hentry","category-ecole","category-rentree-scolaire-2026-2027"],"jetpack_publicize_connections":[],"jetpack_sharing_enabled":true,"jetpack_featured_media_url":"https:\/\/www.laurensoff.com\/wordpress\/wp-content\/uploads\/2026\/08\/P1100034.MP4.00_00_33_00.Still001-e1786461468200.jpg","_links":{"self":[{"href":"https:\/\/www.laurensoff.com\/wordpress\/wp-json\/wp\/v2\/posts\/2360","targetHints":{"allow":["GET"]}}],"collection":[{"href":"https:\/\/www.laurensoff.com\/wordpress\/wp-json\/wp\/v2\/posts"}],"about":[{"href":"https:\/\/www.laurensoff.com\/wordpress\/wp-json\/wp\/v2\/types\/post"}],"author":[{"embeddable":true,"href":"https:\/\/www.laurensoff.com\/wordpress\/wp-json\/wp\/v2\/users\/1"}],"replies":[{"embeddable":true,"href":"https:\/\/www.laurensoff.com\/wordpress\/wp-json\/wp\/v2\/comments?post=2360"}],"version-history":[{"count":3,"href":"https:\/\/www.laurensoff.com\/wordpress\/wp-json\/wp\/v2\/posts\/2360\/revisions"}],"predecessor-version":[{"id":2587,"href":"https:\/\/www.laurensoff.com\/wordpress\/wp-json\/wp\/v2\/posts\/2360\/revisions\/2587"}],"wp:featuredmedia":[{"embeddable":true,"href":"https:\/\/www.laurensoff.com\/wordpress\/wp-json\/wp\/v2\/media\/2361"}],"wp:attachment":[{"href":"https:\/\/www.laurensoff.com\/wordpress\/wp-json\/wp\/v2\/media?parent=2360"}],"wp:term":[{"taxonomy":"category","embeddable":true,"href":"https:\/\/www.laurensoff.com\/wordpress\/wp-json\/wp\/v2\/categories?post=2360"},{"taxonomy":"post_tag","embeddable":true,"href":"https:\/\/www.laurensoff.com\/wordpress\/wp-json\/wp\/v2\/tags?post=2360"}],"curies":[{"name":"wp","href":"https:\/\/api.w.org\/{rel}","templated":true}]}}