{"id":2327,"date":"2026-08-09T11:31:09","date_gmt":"2026-08-09T10:31:09","guid":{"rendered":"https:\/\/www.laurensoff.com\/wordpress\/?p=2327"},"modified":"2026-08-09T11:32:20","modified_gmt":"2026-08-09T10:32:20","slug":"disparition-de-michel-dejeneffe-le-ventriloque-et-createur-de-tatayet","status":"publish","type":"post","link":"https:\/\/www.laurensoff.com\/wordpress\/disparition-de-michel-dejeneffe-le-ventriloque-et-createur-de-tatayet\/","title":{"rendered":"Disparition de Michel Dejeneffe, le ventriloque et cr\u00e9ateur de Tatayet"},"content":{"rendered":"<h1><span class=\"headline\">Disparition <\/span> Michel Dejeneffe, le papa de Tatayet, s\u2019est \u00e9teint dans la Loire<\/h1>\n<div class=\"chapo\">\n<p>Pendant plus de quarante ans, le ventriloque Michel Dejeneffe a fait rire des g\u00e9n\u00e9rations avec sa marionnette. D&rsquo;origine belge, il \u00e9tait install\u00e9 dans le Forez depuis plusieurs ann\u00e9es.<\/p>\n<div class=\"textComponent element1\">\n<p>Michel Dejeneffe, le c\u00e9l\u00e8bre marionnettiste belge, est mort le vendredi 7 ao\u00fbt \u00e0 l&rsquo;\u00e2ge de 76 ans dans la r\u00e9gion de Saint-\u00c9tienne, ont indiqu\u00e9 ses proches \u00e0 la presse belge.<\/p>\n<\/div>\n<div class=\"textComponent element3\">\n<p>N\u00e9 \u00e0 Namur en 1948, ancien instituteur, Michel Dejeneffe avait cr\u00e9\u00e9 Tatayet en 1975, \u00e0 partir d\u2019un col de fourrure offert par une pensionnaire de maison de retraite. Il s\u2019est fait conna\u00eetre dans les ann\u00e9es 70-80, gr\u00e2ce \u00e0 ses num\u00e9ros de ventriloque avec son inoubliable marionnette.<\/p>\n<\/div>\n<\/div>\n<p><span id=\"_2FJ4avSdLKvBi-gP-Zq5gAM_69\" class=\"K6pdKd wtBS9\">Tatayet [tataj\u025b] est une marionnette anim\u00e9e par le ventriloque belge Michel Dejeneffe \u00e0 partir de 1975. Tatayet est n\u00e9 le 15 d\u00e9cembre 1975 selon Michel Dejeneffe, \u00e0 partir d&rsquo;un col de fourrure que lui avait donn\u00e9 la pensionnaire d&rsquo;une maison de retraite.<\/span><\/p>\n","protected":false},"excerpt":{"rendered":"<p>Disparition Michel Dejeneffe, le papa de Tatayet, s\u2019est \u00e9teint dans la Loire Pendant plus de&#8230;<\/p>\n","protected":false},"author":1,"featured_media":2328,"comment_status":"open","ping_status":"closed","sticky":false,"template":"","format":"standard","meta":{"_jetpack_newsletter_access":"","_jetpack_dont_email_post_to_subs":false,"_jetpack_newsletter_tier_id":0,"_jetpack_memberships_contains_paywalled_content":false,"_jetpack_feature_clip_id":0,"_jetpack_memberships_contains_paid_content":false,"footnotes":"","jetpack_publicize_message":"","jetpack_publicize_feature_enabled":true,"jetpack_social_post_already_shared":true,"jetpack_social_options":{"image_generator_settings":{"template":"highway","default_image_id":0,"font":"","enabled":false},"version":2},"jetpack_post_was_ever_published":false},"categories":[741,852,208,377],"tags":[1141,1140],"class_list":["post-2327","post","type-post","status-publish","format-standard","has-post-thumbnail","hentry","category-741","category-70s","category-80s","category-disparition","tag-michel-dejeneffe","tag-tatayet"],"jetpack_publicize_connections":[],"jetpack_sharing_enabled":true,"jetpack_featured_media_url":"https:\/\/www.laurensoff.com\/wordpress\/wp-content\/uploads\/2026\/08\/1444x920_x-2-x-64-pieces-e1786271424202.webp","_links":{"self":[{"href":"https:\/\/www.laurensoff.com\/wordpress\/wp-json\/wp\/v2\/posts\/2327","targetHints":{"allow":["GET"]}}],"collection":[{"href":"https:\/\/www.laurensoff.com\/wordpress\/wp-json\/wp\/v2\/posts"}],"about":[{"href":"https:\/\/www.laurensoff.com\/wordpress\/wp-json\/wp\/v2\/types\/post"}],"author":[{"embeddable":true,"href":"https:\/\/www.laurensoff.com\/wordpress\/wp-json\/wp\/v2\/users\/1"}],"replies":[{"embeddable":true,"href":"https:\/\/www.laurensoff.com\/wordpress\/wp-json\/wp\/v2\/comments?post=2327"}],"version-history":[{"count":2,"href":"https:\/\/www.laurensoff.com\/wordpress\/wp-json\/wp\/v2\/posts\/2327\/revisions"}],"predecessor-version":[{"id":2331,"href":"https:\/\/www.laurensoff.com\/wordpress\/wp-json\/wp\/v2\/posts\/2327\/revisions\/2331"}],"wp:featuredmedia":[{"embeddable":true,"href":"https:\/\/www.laurensoff.com\/wordpress\/wp-json\/wp\/v2\/media\/2328"}],"wp:attachment":[{"href":"https:\/\/www.laurensoff.com\/wordpress\/wp-json\/wp\/v2\/media?parent=2327"}],"wp:term":[{"taxonomy":"category","embeddable":true,"href":"https:\/\/www.laurensoff.com\/wordpress\/wp-json\/wp\/v2\/categories?post=2327"},{"taxonomy":"post_tag","embeddable":true,"href":"https:\/\/www.laurensoff.com\/wordpress\/wp-json\/wp\/v2\/tags?post=2327"}],"curies":[{"name":"wp","href":"https:\/\/api.w.org\/{rel}","templated":true}]}}