{"id":2298,"date":"2026-08-07T12:31:20","date_gmt":"2026-08-07T11:31:20","guid":{"rendered":"https:\/\/www.laurensoff.com\/wordpress\/?p=2298"},"modified":"2026-08-30T20:30:18","modified_gmt":"2026-08-30T19:30:18","slug":"cine-debat-peut-etre-un-jour-de-laurens-presente-par-alice-lecomte-au-cgr-le-spot-la-ciotat","status":"publish","type":"post","link":"https:\/\/www.laurensoff.com\/wordpress\/cine-debat-peut-etre-un-jour-de-laurens-presente-par-alice-lecomte-au-cgr-le-spot-la-ciotat\/","title":{"rendered":"CIN\u00c9-D\u00c9BAT Peut-\u00eatre un jour de LAURENS pr\u00e9sent\u00e9 par Alice Lecomte Le jeudi 17 septembre 2026 au CGR Le Spot La Ciotat . 19h00"},"content":{"rendered":"<div class=\"xdj266r x14z9mp xat24cr x1lziwak x1vvkbs x126k92a\">\n<div dir=\"auto\">Content de vous revoir ! en Septembre En esp\u00e9rant que vous passez de bonnes vacances !<\/div>\n<div dir=\"auto\"><\/div>\n<div dir=\"auto\"><strong><span class=\"html-span xexx8yu xyri2b x18d9i69 x1c1uobl x1hl2dhg x16tdsg8 x1vvkbs x3nfvp2 x1j61x8r x1fcty0u xdj266r xat24cr xm2jcoa x1mpyi22 xxymvpz xlup9mm x1kky2od\"><img loading=\"lazy\" decoding=\"async\" class=\"xz74otr x15mokao x1ga7v0g x16uus16 xbiv7yw\" src=\"https:\/\/static.xx.fbcdn.net\/images\/emoji.php\/v9\/t2d\/1\/16\/1f3ac.png\" alt=\"\ud83c\udfac\" width=\"16\" height=\"16\" \/><\/span> CIN\u00c9-D\u00c9BAT \u2013 \u201cPeut-\u00eatre un jour\u201d film de LAURENS<\/strong><\/div>\n<div dir=\"auto\">R\u00e9servez votre place ici<\/div>\n<div dir=\"auto\"><strong><a href=\"https:\/\/achat.cgrcinemas.fr\/laciotat\/reserver\/F635868\/D1789664400\/VF\/1096702\/\">https:\/\/achat.cgrcinemas.fr\/laciotat\/reserver\/F635868\/D1789664400\/VF\/1096702\/<\/a><\/strong><\/div>\n<div dir=\"auto\"><\/div>\n<div dir=\"auto\">Horaires avec lien de r\u00e9servation \u00e0 venir d\u00e9but fin Ao\u00fbt \/ Septembre les amis Avec Alice, on vous attend nombreuses et nombreux.<\/div>\n<div dir=\"auto\"><\/div>\n<\/div>\n<div class=\"x14z9mp xat24cr x1lziwak x1vvkbs xtlvy1s x126k92a\">\n<div dir=\"auto\">Et si une seule d\u00e9cision, prise dans le silence, pouvait bouleverser toute une vie ?<\/div>\n<\/div>\n<div class=\"x14z9mp xat24cr x1lziwak x1vvkbs xtlvy1s x126k92a\">\n<div dir=\"auto\">Peut-\u00eatre un jour est un film bouleversant ,une qu\u00eate de v\u00e9rit\u00e9 o\u00f9 les secrets de famille, le poids du silence et les choix des adultes viennent interroger le destin de chacun. <strong>(AlloCin\u00e9\u2060)<\/strong><!-- Le lien sur lequel l'utilisateur clique --><\/div>\n<h2 id=\"Teaser\">Teaser<\/h2>\n\n<div data-video-id=\"2\" class=\"wp-block-html5-player-video html5_video_players\" data-attributes=\"{&quot;is_classic&quot;:true,&quot;provider&quot;:&quot;self-hosted&quot;,&quot;imported&quot;:false,&quot;clientId&quot;:&quot;&quot;,&quot;uniqueId&quot;:&quot;h5vp1&quot;,&quot;source&quot;:&quot;https:\\\/\\\/www.laurensoff.com\\\/wordpress\\\/wp-content\\\/uploads\\\/2025\\\/10\\\/teaserPEUJ\\u00a9LAURENS.mp4&quot;,&quot;poster&quot;:&quot;https:\\\/\\\/www.laurensoff.com\\\/wordpress\\\/wp-content\\\/uploads\\\/2026\\\/08\\\/teaserpic.jpg&quot;,&quot;subtitle&quot;:[],&quot;skin&quot;:&quot;default&quot;,&quot;options&quot;:{&quot;controls&quot;:[&quot;play-large&quot;,&quot;play&quot;,&quot;progress&quot;,&quot;current-time&quot;,&quot;mute&quot;,&quot;volume&quot;,&quot;settings&quot;,&quot;pip&quot;,&quot;download&quot;,&quot;fullscreen&quot;],&quot;settings&quot;:[&quot;captions&quot;,&quot;quality&quot;,&quot;speed&quot;,&quot;loop&quot;],&quot;loadSprite&quot;:true,&quot;autoplay&quot;:false,&quot;playsinline&quot;:true,&quot;seekTime&quot;:10,&quot;volume&quot;:1,&quot;muted&quot;:false,&quot;hideControls&quot;:true,&quot;resetOnEnd&quot;:true,&quot;tooltips&quot;:{&quot;controls&quot;:true,&quot;seek&quot;:true},&quot;ratio&quot;:null,&quot;storage&quot;:{&quot;enabled&quot;:true,&quot;key&quot;:&quot;plyr&quot;},&quot;loop&quot;:{&quot;active&quot;:false},&quot;preload&quot;:&quot;metadata&quot;,&quot;speed&quot;:{&quot;options&quot;:[&quot;0.5&quot;,&quot;0.75&quot;,&quot;1&quot;,&quot;1.25&quot;,&quot;1.5&quot;,&quot;1.75&quot;,&quot;2&quot;,&quot;4&quot;]}},&quot;features&quot;:{&quot;passwordProtected&quot;:{&quot;password&quot;:null}},&quot;styles&quot;:{&quot;plyr_wrapper&quot;:{&quot;width&quot;:&quot;100%&quot;,&quot;borderRadius&quot;:&quot;0px&quot;,&quot;overflow&quot;:&quot;hidden&quot;},&quot;.plyr&quot;:{&quot;--plyr-color-main&quot;:&quot;#00b2ff&quot;}},&quot;brandColor&quot;:&quot;#00B3FF&quot;,&quot;radius&quot;:{&quot;number&quot;:20,&quot;unit&quot;:&quot;px&quot;},&quot;preload&quot;:&quot;metadata&quot;,&quot;controls&quot;:{&quot;play-large&quot;:true,&quot;restart&quot;:false,&quot;rewind&quot;:false,&quot;play&quot;:true,&quot;fast-forward&quot;:false,&quot;progress&quot;:true,&quot;current-time&quot;:true,&quot;duration&quot;:false,&quot;mute&quot;:true,&quot;volume&quot;:true,&quot;pip&quot;:false,&quot;airplay&quot;:false,&quot;settings&quot;:true,&quot;downlaod&quot;:false,&quot;fullscreen&quot;:true},&quot;width&quot;:{&quot;deprecated&quot;:true,&quot;number&quot;:100,&quot;unit&quot;:&quot;%&quot;},&quot;repeat&quot;:false,&quot;autoplay&quot;:false,&quot;muted&quot;:false,&quot;playsinline&quot;:false,&quot;resetOnEnd&quot;:false,&quot;autoHideControl&quot;:true,&quot;video_id&quot;:2}\">\n<\/div>\n<div class=\"x14z9mp xat24cr x1lziwak x1vvkbs xtlvy1s x126k92a\">\n<div dir=\"auto\"><\/div>\n<div dir=\"auto\">\u00c0 travers cette projection, nous vous invitons \u00e0 partager un moment d\u2019\u00e9motion, d\u2019\u00e9change et de r\u00e9flexion. Parce que certaines histoires ne se regardent pas seulement\u2026 elles se vivent et se d\u00e9battent.<\/div>\n<\/div>\n<div class=\"x14z9mp xat24cr x1lziwak x1vvkbs xtlvy1s x126k92a\">\n<div dir=\"auto\"><span class=\"html-span xexx8yu xyri2b x18d9i69 x1c1uobl x1hl2dhg x16tdsg8 x1vvkbs x3nfvp2 x1j61x8r x1fcty0u xdj266r xat24cr xm2jcoa x1mpyi22 xxymvpz xlup9mm x1kky2od\"><img loading=\"lazy\" decoding=\"async\" class=\"xz74otr x15mokao x1ga7v0g x16uus16 xbiv7yw\" src=\"https:\/\/static.xx.fbcdn.net\/images\/emoji.php\/v9\/t6e\/1\/16\/1f4ac.png\" alt=\"\ud83d\udcac\" width=\"16\" height=\"16\" \/><\/span> Apr\u00e8s la s\u00e9ance, place au d\u00e9bat que j\u2019animerai : jusqu\u2019o\u00f9 les secrets peuvent-ils fa\u00e7onner une vie ? Le silence prot\u00e8ge-t-il vraiment ceux qu\u2019on aime ?<\/div>\n<\/div>\n<div class=\"x14z9mp xat24cr x1lziwak x1vvkbs xtlvy1s x126k92a\">\n<div dir=\"auto\"><span class=\"html-span xexx8yu xyri2b x18d9i69 x1c1uobl x1hl2dhg x16tdsg8 x1vvkbs x3nfvp2 x1j61x8r x1fcty0u xdj266r xat24cr xm2jcoa x1mpyi22 xxymvpz xlup9mm x1kky2od\"><img loading=\"lazy\" decoding=\"async\" class=\"xz74otr x15mokao x1ga7v0g x16uus16 xbiv7yw\" src=\"https:\/\/static.xx.fbcdn.net\/images\/emoji.php\/v9\/t2d\/1\/16\/1f4cd.png\" alt=\"\ud83d\udccd\" width=\"16\" height=\"16\" \/><\/span> Rejoignez-nous Laurens et moi <a href=\"https:\/\/www.facebook.com\/alicelecomtepsy\/?locale=fr_FR\">Alice Lecomte<\/a> pour une soir\u00e9e riche en \u00e9motions et en discussions.<\/div>\n<div dir=\"auto\">Le jeudi 17 septembre 2026 au CGR Le Spot La Ciotat .<\/div>\n<div dir=\"auto\"><\/div>\n<div dir=\"auto\"><strong>Alice Lecomte \/ Psychoth\u00e9rapeute<\/strong><span class=\"x193iq5w xeuugli x13faqbe x1vvkbs x1xmvt09 x1lliihq x1s928wv xhkezso x1gmr53x x1cpjm7i x1fgarty x1943h6x xudqn12 x3x7a5m x6prxxf xvq8zen xo1l8bm xzsf02u\" dir=\"auto\"><strong> et Psychanalyste, enfants, adolescents et adultes .<\/strong><br class=\"html-br\" \/><strong>Th\u00e9rapie de couple, th\u00e9rapie familiale, psychog\u00e9n\u00e9alogie.<\/strong><br class=\"html-br\" \/><strong>Ateliers et conf\u00e9rences.<\/strong><br class=\"html-br\" \/>Espace sant\u00e9, Promenade de la Rambla, Plan de la mer , 83270 St Cyr sur Mer.<br class=\"html-br\" \/>#alicelecomtepsy<\/span><\/div>\n<div dir=\"auto\"><a href=\"https:\/\/www.laurensoff.com\/wordpress\/quand-un-parent-entretient-le-mensonge-quelles-consequences-sur-le-developpement-de-lenfant\/\">https:\/\/www.laurensoff.com\/wordpress\/quand-un-parent-entretient-le-mensonge-quelles-consequences-sur-le-developpement-de-lenfant\/<\/a><\/div>\n<\/div>\n<p><iframe loading=\"lazy\" style=\"border: none; overflow: hidden;\" src=\"https:\/\/www.facebook.com\/plugins\/post.php?href=https%3A%2F%2Fwww.facebook.com%2Falice.lecomte.520%2Fposts%2Fpfbid0HcHQQGyy35xHH4AZ9APMSfn2fC2xiKLE9Eo3PrPRmyCig9ogEibramtSWKhEgKYzl&amp;show_text=true&amp;width=400\" width=\"400\" height=\"497\" frameborder=\"0\" scrolling=\"no\" allowfullscreen=\"allowfullscreen\"><span style=\"display: inline-block; width: 0px; overflow: hidden; line-height: 0;\" data-mce-type=\"bookmark\" class=\"mce_SELRES_start\">\ufeff<\/span><\/iframe><\/p>\n<div class=\"n6owBd awi2gc\" data-sfc-cp=\"\" data-sfc-root=\"ep\" data-hveid=\"CAIIAAgIEAA\" data-complete=\"true\" data-copy-service-computed-style=\"font-family: Google Sans, Arial, sans-serif; font-size: 16px; font-weight: 400; margin: 0px 0px 16px; text-decoration: none; border-bottom: 0px rgb(230, 232, 240);\"><span data-subtree=\"aimfl,mfl\" data-copy-service-computed-style=\"font-family: Google Sans, Arial, sans-serif; font-size: 16px; font-weight: 400; margin: 0px; text-decoration: none; border-bottom: 0px rgb(230, 232, 240);\">Le film dramatique <\/span><span class=\"\" data-sfc-cp=\"\" data-sfc-root=\"ep\" data-complete=\"true\" data-sfc-inited=\"2\" data-copy-service-computed-style=\"font-family: Google Sans, Arial, sans-serif; font-size: 16px; font-weight: 400; margin: 0px; text-decoration: none; border-bottom: 0px rgb(230, 232, 240);\"><a class=\"H23r4e\" href=\"https:\/\/www.laurensoff.com\/wordpress\/teaser-episodes-et-du-film-complet-a-telecharger-peut-etre-un-jour-de-laurens-2025-de-laurens-2025\/\" target=\"_blank\" rel=\"noopener\" data-ved=\"2ahUKEwjSh5PItsOWAxU9_7sIHWl5NQoQy_kOeggIAggACAgQAQ\" data-hveid=\"CAIIAAgIEAE\" data-copy-service-computed-style=\"font-family: Google Sans, Arial, sans-serif; font-size: 16px; font-weight: 500; margin: 0px; text-decoration: underline 1px rgb(153, 195, 255); border-bottom: 0px rgb(153, 195, 255);\"><em class=\"eujQNb\" data-sfc-root=\"ep\" data-complete=\"true\" data-copy-service-computed-style=\"font-family: Google Sans, Arial, sans-serif; font-size: 16px; font-weight: 500; margin: 0px; text-decoration: none; border-bottom: 0px rgb(153, 195, 255);\">Peut-\u00eatre un jour<!--TgQPHd|||[]--><\/em><\/a><!--TgQPHd|||[[&quot;https:\/\/www.laurensoff.com\/wordpress\/teaser-episodes-et-du-film-complet-a-telecharger-peut-etre-un-jour-de-laurens-2025-de-laurens-2025\/&quot;,null,null,[null,null,null,null,null,null,null,null,null,null,null,null,null,null,null,[{&quot;1218&quot;:[16]}]],16,null,&quot;Teaser Peut-\u00eatre un jour de LAURENS-2025 \u2013 TV SUD&quot;,&quot;Peut-\u00eatre un jour est un film dramatique fran\u00e7ais de 2025 (dur\u00e9e : 1h24), r\u00e9alis\u00e9 par Laurens . Le r\u00e9cit suit Romain et M\u00e9lodie se sont rencontr\u00e9s en 1988 dans un train entre Bordeaux et Marseille; leur histoire va durer plus de quatre d\u00e9cennies. Quelquefois dans la vie il ne faut pas regarder en arri\u00e8re et quelquefois la cr\u00e9ation est inarr\u00eatable. Au programme : \u2022 Projection grand \u00e9cran du film \u00e9v\u00e9nement PEUT-\u00caTRE UN JOUR\u2026, \u00e9crit et r\u00e9alis\u00e9 par LAURENS. \u2022 Les d\u00e9cors de notre r\u00e9gion \u00e0 l&#39;honneur : Voyagez \u00e0 travers des sc\u00e8nes tourn\u00e9es \u00e0 Saint-Cyr-sur-Mer Marseille et La Ciotat. \u2022 D\u00e9bat \\u0026 \u00c9changes : La s\u00e9ance sera suivie d&#39;un d\u00e9bat passionnant pr\u00e9sent\u00e9 et anim\u00e9 par Alice Lecomte, psychanalyste.&quot;,&quot;https:\/\/encrypted-tbn3.gstatic.com\/images?q\\u003dtbn:ANd9GcT3hLU-iuSsW0K-g3xrLXZ33x4Dai3tAL3bLN7kiACoJ6BIRTURhZ5WKK4KJOTHev-Cq6DDEQjK6WDeZ5M&quot;,null,&quot;https:\/\/encrypted-tbn3.gstatic.com\/faviconV2?url\\u003dhttps:\/\/www.laurensoff.com\\u0026client\\u003dAIM\\u0026size\\u003d128\\u0026type\\u003dFAVICON\\u0026fallback_opts\\u003dTYPE,SIZE,URL&quot;,[[1787923632800722,146538301,171276649],null,null,null,null,[[2,0,6]]],null,&quot;1782b8fa-589b-460a-a073-bccd2857c032&quot;]]--><\/span> (2025), \u00e9crit et r\u00e9alis\u00e9 par <strong class=\"rQesXe MPyX\" data-sfc-cp=\"\" data-sfc-root=\"ep\" data-complete=\"true\" data-copy-service-computed-style=\"font-family: Google Sans, Arial, sans-serif; font-size: 16px; font-weight: 700; margin: 0px; text-decoration: none; border-bottom: 0px rgb(230, 232, 240);\">Laurens\u00a0<\/strong>, <mark class=\"HxTRcb\" data-sfc-root=\"ep\" data-wiz-uids=\"sZkbr_o\" data-ved=\"2ahUKEwjSh5PItsOWAxU9_7sIHWl5NQoQuJAPeggIAggACAgQAg\" data-complete=\"true\" data-sfc-inited=\"2\" data-copy-service-computed-style=\"font-family: Google Sans, Arial, sans-serif; font-size: 16px; font-weight: 500; margin: 0px; text-decoration: none; border-bottom: 0px rgb(238, 240, 255);\"><!--qkimaf sZkbr_n\/HugV6--><!--cqw1tb sZkbr_n\/HugV6-->s&rsquo;est fait conna\u00eetre gr\u00e2ce \u00e0 une d\u00e9marche de cr\u00e9ation ind\u00e9pendante et de proximit\u00e9<!--TgQPHd|||[[]]--><\/mark>. [<a href=\"https:\/\/www.ticketingcine.com\/film\/1H9VK.html\">1<\/a>, <a href=\"https:\/\/www.laurensoff.com\/wordpress\/teaser-episodes-et-du-film-complet-a-telecharger-peut-etre-un-jour-de-laurens-2025-de-laurens-2025\/\">2<\/a>]<!--TgQPHd|||[]--><\/div>\n<div class=\"yhAwj\" data-sfc-cp=\"\" data-sfc-root=\"ep\" data-complete=\"true\" data-sfc-inited=\"2\" data-copy-service-computed-style=\"font-family: Google Sans, Arial, sans-serif; font-size: 16px; font-weight: 400; margin: 0px; text-decoration: none; border-bottom: 0px rgb(230, 232, 240);\"><!--TgQPHd|||[]--><\/div>\n<div class=\"otQkpb\" role=\"heading\" aria-level=\"3\" data-animation-nesting=\"\" data-sfc-cp=\"\" data-wiz-attrbind=\"aria-level=sZkbr_x\/fLk2Md\" data-sfc-root=\"ep\" data-complete=\"true\" data-copy-service-computed-style=\"font-family: Google Sans, Arial, sans-serif; font-size: 24px; font-weight: 500; margin: 24px 0px 12px; text-decoration: none; border-bottom: 0px rgb(238, 240, 255);\">Les coulisses et anecdotes du tournage<!--TgQPHd|||[]--><\/div>\n<div class=\"\" data-bfc=\"\" data-ved=\"2ahUKEwjSh5PItsOWAxU9_7sIHWl5NQoQi4wTeggIAggACAwQAQ\" data-hveid=\"CAIIAAgMEAE\" data-copy-service-computed-style=\"font-family: Google Sans, Arial, sans-serif; font-size: 16px; font-weight: 400; margin: 0px; text-decoration: none; border-bottom: 0px rgb(230, 232, 240);\">\n<ul>\n<li class=\"Z1qcYe\" data-sfc-cp=\"\" data-sfc-root=\"ep\" data-hveid=\"CAIIAAgMEAI\" data-complete=\"true\" data-copy-service-computed-style=\"font-family: Google Sans, Arial, sans-serif; font-size: 16px; font-weight: 400; margin: 0px 0px 12px; text-decoration: none; border-bottom: 0px rgb(230, 232, 240);\"><span class=\"iNqyIf\" data-sfc-cp=\"\" data-sfc-root=\"ep\" data-complete=\"true\" data-copy-service-computed-style=\"font-family: Google Sans, Arial, sans-serif; font-size: 16px; font-weight: 400; margin: 0px; text-decoration: none; border-bottom: 0px rgb(230, 232, 240);\"><strong class=\"rQesXe MPyX\" data-sfc-cp=\"\" data-sfc-root=\"ep\" data-complete=\"true\" data-copy-service-computed-style=\"font-family: Google Sans, Arial, sans-serif; font-size: 16px; font-weight: 700; margin: 0px; text-decoration: none; border-bottom: 0px rgb(230, 232, 240);\">Un casting b\u00e9n\u00e9vole :<!--TgQPHd|||[]--><\/strong> Le r\u00e9alisateur a fait le choix de travailler avec des com\u00e9diens investis et b\u00e9n\u00e9voles, offrant un rendu jug\u00e9 tr\u00e8s authentique et humain malgr\u00e9 les petits d\u00e9fis techniques d&rsquo;une premi\u00e8re \u0153uvre.<!--TgQPHd|||[]--><\/span> [<a href=\"https:\/\/www.allocine.fr\/film\/fichefilm_gen_cfilm=1000043838.html\">1<\/a>, <a href=\"https:\/\/www.rmtnewsinternational.com\/2025\/09\/laurens-presente-peut%E2%80%91etre-un-jour-a-leden-theatre\/\">2<\/a>]<!--TgQPHd|||[]--><\/li>\n<\/ul>\n<\/div>\n<div class=\"\" data-bfc=\"\" data-ved=\"2ahUKEwjSh5PItsOWAxU9_7sIHWl5NQoQi4wTeggIAggACAwQBw\" data-hveid=\"CAIIAAgMEAc\" data-copy-service-computed-style=\"font-family: Google Sans, Arial, sans-serif; font-size: 16px; font-weight: 400; margin: 0px; text-decoration: none; border-bottom: 0px rgb(230, 232, 240);\">\n<ul>\n<li class=\"Z1qcYe\" data-sfc-cp=\"\" data-sfc-root=\"ep\" data-hveid=\"CAIIAAgMEAg\" data-complete=\"true\" data-copy-service-computed-style=\"font-family: Google Sans, Arial, sans-serif; font-size: 16px; font-weight: 400; margin: 0px 0px 12px; text-decoration: none; border-bottom: 0px rgb(230, 232, 240);\"><span class=\"iNqyIf\" data-sfc-cp=\"\" data-sfc-root=\"ep\" data-complete=\"true\" data-copy-service-computed-style=\"font-family: Google Sans, Arial, sans-serif; font-size: 16px; font-weight: 400; margin: 0px; text-decoration: none; border-bottom: 0px rgb(230, 232, 240);\"><strong class=\"rQesXe MPyX\" data-sfc-cp=\"\" data-sfc-root=\"ep\" data-complete=\"true\" data-copy-service-computed-style=\"font-family: Google Sans, Arial, sans-serif; font-size: 16px; font-weight: 700; margin: 0px; text-decoration: none; border-bottom: 0px rgb(230, 232, 240);\">Des d\u00e9cors du Sud :<!--TgQPHd|||[]--><\/strong> L&rsquo;histoire, qui traverse quatre d\u00e9cennies apr\u00e8s une rencontre en 1988 dans un train entre Bordeaux et Marseille, a ancr\u00e9 ses d\u00e9cors dans la r\u00e9gion. Des sc\u00e8nes ont notamment \u00e9t\u00e9 tourn\u00e9es \u00e0 \u00a0et <strong class=\"rQesXe MPyX\" data-sfc-cp=\"\" data-sfc-root=\"ep\" data-complete=\"true\" data-copy-service-computed-style=\"font-family: Google Sans, Arial, sans-serif; font-size: 16px; font-weight: 700; margin: 0px; text-decoration: none; border-bottom: 0px rgb(230, 232, 240);\">Saint-Cyr-sur-Mer<!--TgQPHd|||[]--><\/strong>.<!--TgQPHd|||[]--><\/span> <span class=\"iNqyIf\" data-sfc-cp=\"\" data-sfc-root=\"ep\" data-complete=\"true\" data-copy-service-computed-style=\"font-family: Google Sans, Arial, sans-serif; font-size: 16px; font-weight: 400; margin: 0px; text-decoration: none; border-bottom: 0px rgb(230, 232, 240);\"><strong class=\"rQesXe MPyX\" data-sfc-cp=\"\" data-sfc-root=\"ep\" data-complete=\"true\" data-copy-service-computed-style=\"font-family: Google Sans, Arial, sans-serif; font-size: 16px; font-weight: 700; margin: 0px; text-decoration: none; border-bottom: 0px rgb(230, 232, 240);\">Marseille<!--TgQPHd|||[]--><\/strong>, <strong class=\"rQesXe MPyX\" data-sfc-cp=\"\" data-sfc-root=\"ep\" data-complete=\"true\" data-copy-service-computed-style=\"font-family: Google Sans, Arial, sans-serif; font-size: 16px; font-weight: 700; margin: 0px; text-decoration: none; border-bottom: 0px rgb(230, 232, 240);\">La Ciotat<!--TgQPHd|||[]--><\/strong> (\u00e0 l&rsquo;\u00c9den-Th\u00e9\u00e2tre)<\/span>[<a href=\"https:\/\/www.rmtnewsinternational.com\/2025\/09\/laurens-presente-peut%E2%80%91etre-un-jour-a-leden-theatre\/\">1<\/a>, <a href=\"https:\/\/www.laurensoff.com\/wordpress\/teaser-episodes-et-du-film-complet-a-telecharger-peut-etre-un-jour-de-laurens-2025-de-laurens-2025\/\">2<\/a>]<!--TgQPHd|||[]--><\/li>\n<\/ul>\n<\/div>\n<div class=\"\" data-bfc=\"\" data-ved=\"2ahUKEwjSh5PItsOWAxU9_7sIHWl5NQoQi4wTeggIAggACAwQDQ\" data-hveid=\"CAIIAAgMEA0\" data-copy-service-computed-style=\"font-family: Google Sans, Arial, sans-serif; font-size: 16px; font-weight: 400; margin: 0px; text-decoration: none; border-bottom: 0px rgb(230, 232, 240);\">\n<ul>\n<li class=\"Z1qcYe\" data-sfc-cp=\"\" data-sfc-root=\"ep\" data-hveid=\"CAIIAAgMEA4\" data-complete=\"true\" data-copy-service-computed-style=\"font-family: Google Sans, Arial, sans-serif; font-size: 16px; font-weight: 400; margin: 0px 0px 12px; text-decoration: none; border-bottom: 0px rgb(230, 232, 240);\"><span class=\"iNqyIf\" data-sfc-cp=\"\" data-sfc-root=\"ep\" data-complete=\"true\" data-copy-service-computed-style=\"font-family: Google Sans, Arial, sans-serif; font-size: 16px; font-weight: 400; margin: 0px; text-decoration: none; border-bottom: 0px rgb(230, 232, 240);\"><strong class=\"rQesXe MPyX\" data-sfc-cp=\"\" data-sfc-root=\"ep\" data-complete=\"true\" data-copy-service-computed-style=\"font-family: Google Sans, Arial, sans-serif; font-size: 16px; font-weight: 700; margin: 0px; text-decoration: none; border-bottom: 0px rgb(230, 232, 240);\">Les confidences de l&rsquo;auteur :<!--TgQPHd|||[]--><\/strong> Lors des projections-d\u00e9bats qui ont suivi les avant-premi\u00e8res (anim\u00e9es notamment par des psychanalystes ou critiques locaux), Laurens a partag\u00e9 la gen\u00e8se de son \u00e9criture et les coulisses de ce projet de longue haleine men\u00e9 avec une d\u00e9termination hors norme.<!--TgQPHd|||[]--><\/span> [<a href=\"https:\/\/www.allocine.fr\/film\/fichefilm_gen_cfilm=1000043838.html\">1<\/a>, <a href=\"https:\/\/www.laurensoff.com\/wordpress\/teaser-episodes-et-du-film-complet-a-telecharger-peut-etre-un-jour-de-laurens-2025-de-laurens-2025\/\">2<\/a>, <a href=\"https:\/\/www.rmtnewsinternational.com\/2025\/09\/laurens-presente-peut%E2%80%91etre-un-jour-a-leden-theatre\/\">3<\/a>]<\/li>\n<\/ul>\n<div class=\"otQkpb\" role=\"heading\" aria-level=\"3\" data-animation-nesting=\"\" data-sfc-cp=\"\" data-wiz-attrbind=\"aria-level=wzltof_11\/fLk2Md\" data-sfc-root=\"ep\" data-complete=\"true\" data-processed=\"true\" data-sae=\"\" data-copy-service-computed-style=\"font-family: Google Sans, Arial, sans-serif; font-size: 24px; font-weight: 500; margin: 24px 0px 12px; text-decoration: none; border-bottom: 0px rgb(230, 232, 240);\">Les secrets de sc\u00e8nes cl\u00e9s<!--TgQPHd|||[]--><\/div>\n<ul class=\"KsbFXc U6u95\" data-sfc-cp=\"\" data-sfc-root=\"ep\" data-ved=\"2ahUKEwjgjtvntsOWAxXrUaQEHfQkMHQQ-7AUegYIAAgHEAA\" data-hveid=\"CAAIBxAA\" data-processed=\"true\" data-complete=\"true\" data-copy-service-computed-style=\"font-family: Google Sans, Arial, sans-serif; font-size: 16px; font-weight: 400; margin: 12px 0px 16px; text-decoration: none; border-bottom: 0px rgb(230, 232, 240);\">\n<li style=\"list-style-type: none;\">\n<ul class=\"KsbFXc U6u95\" data-sfc-cp=\"\" data-sfc-root=\"ep\" data-ved=\"2ahUKEwjgjtvntsOWAxXrUaQEHfQkMHQQ-7AUegYIAAgHEAA\" data-hveid=\"CAAIBxAA\" data-processed=\"true\" data-complete=\"true\" data-copy-service-computed-style=\"font-family: Google Sans, Arial, sans-serif; font-size: 16px; font-weight: 400; margin: 12px 0px 16px; text-decoration: none; border-bottom: 0px rgb(230, 232, 240);\">\n<li class=\"Z1qcYe\" data-sfc-cp=\"\" data-sfc-root=\"ep\" data-hveid=\"CAAIBxAC\" data-sae=\"\" data-complete=\"true\" data-copy-service-computed-style=\"font-family: Google Sans, Arial, sans-serif; font-size: 16px; font-weight: 400; margin: 0px 0px 12px; text-decoration: none; border-bottom: 0px rgb(230, 232, 240);\"><span class=\"iNqyIf\" data-sfc-cp=\"\" data-sfc-root=\"ep\" data-complete=\"true\" data-copy-service-computed-style=\"font-family: Google Sans, Arial, sans-serif; font-size: 16px; font-weight: 400; margin: 0px; text-decoration: none; border-bottom: 0px rgb(230, 232, 240);\"><strong class=\"rQesXe MPyX\" data-sfc-cp=\"\" data-sfc-root=\"ep\" data-complete=\"true\" data-copy-service-computed-style=\"font-family: Google Sans, Arial, sans-serif; font-size: 16px; font-weight: 700; margin: 0px; text-decoration: none; border-bottom: 0px rgb(230, 232, 240);\">Le train de 1988 :<!--TgQPHd|||[]--><\/strong> Pour illustrer la rencontre initiale entre Romain et M\u00e9lodie, l&rsquo;\u00e9quipe a d\u00e9nich\u00e9 et utilis\u00e9 de <strong class=\"rQesXe MPyX\" data-sfc-cp=\"\" data-sfc-root=\"ep\" data-complete=\"true\" data-copy-service-computed-style=\"font-family: Google Sans, Arial, sans-serif; font-size: 16px; font-weight: 700; margin: 0px; text-decoration: none; border-bottom: 0px rgb(230, 232, 240);\">vrais anciens trains d&rsquo;\u00e9poque<!--TgQPHd|||[]--><\/strong>. Ces d\u00e9cors apportent une forte touche de nostalgie r\u00e9tro \u00e0 l&rsquo;\u00e9cran.<!--TgQPHd|||[]--><\/span> [<a href=\"https:\/\/www.instagram.com\/p\/DHzVK_HsUOg\/#:~:text=De%20Laurens%20il%20y,voir%20ce%20film.\">1<\/a>, <a href=\"https:\/\/www.rmtnewsinternational.com\/2025\/09\/laurens-presente-peut%E2%80%91etre-un-jour-a-leden-theatre\/#:~:text=Peut%E2%80%90%C3%AAtre%20un,d%27habiter%20le%20protagoniste.\">2<\/a>]<span data-copy-service-computed-style=\"font-family: Google Sans, Arial, sans-serif; font-size: 16px; font-weight: 400; margin: 0px; text-decoration: none; border-bottom: 0px rgb(230, 232, 240);\"><!--TgQPHd|||[]--><\/span><!--TgQPHd|||[]--><\/li>\n<li class=\"Z1qcYe\" data-sfc-cp=\"\" data-sfc-root=\"ep\" data-hveid=\"CAAIBxAF\" data-complete=\"true\" data-processed=\"true\" data-sae=\"\" data-copy-service-computed-style=\"font-family: Google Sans, Arial, sans-serif; font-size: 16px; font-weight: 400; margin: 0px 0px 12px; text-decoration: none; border-bottom: 0px rgb(230, 232, 240);\"><span class=\"iNqyIf\" data-sfc-cp=\"\" data-sfc-root=\"ep\" data-complete=\"true\" data-copy-service-computed-style=\"font-family: Google Sans, Arial, sans-serif; font-size: 16px; font-weight: 400; margin: 0px; text-decoration: none; border-bottom: 0px rgb(230, 232, 240);\"><strong class=\"rQesXe MPyX\" data-sfc-cp=\"\" data-sfc-root=\"ep\" data-complete=\"true\" data-copy-service-computed-style=\"font-family: Google Sans, Arial, sans-serif; font-size: 16px; font-weight: 700; margin: 0px; text-decoration: none; border-bottom: 0px rgb(230, 232, 240);\">Une histoire autobiographique :<!--TgQPHd|||[]--><\/strong> Lors des \u00e9changes, Laurens a r\u00e9v\u00e9l\u00e9 que le sc\u00e9nario s&rsquo;inspire directement de <strong class=\"rQesXe MPyX\" data-sfc-cp=\"\" data-sfc-root=\"ep\" data-complete=\"true\" data-copy-service-computed-style=\"font-family: Google Sans, Arial, sans-serif; font-size: 16px; font-weight: 700; margin: 0px; text-decoration: none; border-bottom: 0px rgb(230, 232, 240);\">son propre v\u00e9cu<!--TgQPHd|||[]--><\/strong>. Le film explore la douleur profonde d&rsquo;un amour contrari\u00e9 dont le souvenir fa\u00e7onne toutes les relations futures du h\u00e9ros.<!--TgQPHd|||[]--><\/span> [<a href=\"https:\/\/www.rmtnewsinternational.com\/2025\/09\/laurens-presente-peut%E2%80%91etre-un-jour-a-leden-theatre\/#:~:text=Peut%E2%80%90%C3%AAtre%20un,d%27habiter%20le%20protagoniste.\">1<\/a>]<span data-copy-service-computed-style=\"font-family: Google Sans, Arial, sans-serif; font-size: 16px; font-weight: 400; margin: 0px; text-decoration: none; border-bottom: 0px rgb(230, 232, 240);\"><!--TgQPHd|||[]--><\/span><!--TgQPHd|||[]--><\/li>\n<li class=\"Z1qcYe\" data-sfc-cp=\"\" data-sfc-root=\"ep\" data-hveid=\"CAAIBxAI\" data-complete=\"true\" data-processed=\"true\" data-sae=\"\" data-copy-service-computed-style=\"font-family: Google Sans, Arial, sans-serif; font-size: 16px; font-weight: 400; margin: 0px 0px 12px; text-decoration: none; border-bottom: 0px rgb(230, 232, 240);\"><span class=\"iNqyIf\" data-sfc-cp=\"\" data-sfc-root=\"ep\" data-complete=\"true\" data-copy-service-computed-style=\"font-family: Google Sans, Arial, sans-serif; font-size: 16px; font-weight: 400; margin: 0px; text-decoration: none; border-bottom: 0px rgb(230, 232, 240);\"><strong class=\"rQesXe MPyX\" data-sfc-cp=\"\" data-sfc-root=\"ep\" data-complete=\"true\" data-copy-service-computed-style=\"font-family: Google Sans, Arial, sans-serif; font-size: 16px; font-weight: 700; margin: 0px; text-decoration: none; border-bottom: 0px rgb(230, 232, 240);\">Un r\u00eave de gosse :<!--TgQPHd|||[]--><\/strong> C&rsquo;est \u00e0 l&rsquo;\u00e2ge de <strong class=\"rQesXe MPyX\" data-sfc-cp=\"\" data-sfc-root=\"ep\" data-complete=\"true\" data-copy-service-computed-style=\"font-family: Google Sans, Arial, sans-serif; font-size: 16px; font-weight: 700; margin: 0px; text-decoration: none; border-bottom: 0px rgb(230, 232, 240);\">55 ans<!--TgQPHd|||[]--><\/strong> que Laurens a concr\u00e9tis\u00e9 ce projet. Il d\u00e9crit sa d\u00e9marche artistique comme une force \u00ab inarr\u00eatable \u00bb.<!--TgQPHd|||[]--><\/span> [<a href=\"https:\/\/www.facebook.com\/varmatinlaseyne\/posts\/peut-%C3%AAtre-un-jour-est-le-premier-film-dun-passionn%C3%A9-de-limage-qui-r%C3%A9alise-%C3%A0-55-a\/1334483312011354\/#:~:text=Peut%2D%C3%AAtre%20un,en%20avant%2Dpremi%C3%A8re\">1<\/a>, <a href=\"https:\/\/www.laurensoff.com\/wordpress\/teaser-episodes-et-du-film-complet-a-telecharger-peut-etre-un-jour-de-laurens-2025-de-laurens-2025\/#:~:text=Peut%2D%C3%AAtre%20un,par%20LAURENS.\">2<\/a>]<span data-copy-service-computed-style=\"font-family: Google Sans, Arial, sans-serif; font-size: 16px; font-weight: 400; margin: 0px; text-decoration: none; border-bottom: 0px rgb(230, 232, 240);\"><!--TgQPHd|||[]--><\/span><!--TgQPHd|||[]--><\/li>\n<\/ul>\n<\/li>\n<\/ul>\n<p><!--TgQPHd|||[]--><\/p>\n<div class=\"yhAwj\" data-sfc-cp=\"\" data-sfc-root=\"ep\" data-complete=\"true\" data-processed=\"true\" data-sfc-inited=\"2\" data-copy-service-computed-style=\"font-family: Google Sans, Arial, sans-serif; font-size: 14px; font-weight: 400; margin: 0px; text-decoration: none; border-bottom: 0px rgb(230, 232, 240);\"><!--TgQPHd|||[]--><\/div>\n<div class=\"otQkpb\" role=\"heading\" aria-level=\"3\" data-animation-nesting=\"\" data-sfc-cp=\"\" data-wiz-attrbind=\"aria-level=wzltof_27\/fLk2Md\" data-sfc-root=\"ep\" data-complete=\"true\" data-processed=\"true\" data-sae=\"\" data-copy-service-computed-style=\"font-family: Google Sans, Arial, sans-serif; font-size: 24px; font-weight: 500; margin: 24px 0px 12px; text-decoration: none; border-bottom: 0px rgb(230, 232, 240);\">Les lieux de diffusion symboliques<!--TgQPHd|||[]--><\/div>\n<div class=\"n6owBd awi2gc\" data-sfc-cp=\"\" data-sfc-root=\"ep\" data-hveid=\"CAAIDRAA\" data-complete=\"true\" data-processed=\"true\" data-copy-service-computed-style=\"font-family: Google Sans, Arial, sans-serif; font-size: 16px; font-weight: 400; margin: 12px 0px 16px; text-decoration: none; border-bottom: 0px rgb(230, 232, 240);\">Le film s&rsquo;est fait remarquer par des projections dans des endroits charg\u00e9s d&rsquo;histoire :<!--TgQPHd|||[]--><\/div>\n<ul class=\"KsbFXc U6u95\" data-sfc-cp=\"\" data-sfc-root=\"ep\" data-ved=\"2ahUKEwjgjtvntsOWAxXrUaQEHfQkMHQQ-7AUegYIAAgPEAA\" data-hveid=\"CAAIDxAA\" data-complete=\"true\" data-processed=\"true\" data-copy-service-computed-style=\"font-family: Google Sans, Arial, sans-serif; font-size: 16px; font-weight: 400; margin: 12px 0px 16px; text-decoration: none; border-bottom: 0px rgb(230, 232, 240);\">\n<li class=\"Z1qcYe\" data-sfc-cp=\"\" data-sfc-root=\"ep\" data-hveid=\"CAAIDxAC\" data-complete=\"true\" data-sae=\"\" data-copy-service-computed-style=\"font-family: Google Sans, Arial, sans-serif; font-size: 16px; font-weight: 400; margin: 0px 0px 12px; text-decoration: none; border-bottom: 0px rgb(230, 232, 240);\"><span class=\"iNqyIf\" data-sfc-cp=\"\" data-sfc-root=\"ep\" data-complete=\"true\" data-copy-service-computed-style=\"font-family: Google Sans, Arial, sans-serif; font-size: 16px; font-weight: 400; margin: 0px; text-decoration: none; border-bottom: 0px rgb(230, 232, 240);\"><strong class=\"rQesXe MPyX\" data-sfc-cp=\"\" data-sfc-root=\"ep\" data-complete=\"true\" data-copy-service-computed-style=\"font-family: Google Sans, Arial, sans-serif; font-size: 16px; font-weight: 700; margin: 0px; text-decoration: none; border-bottom: 0px rgb(230, 232, 240);\">L\u2019\u00c9den-Th\u00e9\u00e2tre (La Ciotat) 2025 :<!--TgQPHd|||[]--><\/strong> Le film y a \u00e9t\u00e9 pr\u00e9sent\u00e9 2 fois en avant-premi\u00e8re mondiale. Ce lieu est hautement symbolique puisqu&rsquo;il s&rsquo;agit du <strong class=\"rQesXe MPyX\" data-sfc-cp=\"\" data-sfc-root=\"ep\" data-complete=\"true\" data-copy-service-computed-style=\"font-family: Google Sans, Arial, sans-serif; font-size: 16px; font-weight: 700; margin: 0px; text-decoration: none; border-bottom: 0px rgb(230, 232, 240);\">plus ancien cin\u00e9ma du monde encore en activit\u00e9<!--TgQPHd|||[]--><\/strong>, l\u00e0 m\u00eame o\u00f9 les fr\u00e8res Lumi\u00e8re ont projet\u00e9 leurs premiers films.<!--TgQPHd|||[]--><\/span> [<a href=\"https:\/\/lejouretlanuit.com\/cinema\/avant-premiere-peut-etre-un-jour-a-leden\/#:~:text=au%20cin%C3%A9ma%20l%27Eden%2C,a%20130%20ans.\">1<\/a>]<span data-copy-service-computed-style=\"font-family: Google Sans, Arial, sans-serif; font-size: 16px; font-weight: 400; margin: 0px; text-decoration: none; border-bottom: 0px rgb(230, 232, 240);\"><!--TgQPHd|||[]--><\/span><!--TgQPHd|||[]--><\/li>\n<li class=\"Z1qcYe\" data-sfc-cp=\"\" data-sfc-root=\"ep\" data-hveid=\"CAAIDxAH\" data-complete=\"true\" data-sae=\"\" data-copy-service-computed-style=\"font-family: Google Sans, Arial, sans-serif; font-size: 16px; font-weight: 400; margin: 0px 0px 12px; text-decoration: none; border-bottom: 0px rgb(230, 232, 240);\"><span class=\"iNqyIf\" data-sfc-cp=\"\" data-sfc-root=\"ep\" data-complete=\"true\" data-copy-service-computed-style=\"font-family: Google Sans, Arial, sans-serif; font-size: 16px; font-weight: 400; margin: 0px; text-decoration: none; border-bottom: 0px rgb(230, 232, 240);\"><strong class=\"rQesXe MPyX\" data-sfc-cp=\"\" data-sfc-root=\"ep\" data-complete=\"true\" data-copy-service-computed-style=\"font-family: Google Sans, Arial, sans-serif; font-size: 16px; font-weight: 700; margin: 0px; text-decoration: none; border-bottom: 0px rgb(230, 232, 240);\">La Cit\u00e9 Radieuse (Marseille) 2026 :<!--TgQPHd|||[]--><\/strong> Le long-m\u00e9trage a \u00e9galement b\u00e9n\u00e9fici\u00e9 d&rsquo;une double projection sp\u00e9ciale au sein du cin\u00e9ma de ce <strong class=\"rQesXe MPyX\" data-sfc-cp=\"\" data-sfc-root=\"ep\" data-complete=\"true\" data-copy-service-computed-style=\"font-family: Google Sans, Arial, sans-serif; font-size: 16px; font-weight: 700; margin: 0px; text-decoration: none; border-bottom: 0px rgb(230, 232, 240);\">b\u00e2timent mythique con\u00e7u par Le Corbusier<!--TgQPHd|||[]--><\/strong>.<!--TgQPHd|||[]--><\/span> [<a href=\"https:\/\/www.youtube.com\/watch?v=kJI720u9wic#:~:text=TV%20Sud%20a%20pr%C3%A9sent%C3%A9,Le%20Corbusier.\">1<\/a>]<span data-copy-service-computed-style=\"font-family: Google Sans, Arial, sans-serif; font-size: 16px; font-weight: 400; margin: 0px; text-decoration: none; border-bottom: 0px rgb(230, 232, 240);\"><!--TgQPHd|||[]--><\/span><!--TgQPHd|||[]--><\/li>\n<li class=\"Z1qcYe\" data-sfc-cp=\"\" data-sfc-root=\"ep\" data-hveid=\"CAAIDxAK\" data-complete=\"true\" data-sae=\"\" data-copy-service-computed-style=\"font-family: Google Sans, Arial, sans-serif; font-size: 16px; font-weight: 400; margin: 0px 0px 12px; text-decoration: none; border-bottom: 0px rgb(230, 232, 240);\"><span class=\"iNqyIf\" data-sfc-cp=\"\" data-sfc-root=\"ep\" data-complete=\"true\" data-copy-service-computed-style=\"font-family: Google Sans, Arial, sans-serif; font-size: 16px; font-weight: 400; margin: 0px; text-decoration: none; border-bottom: 0px rgb(230, 232, 240);\"><strong class=\"rQesXe MPyX\" data-sfc-cp=\"\" data-sfc-root=\"ep\" data-complete=\"true\" data-copy-service-computed-style=\"font-family: Google Sans, Arial, sans-serif; font-size: 16px; font-weight: 700; margin: 0px; text-decoration: none; border-bottom: 0px rgb(230, 232, 240);\">Les Cin\u00e9-D\u00e9bats :<!--TgQPHd|||[]--><\/strong> Des s\u00e9ances r\u00e9guli\u00e8res sont organis\u00e9es, notamment au <strong class=\"rQesXe MPyX\" data-sfc-cp=\"\" data-sfc-root=\"ep\" data-complete=\"true\" data-copy-service-computed-style=\"font-family: Google Sans, Arial, sans-serif; font-size: 16px; font-weight: 700; margin: 0px; text-decoration: none; border-bottom: 0px rgb(230, 232, 240);\">CGR<!--TgQPHd|||[]--><\/strong>, bient\u00f4t le 17 09 2026 accompagn\u00e9es de d\u00e9bats anim\u00e9s par la psychanalyste Alice Lecomte pour d\u00e9crypter la psychologie des personnages.<!--TgQPHd|||[]--><\/span> [<a href=\"https:\/\/www.laurensoff.com\/wordpress\/teaser-episodes-et-du-film-complet-a-telecharger-peut-etre-un-jour-de-laurens-2025-de-laurens-2025\/#:~:text=Peut%2D%C3%AAtre%20un,par%20LAURENS.\">1<\/a>, <a href=\"https:\/\/www.laurensoff.com\/wordpress\/community\/?wpfin=tag&amp;wpfs=PEUT-%C3%8ATRE%20UN%20JOUR#:~:text=LAURENS%20sur%20CIN%C3%89%2DD%C3%89BAT,Astronomie%20%C2%B7%20Astronomie\">2<\/a>]<\/li>\n<li data-sfc-cp=\"\" data-sfc-root=\"ep\" data-hveid=\"CAAIDxAK\" data-complete=\"true\" data-sae=\"\" data-copy-service-computed-style=\"font-family: Google Sans, Arial, sans-serif; font-size: 16px; font-weight: 400; margin: 0px 0px 12px; text-decoration: none; border-bottom: 0px rgb(230, 232, 240);\">Le<strong> cin\u00e9ma Le pagnol<\/strong> 2026 \u00e0 Aubagne<\/li>\n<li data-sfc-cp=\"\" data-sfc-root=\"ep\" data-hveid=\"CAAIDxAK\" data-complete=\"true\" data-sae=\"\" data-copy-service-computed-style=\"font-family: Google Sans, Arial, sans-serif; font-size: 16px; font-weight: 400; margin: 0px 0px 12px; text-decoration: none; border-bottom: 0px rgb(230, 232, 240);\"><strong>Le Cin\u00e9ma Casino<\/strong> 2026 de Saint-Cyr-sur-Mer<\/li>\n<li data-sfc-cp=\"\" data-sfc-root=\"ep\" data-hveid=\"CAAIDxAK\" data-complete=\"true\" data-sae=\"\" data-copy-service-computed-style=\"font-family: Google Sans, Arial, sans-serif; font-size: 16px; font-weight: 400; margin: 0px 0px 12px; text-decoration: none; border-bottom: 0px rgb(230, 232, 240);\"><span class=\"iNqyIf\" data-sfc-cp=\"\" data-sfc-root=\"ep\" data-complete=\"true\" data-copy-service-computed-style=\"font-family: Google Sans, Arial, sans-serif; font-size: 16px; font-weight: 400; margin: 0px; text-decoration: none; border-bottom: 0px rgb(230, 232, 240);\"><strong class=\"rQesXe MPyX\" data-sfc-cp=\"\" data-sfc-root=\"ep\" data-complete=\"true\" data-copy-service-computed-style=\"font-family: Google Sans, Arial, sans-serif; font-size: 16px; font-weight: 700; margin: 0px; text-decoration: none; border-bottom: 0px rgb(230, 232, 240);\">Au CGR<!--TgQPHd|||[]--><\/strong><\/span> Le Spot La Ciotat le 17 Septembre 2026<\/li>\n<li data-sfc-cp=\"\" data-sfc-root=\"ep\" data-hveid=\"CAAIDxAK\" data-complete=\"true\" data-sae=\"\" data-copy-service-computed-style=\"font-family: Google Sans, Arial, sans-serif; font-size: 16px; font-weight: 400; margin: 0px 0px 12px; text-decoration: none; border-bottom: 0px rgb(230, 232, 240);\">\n<div dir=\"auto\">R\u00e9servez votre place ici<\/div>\n<div dir=\"auto\"><strong><strong><a href=\"https:\/\/achat.cgrcinemas.fr\/laciotat\/reserver\/F635868\/D1789664400\/VF\/1096702\/\">https:\/\/achat.cgrcinemas.fr\/laciotat\/reserver\/F635868\/D1789664400\/VF\/1096702\/<\/a><\/strong><\/strong><\/p>\n<p data-path-to-node=\"0\">Le film <i data-path-to-node=\"0\" data-index-in-node=\"8\">Peut-\u00eatre un jour<\/i> est une \u0153uvre tr\u00e8s personnelle r\u00e9alis\u00e9e par Laurens, le fondateur et animateur de la cha\u00eene TV SUD. Bien qu&rsquo;il s&rsquo;agisse d&rsquo;une production ind\u00e9pendante et ancr\u00e9e dans le paysage local plut\u00f4t que d&rsquo;un blockbuster hollywoodien, le film suscite un fort int\u00e9r\u00eat lors des \u00e9v\u00e9nements r\u00e9gionaux.<\/p>\n<h3 data-path-to-node=\"1\">Les coulisses et anecdotes du film<\/h3>\n<ul data-path-to-node=\"2\">\n<li>\n<p data-path-to-node=\"2,0,0\"><b data-path-to-node=\"2,0,0\" data-index-in-node=\"0\">Une projection-d\u00e9bat au CGR Cin\u00e9ma de La Ciotat :<\/b> Le film fait l&rsquo;objet de pr\u00e9sentations sp\u00e9ciales sur grand \u00e9cran, notamment lors de s\u00e9ances accompagn\u00e9es de d\u00e9bats. L&rsquo;une des projections cl\u00e9s a \u00e9t\u00e9 organis\u00e9e au CGR Cin\u00e9ma de La Ciotat.<\/p>\n<\/li>\n<li>\n<p data-path-to-node=\"2,1,0\"><b data-path-to-node=\"2,1,0\" data-index-in-node=\"0\">Le regard d&rsquo;une psychanalyste :<\/b> Pour approfondir les th\u00e8mes du film (qui aborde les relations, le temps ou les retrouvailles), les s\u00e9ances sont parfois prolong\u00e9es par un \u00e9change avec la psychanalyste Alice Lecomte. Cela permet au public de d\u00e9passer le simple cadre du visionnage pour \u00e9changer sur la psychologie des personnages.<\/p>\n<\/li>\n<li>\n<p data-path-to-node=\"2,2,0\"><b data-path-to-node=\"2,2,0\" data-index-in-node=\"0\">Ancrage local et TV SUD :<\/b> En tant que journaliste et r\u00e9alisateur \u00e0 TV SUD, Laurens utilise son ancrage dans la r\u00e9gion pour promouvoir un cin\u00e9ma de proximit\u00e9, en allant directement \u00e0 la rencontre des spectateurs proven\u00e7aux.<\/p>\n<\/li>\n<\/ul>\n<\/div>\n<\/li>\n<\/ul>\n<\/div>\n<p><!-- L'\u00e9l\u00e9ment cible plus bas dans la page --><\/p>\n<p>&nbsp;<\/p>\n<\/div>\n","protected":false},"excerpt":{"rendered":"<p>Content de vous revoir ! en Septembre En esp\u00e9rant que vous passez de bonnes vacances&#8230;<\/p>\n","protected":false},"author":1,"featured_media":2303,"comment_status":"open","ping_status":"closed","sticky":false,"template":"","format":"standard","meta":{"_jetpack_newsletter_access":"","_jetpack_dont_email_post_to_subs":false,"_jetpack_newsletter_tier_id":0,"_jetpack_memberships_contains_paywalled_content":false,"_jetpack_feature_clip_id":0,"_jetpack_memberships_contains_paid_content":false,"footnotes":"","jetpack_publicize_message":"","jetpack_publicize_feature_enabled":true,"jetpack_social_post_already_shared":true,"jetpack_social_options":{"image_generator_settings":{"template":"highway","default_image_id":0,"font":"","enabled":false},"version":2},"jetpack_post_was_ever_published":false},"categories":[45],"tags":[],"class_list":["post-2298","post","type-post","status-publish","format-standard","has-post-thumbnail","hentry","category-evenements"],"jetpack_publicize_connections":[],"jetpack_sharing_enabled":true,"jetpack_featured_media_url":"https:\/\/www.laurensoff.com\/wordpress\/wp-content\/uploads\/2026\/08\/teaserpic.jpg","_links":{"self":[{"href":"https:\/\/www.laurensoff.com\/wordpress\/wp-json\/wp\/v2\/posts\/2298","targetHints":{"allow":["GET"]}}],"collection":[{"href":"https:\/\/www.laurensoff.com\/wordpress\/wp-json\/wp\/v2\/posts"}],"about":[{"href":"https:\/\/www.laurensoff.com\/wordpress\/wp-json\/wp\/v2\/types\/post"}],"author":[{"embeddable":true,"href":"https:\/\/www.laurensoff.com\/wordpress\/wp-json\/wp\/v2\/users\/1"}],"replies":[{"embeddable":true,"href":"https:\/\/www.laurensoff.com\/wordpress\/wp-json\/wp\/v2\/comments?post=2298"}],"version-history":[{"count":15,"href":"https:\/\/www.laurensoff.com\/wordpress\/wp-json\/wp\/v2\/posts\/2298\/revisions"}],"predecessor-version":[{"id":2752,"href":"https:\/\/www.laurensoff.com\/wordpress\/wp-json\/wp\/v2\/posts\/2298\/revisions\/2752"}],"wp:featuredmedia":[{"embeddable":true,"href":"https:\/\/www.laurensoff.com\/wordpress\/wp-json\/wp\/v2\/media\/2303"}],"wp:attachment":[{"href":"https:\/\/www.laurensoff.com\/wordpress\/wp-json\/wp\/v2\/media?parent=2298"}],"wp:term":[{"taxonomy":"category","embeddable":true,"href":"https:\/\/www.laurensoff.com\/wordpress\/wp-json\/wp\/v2\/categories?post=2298"},{"taxonomy":"post_tag","embeddable":true,"href":"https:\/\/www.laurensoff.com\/wordpress\/wp-json\/wp\/v2\/tags?post=2298"}],"curies":[{"name":"wp","href":"https:\/\/api.w.org\/{rel}","templated":true}]}}