{"id":2294,"date":"2026-08-06T16:47:41","date_gmt":"2026-08-06T15:47:41","guid":{"rendered":"https:\/\/www.laurensoff.com\/wordpress\/?p=2294"},"modified":"2026-08-06T16:47:41","modified_gmt":"2026-08-06T15:47:41","slug":"natasha-st-pier-a-enchante-le-public-en-concert-a-saint-cyr-sur-mer-une-performance-memorable","status":"publish","type":"post","link":"https:\/\/www.laurensoff.com\/wordpress\/natasha-st-pier-a-enchante-le-public-en-concert-a-saint-cyr-sur-mer-une-performance-memorable\/","title":{"rendered":"Natasha St-Pier a enchant\u00e9 le public en concert \u00e0 Saint Cyr sur Mer, une performance m\u00e9morable"},"content":{"rendered":"<p><span class=\"x193iq5w xeuugli x13faqbe x1vvkbs x1xmvt09 x1lliihq x1s928wv xhkezso x1gmr53x x1cpjm7i x1fgarty x1943h6x xudqn12 x3x7a5m x6prxxf xvq8zen xo1l8bm xzsf02u x1yc453h\" dir=\"auto\"><span class=\"html-span xexx8yu xyri2b x18d9i69 x1c1uobl x1hl2dhg x16tdsg8 x1vvkbs x3nfvp2 x1j61x8r x1fcty0u xdj266r xat24cr xm2jcoa x1mpyi22 xxymvpz xlup9mm x1kky2od\"><img loading=\"lazy\" decoding=\"async\" class=\"xz74otr x15mokao x1ga7v0g x16uus16 xbiv7yw\" src=\"https:\/\/static.xx.fbcdn.net\/images\/emoji.php\/v9\/t7e\/1\/16\/1f3a4.png\" alt=\"\ud83c\udfa4\" width=\"16\" height=\"16\" \/><\/span><strong><span class=\"html-span xdj266r x14z9mp xat24cr x1lziwak xexx8yu xyri2b x18d9i69 x1c1uobl x1hl2dhg x16tdsg8 x1vvkbs\"><span class=\"xt0psk2\"><span class=\"xjp7ctv\">Natasha St-Pier<\/span><\/span><\/span><\/strong> a enchant\u00e9 le public en <span class=\"html-span xdj266r x14z9mp xat24cr x1lziwak xexx8yu xyri2b x18d9i69 x1c1uobl x1hl2dhg x16tdsg8 x1vvkbs\">#concert<\/span> \u00e0 <span class=\"html-span xdj266r x14z9mp xat24cr x1lziwak xexx8yu xyri2b x18d9i69 x1c1uobl x1hl2dhg x16tdsg8 x1vvkbs\"><a class=\"x1i10hfl xjbqb8w x1ejq31n x18oe1m7 x1sy0etr xstzfhl x972fbf x10w94by x1qhh985 x14e42zd x9f619 x1ypdohk xt0psk2 x3ct3a4 xdj266r x14z9mp xat24cr x1lziwak xexx8yu xyri2b x18d9i69 x1c1uobl x16tdsg8 x1hl2dhg xggy1nq x1a2a7pz xkrqix3 x1sur9pj x1fey0fg x1s688f\" tabindex=\"0\" role=\"link\" href=\"https:\/\/www.facebook.com\/villedesaintcyrsurmer?__cft__[0]=AZbDEzCa9sDnNn_e-bToIysCr-DgqSQcH-nsyERjlgPxzt7YZEGDFXdjmMpGl3VZplpw8Jung8o21i8S76USLxhB7XyrLkigMj023Pp0rYp-dfZv193mYP7sIu0kdl9k2zvldLzVdEegoI0RKm8K8_hY&amp;__tn__=-]K-R\"><span class=\"xt0psk2\"><span class=\"xjp7ctv\">Saint Cyr sur Mer<\/span><\/span><\/a><\/span>, une <span class=\"html-span xdj266r x14z9mp xat24cr x1lziwak xexx8yu xyri2b x18d9i69 x1c1uobl x1hl2dhg x16tdsg8 x1vvkbs\">#performance<\/span> m\u00e9morable accompagn\u00e9e du <span class=\"html-span xdj266r x14z9mp xat24cr x1lziwak xexx8yu xyri2b x18d9i69 x1c1uobl x1hl2dhg x16tdsg8 x1vvkbs\"><span class=\"xt0psk2\"><span class=\"xjp7ctv\">Richard Gardet Orchestra<\/span><\/span><\/span> et ses musiciens et choristes <\/span><\/p>\n<p><iframe loading=\"lazy\" title=\"\ud83c\udfa4Natasha Saint-Pier a enchant\u00e9 le public en concert \u00e0 Saint-Cyr-sur-Mer, une performance m\u00e9morable.\" src=\"https:\/\/www.youtube.com\/embed\/XuB-a3r8vlw\" width=\"640\" height=\"480\" frameborder=\"0\" allowfullscreen=\"allowfullscreen\"><span style=\"display: inline-block; width: 0px; overflow: hidden; line-height: 0;\" data-mce-type=\"bookmark\" class=\"mce_SELRES_start\">\ufeff<\/span><\/iframe><\/p>\n<p data-path-to-node=\"0\">Chanteuse canadienne naturalis\u00e9e fran\u00e7aise, Natasha St-Pier (de son vrai nom Natasha Saint-Pierre) a marqu\u00e9 le paysage musical francophone gr\u00e2ce \u00e0 sa voix puissante et \u00e0 ses collaborations embl\u00e9matiques.<\/p>\n<h2 data-path-to-node=\"1\">D\u00e9buts et r\u00e9v\u00e9lation internationale (1996\u20132000)<\/h2>\n<ul data-path-to-node=\"2\">\n<li>\n<p id=\"p-rc_ddaad407433a9488-25\" data-path-to-node=\"2,0,0\"><b data-path-to-node=\"2,0,0\" data-index-in-node=\"0\"><span class=\"citation-31 citation-end-31\">1996 :<\/span><\/b> <span class=\"citation-30\">Elle sort son premier album au Canada, <\/span><i data-path-to-node=\"2,0,0\" data-index-in-node=\"46\"><span class=\"citation-30\">\u00c9mergence<\/span><\/i><span class=\"citation-30\">, qui se fait remarquer gr\u00e2ce aux titres <\/span><i data-path-to-node=\"2,0,0\" data-index-in-node=\"96\"><span class=\"citation-30\">Sans le savoir<\/span><\/i><span class=\"citation-30\"> et <\/span><i data-path-to-node=\"2,0,0\" data-index-in-node=\"114\"><span class=\"citation-30\">Port\u00e9s par la vague<\/span><\/i><span class=\"citation-30 citation-end-30\">.<\/span><\/p>\n<\/li>\n<li>\n<p id=\"p-rc_ddaad407433a9488-26\" data-path-to-node=\"2,1,0\"><b data-path-to-node=\"2,1,0\" data-index-in-node=\"0\"><span class=\"citation-29 citation-end-29\">1999 :<\/span><\/b> <span class=\"citation-28\">Elle d\u00e9croche le r\u00f4le de Fleur-de-Lys dans la version anglaise de la com\u00e9die musicale <\/span><i data-path-to-node=\"2,1,0\" data-index-in-node=\"93\"><span class=\"citation-28\">Notre-Dame de Paris<\/span><\/i><span class=\"citation-28 citation-end-28\"> au Royaume-Uni et au Canada, ce qui lui ouvre les portes d&rsquo;une carri\u00e8re internationale.<\/span><\/p>\n<\/li>\n<\/ul>\n<h2 data-path-to-node=\"3\">L&rsquo;apog\u00e9e populaire et les grands succ\u00e8s (2001\u20132009)<\/h2>\n<ul data-path-to-node=\"4\">\n<li>\n<p id=\"p-rc_ddaad407433a9488-27\" data-path-to-node=\"4,0,0\"><b data-path-to-node=\"4,0,0\" data-index-in-node=\"0\"><span class=\"citation-27 citation-end-27\">Eurovision (2001) :<\/span><\/b> S\u00e9lectionn\u00e9e pour repr\u00e9senter la France au Concours Eurovision avec la chanson <i data-path-to-node=\"4,0,0\" data-index-in-node=\"99\">Je n&rsquo;ai que mon \u00e2me<\/i> (\u00e9crite par Robert Goldman), elle d\u00e9croche la <b data-path-to-node=\"4,0,0\" data-index-in-node=\"165\">4\u1d49 place<\/b>, une performance marquante pour la France.<\/p>\n<\/li>\n<li>\n<p id=\"p-rc_ddaad407433a9488-28\" data-path-to-node=\"4,1,0\"><b data-path-to-node=\"4,1,0\" data-index-in-node=\"0\"><span class=\"citation-26 citation-end-26\">L&rsquo;\u00e8re Pascal Obispo :<\/span><\/b> L&rsquo;album <i data-path-to-node=\"4,1,0\" data-index-in-node=\"30\">De l&rsquo;amour le mieux<\/i> (2002) propulse sa carri\u00e8re avec d&rsquo;immenses succ\u00e8s comme <i data-path-to-node=\"4,1,0\" data-index-in-node=\"107\">Tu trouveras<\/i> (en duo avec Pascal Obispo) et <i data-path-to-node=\"4,1,0\" data-index-in-node=\"151\">Nos rendez-vous<\/i>. Elle encha\u00eene ensuite avec des tubes majeurs tels que <i data-path-to-node=\"4,1,0\" data-index-in-node=\"222\">Mourir demain<\/i> (2004) et des tourn\u00e9es \u00e0 guichets ferm\u00e9s, notamment \u00e0 l&rsquo;Olympia.<\/p>\n<\/li>\n<li>\n<p data-path-to-node=\"4,2,0\">Elle sort ensuite d&rsquo;autres albums pop (<i data-path-to-node=\"4,2,0\" data-index-in-node=\"39\">Longueur d&rsquo;ondes<\/i> en 2006, <i data-path-to-node=\"4,2,0\" data-index-in-node=\"65\">Natasha St-Pier<\/i> en 2008) et fait ses premiers pas d&rsquo;actrice, notamment dans la s\u00e9rie <i data-path-to-node=\"4,2,0\" data-index-in-node=\"150\">Seconde Chance<\/i> en 2009.<\/p>\n<\/li>\n<\/ul>\n<h2 data-path-to-node=\"5\">Diversification, projets spirituels et musique sacr\u00e9e (2010\u20132020)<\/h2>\n<ul data-path-to-node=\"6\">\n<li>\n<p data-path-to-node=\"6,0,0\">\u00c0 partir des ann\u00e9es 2010, elle diversifie son r\u00e9pertoire et se tourne vers des projets plus spirituels et engag\u00e9s.<\/p>\n<\/li>\n<li>\n<p data-path-to-node=\"6,1,0\"><b data-path-to-node=\"6,1,0\" data-index-in-node=\"0\">Projets conceptuels :<\/b> En 2013, elle rencontre un grand succ\u00e8s populaire avec l&rsquo;album <i data-path-to-node=\"6,1,0\" data-index-in-node=\"85\">Th\u00e9r\u00e8se, vivre d&rsquo;amour<\/i>, adaptant les po\u00e8mes de Sainte Th\u00e9r\u00e8se de Lisieux, suivi de <i data-path-to-node=\"6,1,0\" data-index-in-node=\"168\">Th\u00e9r\u00e8se \u2013 Aimer c&rsquo;est tout donner<\/i> (2018) et d&rsquo;un album consacr\u00e9 \u00e0 <i data-path-to-node=\"6,1,0\" data-index-in-node=\"234\">Jeanne<\/i> (2022).<\/p>\n<\/li>\n<li>\n<p data-path-to-node=\"6,2,0\">Elle publie \u00e9galement des albums th\u00e9matiques (comme <i data-path-to-node=\"6,2,0\" data-index-in-node=\"52\">L&rsquo;Alphabet des Animaux<\/i> pour enfants ou <i data-path-to-node=\"6,2,0\" data-index-in-node=\"91\">Croire<\/i>) et devient professeure de yoga.<\/p>\n<\/li>\n<\/ul>\n<h2 data-path-to-node=\"7\">Animation et t\u00e9l\u00e9vision (2010\u2013Pr\u00e9sent)<\/h2>\n<ul data-path-to-node=\"8\">\n<li>\n<p data-path-to-node=\"8,0,0\">Natasha St-Pier d\u00e9veloppe en parall\u00e8le une carri\u00e8re d&rsquo;animatrice t\u00e9l\u00e9 (notamment sur France 3) et de jur\u00e9e (<i data-path-to-node=\"8,0,0\" data-index-in-node=\"108\">The Voice Belgique<\/i>, s\u00e9lections Eurovision).<\/p>\n<\/li>\n<li>\n<p id=\"p-rc_ddaad407433a9488-29\" data-path-to-node=\"8,1,0\"><b data-path-to-node=\"8,1,0\" data-index-in-node=\"0\">\u00c9missions phares :<\/b> <span class=\"citation-25\">Elle participe \u00e0 des \u00e9missions \u00e0 forte audience comme <\/span><i data-path-to-node=\"8,1,0\" data-index-in-node=\"73\"><span class=\"citation-25\">Mask Singer<\/span><\/i><span class=\"citation-25\"> ou <\/span><i data-path-to-node=\"8,1,0\" data-index-in-node=\"88\"><span class=\"citation-25\">Les Tra\u00eetres<\/span><\/i><span class=\"citation-25 citation-end-25\">.<\/span><\/p>\n<\/li>\n<li>\n<p id=\"p-rc_ddaad407433a9488-30\" data-path-to-node=\"8,2,0\"><b data-path-to-node=\"8,2,0\" data-index-in-node=\"0\"><span class=\"citation-24 citation-end-24\">Danse avec les stars (2024) :<\/span><\/b> Elle marque son retour sous le feu des projecteurs m\u00e9diatiques en remportant la saison 13 de <i data-path-to-node=\"8,2,0\" data-index-in-node=\"123\">Danse avec les stars<\/i> sur TF1 aux c\u00f4t\u00e9s d&rsquo;Anthony Colette.<\/p>\n<\/li>\n<\/ul>\n","protected":false},"excerpt":{"rendered":"<p>Natasha St-Pier a enchant\u00e9 le public en #concert \u00e0 Saint Cyr sur Mer, une #performance&#8230;<\/p>\n","protected":false},"author":1,"featured_media":2295,"comment_status":"open","ping_status":"closed","sticky":false,"template":"","format":"standard","meta":{"_jetpack_newsletter_access":"","_jetpack_dont_email_post_to_subs":false,"_jetpack_newsletter_tier_id":0,"_jetpack_memberships_contains_paywalled_content":false,"_jetpack_feature_clip_id":0,"_jetpack_memberships_contains_paid_content":false,"footnotes":"","jetpack_publicize_message":"","jetpack_publicize_feature_enabled":true,"jetpack_social_post_already_shared":true,"jetpack_social_options":{"image_generator_settings":{"template":"highway","default_image_id":0,"font":"","enabled":false},"version":2},"jetpack_post_was_ever_published":false},"categories":[741,1125,257],"tags":[1126],"class_list":["post-2294","post","type-post","status-publish","format-standard","has-post-thumbnail","hentry","category-741","category-natasha-st-pier","category-saint-cyr-sur-mer","tag-natasha-st-pier"],"jetpack_publicize_connections":[],"jetpack_sharing_enabled":true,"jetpack_featured_media_url":"https:\/\/www.laurensoff.com\/wordpress\/wp-content\/uploads\/2026\/08\/nat.jpg","_links":{"self":[{"href":"https:\/\/www.laurensoff.com\/wordpress\/wp-json\/wp\/v2\/posts\/2294","targetHints":{"allow":["GET"]}}],"collection":[{"href":"https:\/\/www.laurensoff.com\/wordpress\/wp-json\/wp\/v2\/posts"}],"about":[{"href":"https:\/\/www.laurensoff.com\/wordpress\/wp-json\/wp\/v2\/types\/post"}],"author":[{"embeddable":true,"href":"https:\/\/www.laurensoff.com\/wordpress\/wp-json\/wp\/v2\/users\/1"}],"replies":[{"embeddable":true,"href":"https:\/\/www.laurensoff.com\/wordpress\/wp-json\/wp\/v2\/comments?post=2294"}],"version-history":[{"count":1,"href":"https:\/\/www.laurensoff.com\/wordpress\/wp-json\/wp\/v2\/posts\/2294\/revisions"}],"predecessor-version":[{"id":2296,"href":"https:\/\/www.laurensoff.com\/wordpress\/wp-json\/wp\/v2\/posts\/2294\/revisions\/2296"}],"wp:featuredmedia":[{"embeddable":true,"href":"https:\/\/www.laurensoff.com\/wordpress\/wp-json\/wp\/v2\/media\/2295"}],"wp:attachment":[{"href":"https:\/\/www.laurensoff.com\/wordpress\/wp-json\/wp\/v2\/media?parent=2294"}],"wp:term":[{"taxonomy":"category","embeddable":true,"href":"https:\/\/www.laurensoff.com\/wordpress\/wp-json\/wp\/v2\/categories?post=2294"},{"taxonomy":"post_tag","embeddable":true,"href":"https:\/\/www.laurensoff.com\/wordpress\/wp-json\/wp\/v2\/tags?post=2294"}],"curies":[{"name":"wp","href":"https:\/\/api.w.org\/{rel}","templated":true}]}}