{"id":2268,"date":"2026-08-05T13:42:36","date_gmt":"2026-08-05T12:42:36","guid":{"rendered":"https:\/\/www.laurensoff.com\/wordpress\/?p=2268"},"modified":"2026-08-05T13:48:11","modified_gmt":"2026-08-05T12:48:11","slug":"2026-la-canicule-daout-2003-en-europe-plus-de-40-degres-1911-1947-1976-question","status":"publish","type":"post","link":"https:\/\/www.laurensoff.com\/wordpress\/2026-la-canicule-daout-2003-en-europe-plus-de-40-degres-1911-1947-1976-question\/","title":{"rendered":"2026 La canicule d&rsquo;ao\u00fbt 2003 en Europe plus de 40 degr\u00e9s 1911 1947 1976 question ?"},"content":{"rendered":"<section id=\"mwAQ\" data-mw-section-id=\"0\">\n<p id=\"mwCA\">La <b id=\"mwCQ\">canicule d&rsquo;ao\u00fbt 2003 en Europe<\/b> est un \u00e9v\u00e9nement climatique d&rsquo;ampleur <strong>exceptionnelle<\/strong> survenu de juin \u00e0 <strong><time id=\"mwCg\" class=\"nowrap\" datetime=\"2003-08\" data-sort-value=\"2003-08\" data-mw=\"{&quot;parts&quot;:[{&quot;template&quot;:{&quot;target&quot;:{&quot;wt&quot;:&quot;Date&quot;,&quot;href&quot;:&quot;.\/Mod\u00e8le:Date&quot;},&quot;params&quot;:{&quot;1&quot;:{&quot;wt&quot;:&quot;ao\u00fbt 2003&quot;}},&quot;i&quot;:0}}]}\">ao\u00fbt 2003<\/time><\/strong> et marqu\u00e9 par de nombreux records de temp\u00e9rature au cours de la premi\u00e8re quinzaine d&rsquo;ao\u00fbt. Cette canicule a suivi un printemps exceptionnellement chaud et sec o\u00f9 les temp\u00e9ratures atteignent \u00e0 certains endroits d\u00e9j\u00e0 <span id=\"mwDQ\" title=\"86 \u00b0F ou 303,2 K\" data-mw=\"{&quot;parts&quot;:[{&quot;template&quot;:{&quot;target&quot;:{&quot;wt&quot;:&quot;Temp\u00e9rature&quot;,&quot;href&quot;:&quot;.\/Mod\u00e8le:Temp\u00e9rature&quot;},&quot;params&quot;:{&quot;1&quot;:{&quot;wt&quot;:&quot;30&quot;},&quot;2&quot;:{&quot;wt&quot;:&quot;\u00b0C&quot;}},&quot;i&quot;:0}}]}\">30\u00a0<\/span><abbr id=\"mwDg\" class=\"abbr\" title=\"degr\u00e9 Celsius\">\u00b0C<\/abbr> fin avril. Cette canicule importante associ\u00e9e \u00e0 une s\u00e9cheresse record rappelle la vague de chaleur de l&rsquo;\u00e9t\u00e9 1947 en Europe et la s\u00e9cheresse de 1976.<\/p>\n<p><img loading=\"lazy\" decoding=\"async\" class=\"alignnone wp-image-2272\" src=\"https:\/\/www.laurensoff.com\/wordpress\/wp-content\/uploads\/2026\/08\/Capture-decran-2026-08-05-144641.png\" alt=\"\" width=\"483\" height=\"284\" srcset=\"https:\/\/www.laurensoff.com\/wordpress\/wp-content\/uploads\/2026\/08\/Capture-decran-2026-08-05-144641.png 767w, https:\/\/www.laurensoff.com\/wordpress\/wp-content\/uploads\/2026\/08\/Capture-decran-2026-08-05-144641-300x176.png 300w, https:\/\/www.laurensoff.com\/wordpress\/wp-content\/uploads\/2026\/08\/Capture-decran-2026-08-05-144641-600x353.png 600w\" sizes=\"auto, (max-width: 483px) 100vw, 483px\" \/><\/p>\n<p id=\"mwEQ\">Dans certains pays, comme la <strong>France ou le Portugal<\/strong>, les cons\u00e9quences sur les \u00e9cosyst\u00e8mes, la population, et les infrastructures sont importantes et provoquent une crise politique. Dans la plupart des <strong>stations m\u00e9t\u00e9orologiques<\/strong>, le mercure a atteint ou d\u00e9pass\u00e9 <span id=\"mwGg\" title=\"104 \u00b0F ou 313,2 K\" data-mw=\"{&quot;parts&quot;:[{&quot;template&quot;:{&quot;target&quot;:{&quot;wt&quot;:&quot;Temp\u00e9rature&quot;,&quot;href&quot;:&quot;.\/Mod\u00e8le:Temp\u00e9rature&quot;},&quot;params&quot;:{&quot;1&quot;:{&quot;wt&quot;:&quot;40&quot;},&quot;2&quot;:{&quot;wt&quot;:&quot;\u00b0C&quot;}},&quot;i&quot;:0}}]}\">40\u00a0<\/span><abbr id=\"mwGw\" class=\"abbr\" title=\"degr\u00e9 Celsius\">\u00b0C<\/abbr>.<\/p>\n<\/section>\n<section id=\"mwHQ\" data-mw-section-id=\"1\" aria-labelledby=\"Situation_m\u00e9t\u00e9orologique\">\n<div class=\"mw-heading mw-heading2\">\n<h2 id=\"Situation_m\u00e9t\u00e9orologique\"><span id=\"Situation_m.C3.A9t.C3.A9orologique\"><\/span>Situation m\u00e9t\u00e9orologique<\/h2>\n<\/div>\n<figure id=\"mwHg\" class=\"mw-default-size\"><img loading=\"lazy\" decoding=\"async\" id=\"mwIA\" class=\"mw-file-element\" src=\"https:\/\/upload.wikimedia.org\/wikipedia\/commons\/thumb\/c\/c6\/Temp%C3%A9ratures_maximales_le_12_ao%C3%BBt_2003_%28le_plus_chaud_de_l%27ann%C3%A9e%29_en_France.png\/250px-Temp%C3%A9ratures_maximales_le_12_ao%C3%BBt_2003_%28le_plus_chaud_de_l%27ann%C3%A9e%29_en_France.png?utm_source=fr.wikipedia.org&amp;utm_campaign=parser&amp;utm_content=thumbnail\" srcset=\"\/\/upload.wikimedia.org\/wikipedia\/commons\/thumb\/c\/c6\/Temp%C3%A9ratures_maximales_le_12_ao%C3%BBt_2003_%28le_plus_chaud_de_l%27ann%C3%A9e%29_en_France.png\/500px-Temp%C3%A9ratures_maximales_le_12_ao%C3%BBt_2003_%28le_plus_chaud_de_l%27ann%C3%A9e%29_en_France.png?utm_source=fr.wikipedia.org&amp;utm_campaign=parser&amp;utm_content=thumbnail 2x\" alt=\"\" width=\"250\" height=\"219\" data-file-width=\"1105\" data-file-height=\"968\" data-file-type=\"bitmap\" \/><figcaption id=\"mwIQ\">Carte des temp\u00e9ratures maximales relev\u00e9es en France le <time id=\"mwIg\" class=\"nowrap\" datetime=\"2003-08-12\" data-sort-value=\"2003-08-12\" data-mw=\"{&quot;parts&quot;:[{&quot;template&quot;:{&quot;target&quot;:{&quot;wt&quot;:&quot;date&quot;,&quot;href&quot;:&quot;.\/Mod\u00e8le:Date&quot;},&quot;params&quot;:{&quot;1&quot;:{&quot;wt&quot;:&quot;12 ao\u00fbt 2003&quot;}},&quot;i&quot;:0}}]}\">12 ao\u00fbt 2003<\/time> (jour le plus chaud de l&rsquo;ann\u00e9e) d&rsquo;apr\u00e8s M\u00e9t\u00e9o-France.<\/figcaption><\/figure>\n<figure id=\"mwJA\" class=\"mw-default-size\"><img loading=\"lazy\" decoding=\"async\" id=\"mwJg\" class=\"mw-file-element\" src=\"https:\/\/upload.wikimedia.org\/wikipedia\/commons\/thumb\/3\/32\/Temp%C3%A9rature_minimale_le_12_ao%C3%BBt_2003_%28le_plus_chaud_de_l%27ann%C3%A9e%29_en_France.png\/250px-Temp%C3%A9rature_minimale_le_12_ao%C3%BBt_2003_%28le_plus_chaud_de_l%27ann%C3%A9e%29_en_France.png?utm_source=fr.wikipedia.org&amp;utm_campaign=parser&amp;utm_content=thumbnail\" srcset=\"\/\/upload.wikimedia.org\/wikipedia\/commons\/thumb\/3\/32\/Temp%C3%A9rature_minimale_le_12_ao%C3%BBt_2003_%28le_plus_chaud_de_l%27ann%C3%A9e%29_en_France.png\/500px-Temp%C3%A9rature_minimale_le_12_ao%C3%BBt_2003_%28le_plus_chaud_de_l%27ann%C3%A9e%29_en_France.png?utm_source=fr.wikipedia.org&amp;utm_campaign=parser&amp;utm_content=thumbnail 2x\" alt=\"\" width=\"250\" height=\"217\" data-file-width=\"1104\" data-file-height=\"957\" data-file-type=\"bitmap\" \/><figcaption id=\"mwJw\">Carte des temp\u00e9ratures minimales relev\u00e9es en France le <time id=\"mwKA\" class=\"nowrap\" datetime=\"2003-08-12\" data-sort-value=\"2003-08-12\" data-mw=\"{&quot;parts&quot;:[{&quot;template&quot;:{&quot;target&quot;:{&quot;wt&quot;:&quot;date&quot;,&quot;href&quot;:&quot;.\/Mod\u00e8le:Date&quot;},&quot;params&quot;:{&quot;1&quot;:{&quot;wt&quot;:&quot;12 ao\u00fbt 2003&quot;}},&quot;i&quot;:0}}]}\">12 ao\u00fbt 2003<\/time> (jour le plus chaud de l&rsquo;ann\u00e9e) d&rsquo;apr\u00e8s M\u00e9t\u00e9o-France.<\/figcaption><\/figure>\n<p id=\"mwKQ\">Le continent europ\u00e9en est diversement affect\u00e9. Les pays du sud sont particuli\u00e8rement touch\u00e9s<span id=\"mwKg\">\u00a0<\/span>: la France (plus particuli\u00e8rement sa moiti\u00e9 sud), l&rsquo;Italie (surtout le nord), l&rsquo;Espagne et le Portugal. \u00c0 Amareleja, dans l&rsquo;<a id=\"mwLw\" title=\"Alentejo\" href=\"https:\/\/fr.wikipedia.org\/wiki\/Alentejo\" rel=\"mw:WikiLink\">Al<\/a>e<a id=\"mwLw\" title=\"Alentejo\" href=\"https:\/\/fr.wikipedia.org\/wiki\/Alentejo\" rel=\"mw:WikiLink\">ntejo<\/a>, au sud du Portugal, la temp\u00e9rature historique record de <span id=\"mwMA\" title=\"117,3 \u00b0F ou 320,6 K\" data-mw=\"{&quot;parts&quot;:[{&quot;template&quot;:{&quot;target&quot;:{&quot;wt&quot;:&quot;tmp&quot;,&quot;href&quot;:&quot;.\/Mod\u00e8le:Tmp&quot;},&quot;params&quot;:{&quot;1&quot;:{&quot;wt&quot;:&quot;47.4&quot;},&quot;2&quot;:{&quot;wt&quot;:&quot;\u00b0C&quot;}},&quot;i&quot;:0}}]}\">47,4\u00a0<\/span><abbr id=\"mwMQ\" class=\"abbr\" title=\"degr\u00e9 Celsius\">\u00b0C<\/abbr><sup id=\"cite_ref-2\" class=\"mw-ref reference\" data-mw=\"{&quot;name&quot;:&quot;ref&quot;,&quot;attrs&quot;:{},&quot;body&quot;:{&quot;id&quot;:&quot;mw-reference-text-cite_note-2&quot;}}\"><a id=\"mwMg\" href=\"https:\/\/fr.wikipedia.org\/wiki\/Canicule_d%27ao%C3%BBt_2003_en_Europe#cite_note-2\"><span id=\"mwMw\" class=\"mw-reflink-text\"><span id=\"mwNA\" class=\"cite-bracket\">[<\/span>2<span id=\"mwNQ\" class=\"cite-bracket\">]<\/span><\/span><\/a><\/sup> est atteinte le <time id=\"mwNg\" class=\"nowrap\" datetime=\"08-01\" data-sort-value=\"08-01\" data-mw=\"{&quot;parts&quot;:[{&quot;template&quot;:{&quot;target&quot;:{&quot;wt&quot;:&quot;date&quot;,&quot;href&quot;:&quot;.\/Mod\u00e8le:Date&quot;},&quot;params&quot;:{&quot;1&quot;:{&quot;wt&quot;:&quot;1 ao\u00fbt&quot;}},&quot;i&quot;:0}}]}\"><abbr class=\"abbr\" title=\"premier\">1<sup>er<\/sup><\/abbr> ao\u00fbt<\/time>.<\/p>\n<\/section>\n","protected":false},"excerpt":{"rendered":"<p>La canicule d&rsquo;ao\u00fbt 2003 en Europe est un \u00e9v\u00e9nement climatique d&rsquo;ampleur exceptionnelle survenu de juin&#8230;<\/p>\n","protected":false},"author":1,"featured_media":2269,"comment_status":"open","ping_status":"closed","sticky":false,"template":"","format":"standard","meta":{"_jetpack_newsletter_access":"","_jetpack_dont_email_post_to_subs":false,"_jetpack_newsletter_tier_id":0,"_jetpack_memberships_contains_paywalled_content":false,"_jetpack_feature_clip_id":0,"_jetpack_memberships_contains_paid_content":false,"footnotes":"","jetpack_publicize_message":"","jetpack_publicize_feature_enabled":true,"jetpack_social_post_already_shared":true,"jetpack_social_options":{"image_generator_settings":{"template":"highway","default_image_id":0,"font":"","enabled":false},"version":2},"jetpack_post_was_ever_published":false},"categories":[951,331],"tags":[1115,1116,1117,1113,1118,1114],"class_list":["post-2268","post","type-post","status-publish","format-standard","has-post-thumbnail","hentry","category-ete","category-meteo","tag-1115","tag-1116","tag-1117","tag-1113","tag-canicule","tag-on-vous-ment"],"jetpack_publicize_connections":[],"jetpack_sharing_enabled":true,"jetpack_featured_media_url":"https:\/\/www.laurensoff.com\/wordpress\/wp-content\/uploads\/2026\/08\/Canicule_Europe_2003.jpg","_links":{"self":[{"href":"https:\/\/www.laurensoff.com\/wordpress\/wp-json\/wp\/v2\/posts\/2268","targetHints":{"allow":["GET"]}}],"collection":[{"href":"https:\/\/www.laurensoff.com\/wordpress\/wp-json\/wp\/v2\/posts"}],"about":[{"href":"https:\/\/www.laurensoff.com\/wordpress\/wp-json\/wp\/v2\/types\/post"}],"author":[{"embeddable":true,"href":"https:\/\/www.laurensoff.com\/wordpress\/wp-json\/wp\/v2\/users\/1"}],"replies":[{"embeddable":true,"href":"https:\/\/www.laurensoff.com\/wordpress\/wp-json\/wp\/v2\/comments?post=2268"}],"version-history":[{"count":4,"href":"https:\/\/www.laurensoff.com\/wordpress\/wp-json\/wp\/v2\/posts\/2268\/revisions"}],"predecessor-version":[{"id":2274,"href":"https:\/\/www.laurensoff.com\/wordpress\/wp-json\/wp\/v2\/posts\/2268\/revisions\/2274"}],"wp:featuredmedia":[{"embeddable":true,"href":"https:\/\/www.laurensoff.com\/wordpress\/wp-json\/wp\/v2\/media\/2269"}],"wp:attachment":[{"href":"https:\/\/www.laurensoff.com\/wordpress\/wp-json\/wp\/v2\/media?parent=2268"}],"wp:term":[{"taxonomy":"category","embeddable":true,"href":"https:\/\/www.laurensoff.com\/wordpress\/wp-json\/wp\/v2\/categories?post=2268"},{"taxonomy":"post_tag","embeddable":true,"href":"https:\/\/www.laurensoff.com\/wordpress\/wp-json\/wp\/v2\/tags?post=2268"}],"curies":[{"name":"wp","href":"https:\/\/api.w.org\/{rel}","templated":true}]}}