{"id":2258,"date":"2026-08-05T09:20:29","date_gmt":"2026-08-05T08:20:29","guid":{"rendered":"https:\/\/www.laurensoff.com\/wordpress\/?p=2258"},"modified":"2026-08-05T09:59:23","modified_gmt":"2026-08-05T08:59:23","slug":"grand-spectacle-historique-la-ciotat-600-ans-dhistoire-la-ciotat-1720","status":"publish","type":"post","link":"https:\/\/www.laurensoff.com\/wordpress\/grand-spectacle-historique-la-ciotat-600-ans-dhistoire-la-ciotat-1720\/","title":{"rendered":"Grand Spectacle Historique La Ciotat, 600 ans d\u2019Histoire La Ciotat 1720"},"content":{"rendered":"<div class=\"xdj266r x14z9mp xat24cr x1lziwak x1vvkbs x126k92a\">\n<div dir=\"auto\"><span class=\"html-span xexx8yu xyri2b x18d9i69 x1c1uobl x1hl2dhg x16tdsg8 x1vvkbs x3nfvp2 x1j61x8r x1fcty0u xdj266r xat24cr xm2jcoa x1mpyi22 xxymvpz xlup9mm x1kky2od\"><img loading=\"lazy\" decoding=\"async\" class=\"xz74otr x15mokao x1ga7v0g x16uus16 xbiv7yw\" src=\"https:\/\/static.xx.fbcdn.net\/images\/emoji.php\/v9\/t2\/1\/16\/1f60d.png\" alt=\"\ud83d\ude0d\" width=\"16\" height=\"16\" \/><\/span> R\u00e9servez-vite vos places pour le Grand Spectacle Historique de l\u2019\u00e9t\u00e9.<\/div>\n<div dir=\"auto\"><span class=\"html-span xexx8yu xyri2b x18d9i69 x1c1uobl x1hl2dhg x16tdsg8 x1vvkbs x3nfvp2 x1j61x8r x1fcty0u xdj266r xat24cr xm2jcoa x1mpyi22 xxymvpz xlup9mm x1kky2od\"><img loading=\"lazy\" decoding=\"async\" class=\"xz74otr x15mokao x1ga7v0g x16uus16 xbiv7yw\" src=\"https:\/\/static.xx.fbcdn.net\/images\/emoji.php\/v9\/tf3\/1\/16\/1f539.png\" alt=\"\ud83d\udd39\" width=\"16\" height=\"16\" \/><\/span>Sur HELLO ASSO:<\/div>\n<div dir=\"auto\"><span class=\"html-span xexx8yu xyri2b x18d9i69 x1c1uobl x1hl2dhg x16tdsg8 x1vvkbs x3nfvp2 x1j61x8r x1fcty0u xdj266r xat24cr xm2jcoa x1mpyi22 xxymvpz xlup9mm x1kky2od\"><img loading=\"lazy\" decoding=\"async\" class=\"xz74otr x15mokao x1ga7v0g x16uus16 xbiv7yw\" src=\"https:\/\/static.xx.fbcdn.net\/images\/emoji.php\/v9\/t72\/1\/16\/1f538.png\" alt=\"\ud83d\udd38\" width=\"16\" height=\"16\" \/><\/span>JEUDI 20 ao\u00fbt: <a href=\"https:\/\/www.helloasso.com\/associations\/la-ciotat-il-etait-une-fois\/evenements\/billetterie-spectacle-son-et-lumiere-1720-2-1\">https:\/\/www.helloasso.com\/associations\/la-ciotat-il-etait-une-fois\/evenements\/billetterie-spectacle-son-et-lumiere-1720-2-1<\/a><\/div>\n<div dir=\"auto\"><span class=\"html-span xexx8yu xyri2b x18d9i69 x1c1uobl x1hl2dhg x16tdsg8 x1vvkbs x3nfvp2 x1j61x8r x1fcty0u xdj266r xat24cr xm2jcoa x1mpyi22 xxymvpz xlup9mm x1kky2od\"><img loading=\"lazy\" decoding=\"async\" class=\"xz74otr x15mokao x1ga7v0g x16uus16 xbiv7yw\" src=\"https:\/\/static.xx.fbcdn.net\/images\/emoji.php\/v9\/t72\/1\/16\/1f538.png\" alt=\"\ud83d\udd38\" width=\"16\" height=\"16\" \/><\/span>VENDREDI 21 ao\u00fbt: <a href=\"https:\/\/www.helloasso.com\/associations\/la-ciotat-il-etait-une-fois\/evenements\/billetterie-spectacle-son-et-lumiere-1720-2-1\">https:\/\/www.helloasso.com\/associations\/la-ciotat-il-etait-une-fois\/evenements\/billetterie-spectacle-son-et-lumiere-1720-2-1<\/a><\/div>\n<\/div>\n<div class=\"x14z9mp xat24cr x1lziwak x1vvkbs xtlvy1s x126k92a\">\n<div dir=\"auto\">A la <strong><span class=\"html-span xdj266r x14z9mp xat24cr x1lziwak xexx8yu xyri2b x18d9i69 x1c1uobl x1hl2dhg x16tdsg8 x1vvkbs\"><span class=\"xt0psk2\"><span class=\"xjp7ctv\">Bastide Marin<\/span><\/span><\/span> <\/strong>: Mercredi 5 ao\u00fbt de 14h \u00e0 17h30 et Samedi 8 ao\u00fbt de 10h \u00e0 12h<\/div>\n<\/div>\n<div class=\"x14z9mp xat24cr x1lziwak x1vvkbs xtlvy1s x126k92a\">\n<div dir=\"auto\">Au <strong><span class=\"html-span xdj266r x14z9mp xat24cr x1lziwak xexx8yu xyri2b x18d9i69 x1c1uobl x1hl2dhg x16tdsg8 x1vvkbs\"><span class=\"xt0psk2\"><span class=\"xjp7ctv\">Ciq Ciotat Centre Ville <\/span><\/span><\/span><\/strong>: Mardi 4 et Mardi 11 ao\u00fbt de 10h \u00e0 12h et le Vendredi 7 ao\u00fbt de 14h30 \u00e0 17h30.<\/div>\n<\/div>\n<h2 dir=\"auto\"><strong><span class=\"x193iq5w xeuugli x13faqbe x1vvkbs x1xmvt09 x1lliihq x1s928wv xhkezso x1gmr53x x1cpjm7i x1fgarty x1943h6x xudqn12 x3x7a5m x6prxxf xvq8zen xo1l8bm xzsf02u\" dir=\"auto\">S Y N O P S I S<\/span><\/strong><\/h2>\n<p dir=\"auto\"><span class=\"x193iq5w xeuugli x13faqbe x1vvkbs x1xmvt09 x1lliihq x1s928wv xhkezso x1gmr53x x1cpjm7i x1fgarty x1943h6x xudqn12 x3x7a5m x6prxxf xvq8zen xo1l8bm xzsf02u\" dir=\"auto\"><strong>Bienvenue \u00e0 La Ciotat.<\/strong> Dans le souffle du vent, une voix s\u2019\u00e9l\u00e8ve, puis une autre et<br class=\"html-br\" \/>encore bien d\u2019autres. Elles sont \u00ab m\u00e9moire \u00bb, elles racontent la grande \u00e9pop\u00e9e de La Ciotat, entre terre et temp\u00eates.<br class=\"html-br\" \/>La mer observe la ribe, qui s\u2019agite, qui danse, qui pleure et qui sourit. De l\u2019ombre \u00e0<br class=\"html-br\" \/>la lumi\u00e8re, les vagues d\u00e9ferlantes, l\u2019\u00e9cume murmure et le bien triomphe du mal.<br class=\"html-br\" \/>Tout commence au moyen \u00e2ge, 1429 \u2013 la naissance, l\u2019essor du commerce maritime,<br class=\"html-br\" \/>les grands visiteurs, roi, empereur, po\u00e8te, peintre, inventeur.<br class=\"html-br\" \/>La Ciotat, Terre et Mer d\u2019Histoire n\u2019appartient \u00e0 personne.<br class=\"html-br\" \/>Toujours libre et fi\u00e8re, toujours plus forte et courageuse face \u00e0 l\u2019\u00e9preuve du temps.<\/span><\/p>\n","protected":false},"excerpt":{"rendered":"<p>R\u00e9servez-vite vos places pour le Grand Spectacle Historique de l\u2019\u00e9t\u00e9. Sur HELLO ASSO: JEUDI 20&#8230;<\/p>\n","protected":false},"author":1,"featured_media":2264,"comment_status":"open","ping_status":"closed","sticky":false,"template":"","format":"standard","meta":{"_jetpack_newsletter_access":"","_jetpack_dont_email_post_to_subs":false,"_jetpack_newsletter_tier_id":0,"_jetpack_memberships_contains_paywalled_content":false,"_jetpack_feature_clip_id":0,"_jetpack_memberships_contains_paid_content":false,"footnotes":"","jetpack_publicize_message":"","jetpack_publicize_feature_enabled":true,"jetpack_social_post_already_shared":true,"jetpack_social_options":{"image_generator_settings":{"template":"highway","default_image_id":0,"font":"","enabled":false},"version":2},"jetpack_post_was_ever_published":false},"categories":[741,643,45,83,163],"tags":[],"class_list":["post-2258","post","type-post","status-publish","format-standard","has-post-thumbnail","hentry","category-741","category-agenda","category-evenements","category-histoire","category-la-ciotat"],"jetpack_publicize_connections":[],"jetpack_sharing_enabled":true,"jetpack_featured_media_url":"https:\/\/www.laurensoff.com\/wordpress\/wp-content\/uploads\/2026\/08\/763827833_1662668805866453_8357264376145235939_n-e1785920354402.jpg","_links":{"self":[{"href":"https:\/\/www.laurensoff.com\/wordpress\/wp-json\/wp\/v2\/posts\/2258","targetHints":{"allow":["GET"]}}],"collection":[{"href":"https:\/\/www.laurensoff.com\/wordpress\/wp-json\/wp\/v2\/posts"}],"about":[{"href":"https:\/\/www.laurensoff.com\/wordpress\/wp-json\/wp\/v2\/types\/post"}],"author":[{"embeddable":true,"href":"https:\/\/www.laurensoff.com\/wordpress\/wp-json\/wp\/v2\/users\/1"}],"replies":[{"embeddable":true,"href":"https:\/\/www.laurensoff.com\/wordpress\/wp-json\/wp\/v2\/comments?post=2258"}],"version-history":[{"count":4,"href":"https:\/\/www.laurensoff.com\/wordpress\/wp-json\/wp\/v2\/posts\/2258\/revisions"}],"predecessor-version":[{"id":2263,"href":"https:\/\/www.laurensoff.com\/wordpress\/wp-json\/wp\/v2\/posts\/2258\/revisions\/2263"}],"wp:featuredmedia":[{"embeddable":true,"href":"https:\/\/www.laurensoff.com\/wordpress\/wp-json\/wp\/v2\/media\/2264"}],"wp:attachment":[{"href":"https:\/\/www.laurensoff.com\/wordpress\/wp-json\/wp\/v2\/media?parent=2258"}],"wp:term":[{"taxonomy":"category","embeddable":true,"href":"https:\/\/www.laurensoff.com\/wordpress\/wp-json\/wp\/v2\/categories?post=2258"},{"taxonomy":"post_tag","embeddable":true,"href":"https:\/\/www.laurensoff.com\/wordpress\/wp-json\/wp\/v2\/tags?post=2258"}],"curies":[{"name":"wp","href":"https:\/\/api.w.org\/{rel}","templated":true}]}}