{"id":2242,"date":"2026-08-03T19:34:09","date_gmt":"2026-08-03T18:34:09","guid":{"rendered":"https:\/\/www.laurensoff.com\/wordpress\/?p=2242"},"modified":"2026-08-03T19:34:09","modified_gmt":"2026-08-03T18:34:09","slug":"%f0%9f%8e%a4larusso-a-enflamme-le-coeur-de-la-cadiere-dazur-dans-le-var-dans-une-ambiance-festive-et-survoltee","status":"publish","type":"post","link":"https:\/\/www.laurensoff.com\/wordpress\/%f0%9f%8e%a4larusso-a-enflamme-le-coeur-de-la-cadiere-dazur-dans-le-var-dans-une-ambiance-festive-et-survoltee\/","title":{"rendered":"\ud83c\udfa4LARUSSO a enflamm\u00e9 le c\u0153ur de La Cadi\u00e8re d&rsquo;Azur dans le Var dans une ambiance festive et survolt\u00e9e."},"content":{"rendered":"<p class=\"_ap3a _aaco _aacu _aacx _aad7 _aade\" dir=\"auto\">\ud83c\udfa4<a href=\"https:\/\/www.youtube.com\/channel\/UC-XH_duo8PCL5Yi0eKN1cBQ\"><strong>LARUSSO<\/strong><\/a> a enflamm\u00e9 le c\u0153ur de La Cadi\u00e8re d&rsquo;Azur dans le Var dans une ambiance festive et survolt\u00e9e.<\/p>\n<p class=\"_ap3a _aaco _aacu _aacx _aad7 _aade\" dir=\"auto\">Lors de son intervention, le maire de La Cadi\u00e8re d&rsquo;Azur, Robert Deledda, a tenu \u00e0 apporter son #soutien chaleureux aux communes voisines ainsi qu&rsquo;\u00e0 l&rsquo;ensemble des acteurs engag\u00e9s dans la lutte contre les incendies dans le Var.<\/p>\n<p><a href=\"https:\/\/www.youtube.com\/channel\/UC-XH_duo8PCL5Yi0eKN1cBQ\">https:\/\/www.youtube.com\/channel\/UC-XH_duo8PCL5Yi0eKN1cBQ<\/a><\/p>\n<p class=\"_ap3a _aaco _aacu _aacx _aad7 _aade\" dir=\"auto\">Larusso @followers #larusso #lacadieredazur #var<\/p>\n<p><iframe loading=\"lazy\" title=\"\ud83c\udfa4LARUSSO a enflamm\u00e9 le c\u0153ur de La Cadi\u00e8re d'Azur dans le Var dans une ambiance festive et survolt\u00e9e.\" src=\"https:\/\/www.youtube.com\/embed\/gZst5UWcpcU\" width=\"654\" height=\"365\" frameborder=\"10\" allowfullscreen=\"allowfullscreen\"><\/iframe><\/p>\n","protected":false},"excerpt":{"rendered":"<p>\ud83c\udfa4LARUSSO a enflamm\u00e9 le c\u0153ur de La Cadi\u00e8re d&rsquo;Azur dans le Var dans une ambiance&#8230;<\/p>\n","protected":false},"author":1,"featured_media":2243,"comment_status":"open","ping_status":"closed","sticky":false,"template":"","format":"standard","meta":{"_jetpack_newsletter_access":"","_jetpack_dont_email_post_to_subs":false,"_jetpack_newsletter_tier_id":0,"_jetpack_memberships_contains_paywalled_content":false,"_jetpack_feature_clip_id":0,"_jetpack_memberships_contains_paid_content":false,"footnotes":"","jetpack_publicize_message":"","jetpack_publicize_feature_enabled":true,"jetpack_social_post_already_shared":true,"jetpack_social_options":{"image_generator_settings":{"template":"highway","default_image_id":0,"font":"","enabled":false},"version":2},"jetpack_post_was_ever_published":false},"categories":[741,796,344,1085,1072],"tags":[99,927,1087,1086,91,274],"class_list":["post-2242","post","type-post","status-publish","format-standard","has-post-thumbnail","hentry","category-741","category-90s","category-artiste","category-la-cadiere-dazur","category-var-agenda","tag-concert","tag-fete-de-la-musique","tag-lacadieredazur","tag-larusso","tag-musique","tag-var"],"jetpack_publicize_connections":[],"jetpack_sharing_enabled":true,"jetpack_featured_media_url":"https:\/\/www.laurensoff.com\/wordpress\/wp-content\/uploads\/2026\/08\/lar-e1785781325347.jpg","_links":{"self":[{"href":"https:\/\/www.laurensoff.com\/wordpress\/wp-json\/wp\/v2\/posts\/2242","targetHints":{"allow":["GET"]}}],"collection":[{"href":"https:\/\/www.laurensoff.com\/wordpress\/wp-json\/wp\/v2\/posts"}],"about":[{"href":"https:\/\/www.laurensoff.com\/wordpress\/wp-json\/wp\/v2\/types\/post"}],"author":[{"embeddable":true,"href":"https:\/\/www.laurensoff.com\/wordpress\/wp-json\/wp\/v2\/users\/1"}],"replies":[{"embeddable":true,"href":"https:\/\/www.laurensoff.com\/wordpress\/wp-json\/wp\/v2\/comments?post=2242"}],"version-history":[{"count":1,"href":"https:\/\/www.laurensoff.com\/wordpress\/wp-json\/wp\/v2\/posts\/2242\/revisions"}],"predecessor-version":[{"id":2244,"href":"https:\/\/www.laurensoff.com\/wordpress\/wp-json\/wp\/v2\/posts\/2242\/revisions\/2244"}],"wp:featuredmedia":[{"embeddable":true,"href":"https:\/\/www.laurensoff.com\/wordpress\/wp-json\/wp\/v2\/media\/2243"}],"wp:attachment":[{"href":"https:\/\/www.laurensoff.com\/wordpress\/wp-json\/wp\/v2\/media?parent=2242"}],"wp:term":[{"taxonomy":"category","embeddable":true,"href":"https:\/\/www.laurensoff.com\/wordpress\/wp-json\/wp\/v2\/categories?post=2242"},{"taxonomy":"post_tag","embeddable":true,"href":"https:\/\/www.laurensoff.com\/wordpress\/wp-json\/wp\/v2\/tags?post=2242"}],"curies":[{"name":"wp","href":"https:\/\/api.w.org\/{rel}","templated":true}]}}