{"id":2237,"date":"2026-08-03T09:57:18","date_gmt":"2026-08-03T08:57:18","guid":{"rendered":"https:\/\/www.laurensoff.com\/wordpress\/?p=2237"},"modified":"2026-08-03T09:57:18","modified_gmt":"2026-08-03T08:57:18","slug":"elle-a-ete-la-seule-femme-francaise-et-lune-des-deux-seules-au-monde-a-avoir-pilote-le-mythique-concorde","status":"publish","type":"post","link":"https:\/\/www.laurensoff.com\/wordpress\/elle-a-ete-la-seule-femme-francaise-et-lune-des-deux-seules-au-monde-a-avoir-pilote-le-mythique-concorde\/","title":{"rendered":"Elle a \u00e9t\u00e9 la seule femme fran\u00e7aise et l\u2019une des deux seules au monde \u00e0 avoir pilot\u00e9 le mythique Concorde."},"content":{"rendered":"<p><span class=\"x193iq5w xeuugli x13faqbe x1vvkbs x1xmvt09 x1lliihq x1s928wv xhkezso x1gmr53x x1cpjm7i x1fgarty x1943h6x xudqn12 x3x7a5m x6prxxf xvq8zen xo1l8bm xzsf02u x1yc453h\" dir=\"auto\">Chapeau bas pour B\u00e9atrice Vialle qui s\u2019est pos\u00e9e pour la derni\u00e8re fois \u00e0 CDG aux commandes d\u2019un Boeing 777-200 d\u2019Air France <span class=\"html-span xexx8yu xyri2b x18d9i69 x1c1uobl x1hl2dhg x16tdsg8 x1vvkbs x3nfvp2 x1j61x8r x1fcty0u xdj266r xat24cr xm2jcoa x1mpyi22 xxymvpz xlup9mm x1kky2od\"><img loading=\"lazy\" decoding=\"async\" class=\"xz74otr x15mokao x1ga7v0g x16uus16 xbiv7yw\" src=\"https:\/\/static.xx.fbcdn.net\/images\/emoji.php\/v9\/t74\/1\/16\/1f1eb_1f1f7.png\" alt=\"\ud83c\uddeb\ud83c\uddf7\" width=\"16\" height=\"16\" \/><\/span> apr\u00e8s 40 ans de carri\u00e8re et plus de 17000 heures de vol. Elle a \u00e9t\u00e9 la seule femme fran\u00e7aise et l\u2019une des deux seules au monde \u00e0 avoir pilot\u00e9 le mythique Concorde. <span class=\"html-span xdj266r x14z9mp xat24cr x1lziwak xexx8yu xyri2b x18d9i69 x1c1uobl x1hl2dhg x16tdsg8 x1vvkbs\"><a class=\"x1i10hfl xjbqb8w x1ejq31n x18oe1m7 x1sy0etr xstzfhl x972fbf x10w94by x1qhh985 x14e42zd x9f619 x1ypdohk xt0psk2 x3ct3a4 xdj266r x14z9mp xat24cr x1lziwak xexx8yu xyri2b x18d9i69 x1c1uobl x16tdsg8 x1hl2dhg xggy1nq x1a2a7pz xkrqix3 x1sur9pj x1fey0fg x1s688f\" tabindex=\"0\" role=\"link\" href=\"https:\/\/www.facebook.com\/airfrance?__cft__[0]=AZb8ma7tyTAcnkoh3HHOPAOMIO9ktIkIOFIBLl7FS38j2ewEgPQAysQF2N1YcgZJvKbZU_5VQTh023sotEm37hGPnmdQL2rjf6JF6569zVsuV-ApoKq1JfrLa8aa8HttnwoyOkiXggrnR-aBkpsH5Sbwxs_ly6_L6boAPYDHMinC3cnnL6xzUdBw1jknM3vh1f-qO4CaTciz91yduxAGro73&amp;__tn__=-]K-R\"><span class=\"xt0psk2\"><span class=\"xjp7ctv\">Air France<\/span><\/span><\/a><\/span> <span class=\"html-span xdj266r x14z9mp xat24cr x1lziwak xexx8yu xyri2b x18d9i69 x1c1uobl x1hl2dhg x16tdsg8 x1vvkbs\"><a class=\"x1i10hfl xjbqb8w x1ejq31n x18oe1m7 x1sy0etr xstzfhl x972fbf x10w94by x1qhh985 x14e42zd x9f619 x1ypdohk xt0psk2 x3ct3a4 xdj266r x14z9mp xat24cr x1lziwak xexx8yu xyri2b x18d9i69 x1c1uobl x16tdsg8 x1hl2dhg xggy1nq x1a2a7pz xkrqix3 x1sur9pj x1fey0fg x1s688f\" tabindex=\"0\" role=\"link\" href=\"https:\/\/www.facebook.com\/groups\/697624103739734\/?__cft__[0]=AZb8ma7tyTAcnkoh3HHOPAOMIO9ktIkIOFIBLl7FS38j2ewEgPQAysQF2N1YcgZJvKbZU_5VQTh023sotEm37hGPnmdQL2rjf6JF6569zVsuV-ApoKq1JfrLa8aa8HttnwoyOkiXggrnR-aBkpsH5Sbwxs_ly6_L6boAPYDHMinC3cnnL6xzUdBw1jknM3vh1f-qO4CaTciz91yduxAGro73&amp;__tn__=-UK-R\"><span class=\"xt0psk2\"><span class=\"xjp7ctv\">Amis de Air France<\/span><\/span><\/a><\/span> <span class=\"html-span xdj266r x14z9mp xat24cr x1lziwak xexx8yu xyri2b x18d9i69 x1c1uobl x1hl2dhg x16tdsg8 x1vvkbs\"><a class=\"x1i10hfl xjbqb8w x1ejq31n x18oe1m7 x1sy0etr xstzfhl x972fbf x10w94by x1qhh985 x14e42zd x9f619 x1ypdohk xt0psk2 x3ct3a4 xdj266r x14z9mp xat24cr x1lziwak xexx8yu xyri2b x18d9i69 x1c1uobl x16tdsg8 x1hl2dhg xggy1nq x1a2a7pz xkrqix3 x1sur9pj x1fey0fg x1s688f\" tabindex=\"0\" role=\"link\" href=\"https:\/\/www.facebook.com\/hashtag\/aviation?__cft__[0]=AZb8ma7tyTAcnkoh3HHOPAOMIO9ktIkIOFIBLl7FS38j2ewEgPQAysQF2N1YcgZJvKbZU_5VQTh023sotEm37hGPnmdQL2rjf6JF6569zVsuV-ApoKq1JfrLa8aa8HttnwoyOkiXggrnR-aBkpsH5Sbwxs_ly6_L6boAPYDHMinC3cnnL6xzUdBw1jknM3vh1f-qO4CaTciz91yduxAGro73&amp;__tn__=*NK-R\">#aviation<\/a><\/span> <\/span><\/p>\n<figure id=\"attachment_2239\" aria-describedby=\"caption-attachment-2239\" style=\"width: 268px\" class=\"wp-caption alignnone\"><img loading=\"lazy\" decoding=\"async\" class=\" wp-image-2239\" src=\"https:\/\/www.laurensoff.com\/wordpress\/wp-content\/uploads\/2026\/08\/758778559_1643891317741431_719126658047802825_n.jpg\" alt=\"\" width=\"268\" height=\"339\" srcset=\"https:\/\/www.laurensoff.com\/wordpress\/wp-content\/uploads\/2026\/08\/758778559_1643891317741431_719126658047802825_n.jpg 1017w, https:\/\/www.laurensoff.com\/wordpress\/wp-content\/uploads\/2026\/08\/758778559_1643891317741431_719126658047802825_n-237x300.jpg 237w, https:\/\/www.laurensoff.com\/wordpress\/wp-content\/uploads\/2026\/08\/758778559_1643891317741431_719126658047802825_n-810x1024.jpg 810w, https:\/\/www.laurensoff.com\/wordpress\/wp-content\/uploads\/2026\/08\/758778559_1643891317741431_719126658047802825_n-768x971.jpg 768w, https:\/\/www.laurensoff.com\/wordpress\/wp-content\/uploads\/2026\/08\/758778559_1643891317741431_719126658047802825_n-600x759.jpg 600w\" sizes=\"auto, (max-width: 268px) 100vw, 268px\" \/><figcaption id=\"caption-attachment-2239\" class=\"wp-caption-text\">Screenshot<\/figcaption><\/figure>\n<figure id=\"attachment_2240\" aria-describedby=\"caption-attachment-2240\" style=\"width: 309px\" class=\"wp-caption alignnone\"><img loading=\"lazy\" decoding=\"async\" class=\" wp-image-2240\" src=\"https:\/\/www.laurensoff.com\/wordpress\/wp-content\/uploads\/2026\/08\/760620609_1035351222801407_4821784199206477797_n.jpg\" alt=\"\" width=\"309\" height=\"407\" srcset=\"https:\/\/www.laurensoff.com\/wordpress\/wp-content\/uploads\/2026\/08\/760620609_1035351222801407_4821784199206477797_n.jpg 448w, https:\/\/www.laurensoff.com\/wordpress\/wp-content\/uploads\/2026\/08\/760620609_1035351222801407_4821784199206477797_n-228x300.jpg 228w\" sizes=\"auto, (max-width: 309px) 100vw, 309px\" \/><figcaption id=\"caption-attachment-2240\" class=\"wp-caption-text\">Screenshot<\/figcaption><\/figure>\n","protected":false},"excerpt":{"rendered":"<p>Chapeau bas pour B\u00e9atrice Vialle qui s\u2019est pos\u00e9e pour la derni\u00e8re fois \u00e0 CDG aux&#8230;<\/p>\n","protected":false},"author":1,"featured_media":2238,"comment_status":"open","ping_status":"closed","sticky":false,"template":"","format":"standard","meta":{"_jetpack_newsletter_access":"","_jetpack_dont_email_post_to_subs":false,"_jetpack_newsletter_tier_id":0,"_jetpack_memberships_contains_paywalled_content":false,"_jetpack_feature_clip_id":0,"_jetpack_memberships_contains_paid_content":false,"footnotes":"","jetpack_publicize_message":"","jetpack_publicize_feature_enabled":true,"jetpack_social_post_already_shared":true,"jetpack_social_options":{"image_generator_settings":{"template":"highway","default_image_id":0,"font":"","enabled":false},"version":2},"jetpack_post_was_ever_published":false},"categories":[741],"tags":[1082,1081,1083,1084],"class_list":["post-2237","post","type-post","status-publish","format-standard","has-post-thumbnail","hentry","category-741","tag-air-france","tag-beatrice-vialle","tag-concorde","tag-retraite"],"jetpack_publicize_connections":[],"jetpack_sharing_enabled":true,"jetpack_featured_media_url":"https:\/\/www.laurensoff.com\/wordpress\/wp-content\/uploads\/2026\/08\/762688964_1643891307741432_8007860392966481485_n-e1785747302298.jpg","_links":{"self":[{"href":"https:\/\/www.laurensoff.com\/wordpress\/wp-json\/wp\/v2\/posts\/2237","targetHints":{"allow":["GET"]}}],"collection":[{"href":"https:\/\/www.laurensoff.com\/wordpress\/wp-json\/wp\/v2\/posts"}],"about":[{"href":"https:\/\/www.laurensoff.com\/wordpress\/wp-json\/wp\/v2\/types\/post"}],"author":[{"embeddable":true,"href":"https:\/\/www.laurensoff.com\/wordpress\/wp-json\/wp\/v2\/users\/1"}],"replies":[{"embeddable":true,"href":"https:\/\/www.laurensoff.com\/wordpress\/wp-json\/wp\/v2\/comments?post=2237"}],"version-history":[{"count":1,"href":"https:\/\/www.laurensoff.com\/wordpress\/wp-json\/wp\/v2\/posts\/2237\/revisions"}],"predecessor-version":[{"id":2241,"href":"https:\/\/www.laurensoff.com\/wordpress\/wp-json\/wp\/v2\/posts\/2237\/revisions\/2241"}],"wp:featuredmedia":[{"embeddable":true,"href":"https:\/\/www.laurensoff.com\/wordpress\/wp-json\/wp\/v2\/media\/2238"}],"wp:attachment":[{"href":"https:\/\/www.laurensoff.com\/wordpress\/wp-json\/wp\/v2\/media?parent=2237"}],"wp:term":[{"taxonomy":"category","embeddable":true,"href":"https:\/\/www.laurensoff.com\/wordpress\/wp-json\/wp\/v2\/categories?post=2237"},{"taxonomy":"post_tag","embeddable":true,"href":"https:\/\/www.laurensoff.com\/wordpress\/wp-json\/wp\/v2\/tags?post=2237"}],"curies":[{"name":"wp","href":"https:\/\/api.w.org\/{rel}","templated":true}]}}