{"id":2232,"date":"2026-08-03T08:41:17","date_gmt":"2026-08-03T07:41:17","guid":{"rendered":"https:\/\/www.laurensoff.com\/wordpress\/?p=2232"},"modified":"2026-08-03T08:43:02","modified_gmt":"2026-08-03T07:43:02","slug":"eclipse-solaire-tu-seras-ou-le-12-aout-2026-regarde-bien-au-dessus-de-toi","status":"publish","type":"post","link":"https:\/\/www.laurensoff.com\/wordpress\/eclipse-solaire-tu-seras-ou-le-12-aout-2026-regarde-bien-au-dessus-de-toi\/","title":{"rendered":"Eclipse solaire \/ Tu seras o\u00f9 le 12 Aout 2026 ? regarde bien au dessus de toi !"},"content":{"rendered":"<div class=\"container\">\n<div id=\"model-response-message-contentr_58503ac887962b10\" class=\"markdown markdown-main-panel enable-luminous-fast-follows enable-updated-hr-color md-content stronger\" dir=\"ltr\" aria-busy=\"false\" aria-live=\"off\">\n<p data-path-to-node=\"0\"><span class=\"citation-35\">Une <\/span><b data-path-to-node=\"0\" data-index-in-node=\"4\"><span class=\"citation-35\">\u00e9clipse solaire<\/span><\/b><span class=\"citation-35 citation-end-35\"> se produit lorsque la Lune passe exactement entre la Terre et le Soleil, occultant partiellement ou totalement le disque solaire depuis le point de vue d&rsquo;un observateur terrestre.<\/span><\/p>\n<div class=\"source-inline-chip-container luminous-sources hide-from-message-actions ng-star-inserted\">\n<div class=\"source-label-container gds-body-s ng-star-inserted\" dir=\"auto\"><span class=\"source-title\">Centre national d&rsquo;\u00e9tudes spatiales (CNES)<\/span><\/div>\n<\/div>\n<p data-path-to-node=\"1\">Ce ph\u00e9nom\u00e8ne n&rsquo;a lieu que lors de la <b data-path-to-node=\"1\" data-index-in-node=\"37\">nouvelle lune<\/b>, lorsque les trois corps c\u00e9lestes (Soleil, Lune, Terre) sont parfaitement align\u00e9s sur le m\u00eame plan.<button class=\"image-button ng-star-inserted\"><br \/>\n<\/button><\/p>\n<div class=\"attachment-container search-images\">\n<div class=\"image-container spark-licensed-center hide-from-message-actions ng-star-inserted\" data-full-size-image-uri=\"https:\/\/encrypted-tbn0.gstatic.com\/licensed-image?q=tbn:ANd9GcRvMVJf61reawgOzhlxrSNYUXXb_BolKly341eGu2fzHOiSxJgZco_eyZ3mziRDrqKMvnRMggDU05Sx6y0\">\n<div class=\"overlay-container hero-overlay-container ng-star-inserted\">\n<div class=\"hero-caption-row ng-star-inserted\">\n<div class=\"caption gds-extended-caption hero-caption ng-star-inserted\" aria-hidden=\"true\"><\/div>\n<\/div>\n<\/div>\n<\/div>\n<\/div>\n<p data-path-to-node=\"4\"><b data-path-to-node=\"4\" data-index-in-node=\"0\">Les 3 types d&rsquo;\u00e9clipses solaires<\/b><\/p>\n<ul data-path-to-node=\"5\">\n<li>\n<p data-path-to-node=\"5,0,0\"><b data-path-to-node=\"5,0,0\" data-index-in-node=\"0\"><span class=\"citation-34 citation-end-34\">Totale :<\/span><\/b> <span class=\"citation-33 citation-end-33\">La Lune masque int\u00e9gralement le Soleil.<\/span> <span class=\"citation-32 citation-end-32\">Seule la couronne solaire reste visible.<\/span> Le jour laisse temporairement place \u00e0 l&rsquo;obscurit\u00e9.<\/p>\n<div class=\"source-inline-chip-container luminous-sources hide-from-message-actions ng-star-inserted\">\n<div class=\"source-label-container gds-body-s ng-star-inserted\" dir=\"auto\"><span class=\"source-title\">Optique Unterlinden<\/span><span class=\"source-count ng-star-inserted\">+\u00a02<\/span><\/div>\n<\/div>\n<\/li>\n<li>\n<p data-path-to-node=\"5,1,0\"><b data-path-to-node=\"5,1,0\" data-index-in-node=\"0\"><span class=\"citation-31 citation-end-31\">Partielle :<\/span><\/b> <span class=\"citation-30 citation-end-30\">La Lune ne recouvre qu&rsquo;une partie du Soleil, formant un croissant lumineux.<\/span><\/p>\n<div class=\"source-inline-chip-container luminous-sources hide-from-message-actions ng-star-inserted\">\n<div class=\"source-label-container gds-body-s ng-star-inserted\" dir=\"auto\"><span class=\"source-title\">Wikip\u00e9dia<\/span><span class=\"source-count ng-star-inserted\">+\u00a01<\/span><\/div>\n<\/div>\n<\/li>\n<li>\n<p data-path-to-node=\"5,2,0\"><b data-path-to-node=\"5,2,0\" data-index-in-node=\"0\"><span class=\"citation-29 citation-end-29\">Annulaire :<\/span><\/b> La Lune est trop \u00e9loign\u00e9e de la Terre (pr\u00e8s de son apog\u00e9e) pour couvrir compl\u00e8tement le disque solaire. Un anneau de feu reste visible autour d&rsquo;elle.<\/p>\n<div class=\"source-inline-chip-container luminous-sources hide-from-message-actions ng-star-inserted\">\n<div class=\"source-label-container gds-body-s ng-star-inserted\" dir=\"auto\"><span class=\"source-title\">Wikip\u00e9dia<\/span><\/div>\n<\/div>\n<\/li>\n<\/ul>\n<p data-path-to-node=\"7\"><b data-path-to-node=\"7\" data-index-in-node=\"0\"><span class=\"citation-28 citation-end-28\">L&rsquo;\u00e9clipse du 12 ao\u00fbt 2026<\/span><\/b><\/p>\n<div class=\"source-inline-chip-container luminous-sources hide-from-message-actions ng-star-inserted\">\n<div class=\"source-label-container gds-body-s ng-star-inserted\" dir=\"auto\"><span class=\"source-title\">eclipse-solaire.fr<\/span><\/div>\n<\/div>\n<p data-path-to-node=\"8\"><span class=\"citation-27\">Le 12 ao\u00fbt 2026 correspond \u00e0 une <\/span><b data-path-to-node=\"8\" data-index-in-node=\"33\"><span class=\"citation-27\">\u00e9clipse solaire totale exceptionnelle<\/span><\/b><span class=\"citation-27 citation-end-27\">.<\/span><\/p>\n<div class=\"source-inline-chip-container luminous-sources hide-from-message-actions ng-star-inserted\">\n<div class=\"source-label-container gds-body-s ng-star-inserted\" dir=\"auto\"><span class=\"source-title\">Soci\u00e9t\u00e9 astronomique de France<\/span><\/div>\n<\/div>\n<div class=\"horizontal-scroll-wrapper\">\n<div class=\"table-block-component\">\n<div class=\"table-block has-export-button new-table-style is-at-scroll-start is-at-scroll-end\">\n<div class=\"table-content md-content\" data-hveid=\"0\" data-ved=\"0CAAQ3ecQahcKEwiMxu-R-oOWAxUAAAAAHQAAAAAQSw\">\n<table data-path-to-node=\"9\">\n<thead>\n<tr>\n<th><span data-path-to-node=\"9,0,0,0\">Zone d&rsquo;observation<\/span><\/th>\n<th><span data-path-to-node=\"9,0,1,0\">Type d&rsquo;\u00e9clipse<\/span><\/th>\n<th><span data-path-to-node=\"9,0,2,0\">D\u00e9tails &amp; Particularit\u00e9s<\/span><\/th>\n<\/tr>\n<\/thead>\n<tbody>\n<tr>\n<td><span data-path-to-node=\"9,1,0,0\"><b data-path-to-node=\"9,1,0,0\" data-index-in-node=\"0\">Bande de totalit\u00e9<\/b> (Espagne, Islande, Groenland)<\/span><\/td>\n<td><span data-path-to-node=\"9,1,1,0\"><b data-path-to-node=\"9,1,1,0\" data-index-in-node=\"0\">Totale<\/b><\/span><\/td>\n<td><span data-path-to-node=\"9,1,2,0\">Le Soleil sera 100 % masqu\u00e9 pendant pr\u00e8s de 1 min 30 s \u00e0 2 min. En Espagne, le spectacle se d\u00e9roulera en fin de journ\u00e9e juste avant le coucher du Soleil.<\/span><\/td>\n<\/tr>\n<tr>\n<td><span data-path-to-node=\"9,2,0,0\"><b data-path-to-node=\"9,2,0,0\" data-index-in-node=\"0\">France m\u00e9tropolitaine<\/b><\/span><\/td>\n<td><span data-path-to-node=\"9,2,1,0\"><b data-path-to-node=\"9,2,1,0\" data-index-in-node=\"0\">Partielle majeure<\/b><\/span><\/td>\n<td><span data-path-to-node=\"9,2,2,0\">Le Soleil sera masqu\u00e9 entre <b data-path-to-node=\"9,2,2,0\" data-index-in-node=\"28\">90 % et 99 %<\/b> selon les r\u00e9gions (jusqu&rsquo;\u00e0 ~96 % dans le Sud-Est et plus de 99 % au Pays basque).<\/span><\/td>\n<\/tr>\n<\/tbody>\n<\/table>\n<\/div>\n<div class=\"table-footer hide-on-print hide-from-message-actions\"><\/div>\n<\/div>\n<\/div>\n<div class=\"attachment-container search-images\">\n<div class=\"image-container spark-licensed-center hide-from-message-actions ng-star-inserted\" data-full-size-image-uri=\"https:\/\/encrypted-tbn0.gstatic.com\/licensed-image?q=tbn:ANd9GcQbOW68jV4uoxx5LBTtL2EvMwVBFDID5T5tvaMmesaRGVL6LSxzJixWOLltztvkiccHcLqKFJJGp7MEsfE\">\n<div class=\"overlay-container hero-overlay-container ng-star-inserted\">\n<div class=\"hero-caption-row ng-star-inserted\">\n<div class=\"caption gds-extended-caption hero-caption ng-star-inserted\" aria-hidden=\"true\"><\/div>\n<\/div>\n<\/div>\n<\/div>\n<\/div>\n<\/div>\n<blockquote data-path-to-node=\"13\">\n<p data-path-to-node=\"13,0\">\u26a0\ufe0f <b data-path-to-node=\"13,0\" data-index-in-node=\"3\">S\u00e9curit\u00e9 importante :<\/b> M\u00eame lorsque le Soleil est masqu\u00e9 \u00e0 98 %, il ne faut jamais le regarder directement sans des <b data-path-to-node=\"13,0\" data-index-in-node=\"118\">lunettes certifi\u00e9es ISO 12312-2<\/b> sp\u00e9ciales \u00e9clipse. Les lunettes de soleil classiques ou filtres maison ne prot\u00e8gent pas contre les br\u00fblures irr\u00e9m\u00e9diables de la r\u00e9tine.<\/p>\n<\/blockquote>\n<div class=\"attachment-container unknown\">\n<div class=\"follow-up-container hide-from-message-actions\">\n<div class=\"follow-up-text gds-headline-s\">Veux-tu conna\u00eetre les horaires exacts d&rsquo;observation pour ta ville ?<\/div>\n<div class=\"follow-up-button-container\"><button class=\"follow-up-button lm-enabled ng-star-inserted\"><span class=\"gds-body-m\">Oui<\/span><\/button><\/div>\n<\/div>\n<\/div>\n<\/div>\n<\/div>\n","protected":false},"excerpt":{"rendered":"<p>Une \u00e9clipse solaire se produit lorsque la Lune passe exactement entre la Terre et le&#8230;<\/p>\n","protected":false},"author":1,"featured_media":2233,"comment_status":"open","ping_status":"closed","sticky":false,"template":"","format":"standard","meta":{"_jetpack_newsletter_access":"","_jetpack_dont_email_post_to_subs":false,"_jetpack_newsletter_tier_id":0,"_jetpack_memberships_contains_paywalled_content":false,"_jetpack_feature_clip_id":0,"_jetpack_memberships_contains_paid_content":false,"footnotes":"","jetpack_publicize_message":"","jetpack_publicize_feature_enabled":true,"jetpack_social_post_already_shared":true,"jetpack_social_options":{"image_generator_settings":{"template":"highway","default_image_id":0,"font":"","enabled":false},"version":2},"jetpack_post_was_ever_published":false},"categories":[741,1077,897,1078],"tags":[],"class_list":["post-2232","post","type-post","status-publish","format-standard","has-post-thumbnail","hentry","category-741","category-astronomie-agenda","category-lune","category-soleil"],"jetpack_publicize_connections":[],"jetpack_sharing_enabled":true,"jetpack_featured_media_url":"https:\/\/www.laurensoff.com\/wordpress\/wp-content\/uploads\/2026\/08\/Capture-decran-2026-08-03-020211.png","_links":{"self":[{"href":"https:\/\/www.laurensoff.com\/wordpress\/wp-json\/wp\/v2\/posts\/2232","targetHints":{"allow":["GET"]}}],"collection":[{"href":"https:\/\/www.laurensoff.com\/wordpress\/wp-json\/wp\/v2\/posts"}],"about":[{"href":"https:\/\/www.laurensoff.com\/wordpress\/wp-json\/wp\/v2\/types\/post"}],"author":[{"embeddable":true,"href":"https:\/\/www.laurensoff.com\/wordpress\/wp-json\/wp\/v2\/users\/1"}],"replies":[{"embeddable":true,"href":"https:\/\/www.laurensoff.com\/wordpress\/wp-json\/wp\/v2\/comments?post=2232"}],"version-history":[{"count":3,"href":"https:\/\/www.laurensoff.com\/wordpress\/wp-json\/wp\/v2\/posts\/2232\/revisions"}],"predecessor-version":[{"id":2236,"href":"https:\/\/www.laurensoff.com\/wordpress\/wp-json\/wp\/v2\/posts\/2232\/revisions\/2236"}],"wp:featuredmedia":[{"embeddable":true,"href":"https:\/\/www.laurensoff.com\/wordpress\/wp-json\/wp\/v2\/media\/2233"}],"wp:attachment":[{"href":"https:\/\/www.laurensoff.com\/wordpress\/wp-json\/wp\/v2\/media?parent=2232"}],"wp:term":[{"taxonomy":"category","embeddable":true,"href":"https:\/\/www.laurensoff.com\/wordpress\/wp-json\/wp\/v2\/categories?post=2232"},{"taxonomy":"post_tag","embeddable":true,"href":"https:\/\/www.laurensoff.com\/wordpress\/wp-json\/wp\/v2\/tags?post=2232"}],"curies":[{"name":"wp","href":"https:\/\/api.w.org\/{rel}","templated":true}]}}